{"id":4514,"date":"2020-09-14T12:38:53","date_gmt":"2020-09-14T10:38:53","guid":{"rendered":"https:\/\/ugis.it\/cms\/?p=4514"},"modified":"2020-09-14T15:00:07","modified_gmt":"2020-09-14T13:00:07","slug":"premio-giuseppe-luconi-riconoscimento-a-emilio-vitalianodi-alessia-ferrini","status":"publish","type":"post","link":"https:\/\/ugis.it\/cms\/premio-giuseppe-luconi-riconoscimento-a-emilio-vitalianodi-alessia-ferrini\/","title":{"rendered":"Premio Giuseppe Luconi: Riconoscimento a Emilio Vitaliano"},"content":{"rendered":"<p>[et_pb_section fb_built=&#8221;1&#8243; admin_label=&#8221;section&#8221; _builder_version=&#8221;3.22&#8243;][et_pb_row admin_label=&#8221;row&#8221; _builder_version=&#8221;3.25&#8243; background_size=&#8221;initial&#8221; background_position=&#8221;top_left&#8221; background_repeat=&#8221;repeat&#8221;][et_pb_column type=&#8221;4_4&#8243; _builder_version=&#8221;3.25&#8243; custom_padding=&#8221;|||&#8221; custom_padding__hover=&#8221;|||&#8221;][et_pb_text admin_label=&#8221;Text&#8221; _builder_version=&#8221;4.4.7&#8243; background_size=&#8221;initial&#8221; background_position=&#8221;top_left&#8221; background_repeat=&#8221;repeat&#8221;]<\/p>\n<p style=\"text-align: justify;\"><a href=\"https:\/\/ugis.it\/cms\/wp-content\/uploads\/2020\/09\/IMG-20200905-WA0006.jpg\"><img loading=\"lazy\" decoding=\"async\" class=\"alignleft wp-image-4515\" src=\"https:\/\/ugis.it\/cms\/wp-content\/uploads\/2020\/09\/IMG-20200905-WA0006-225x300.jpg\" alt=\"\" width=\"350\" height=\"467\" \/><\/a>Sabato 5 settembre a Jesi \u00e8 stato celebrato l\u2019impegno nel mondo dell\u2019informazione scientifica di Emilio Vitaliano, uno dei pi\u00f9 brillanti, apprezzati e affermati giornalisti della sua generazione, come testimoniano i numerosi premi (circa una decina solo negli ultimi tre anni) inanellati in una carriera gi\u00e0 ricca di tante soddisfazioni. L\u2019occasione \u00e8 stata la prima edizione del Premio Giornalistico Giuseppe Luconi, un riconoscimento in nome del decano del giornalismo marchigiano scomparso nel 2014, che durante una lunga carriera (oltre 60 anni di attivit\u00e0) ha svolto un lavoro di qualit\u00e0 lontano dai riflettori. In suo onore sono state omaggiate alcune prestigiose firme del panorama nazionale e locale ed \u00e8 stata dedicata una sezione a chi si \u00e8 distinto proprio nel giornalismo scientifico. Un modo per rendere il giusto merito, com\u2019\u00e8 apparso evidente soprattutto in tempi recenti, ad un settore dell\u2019informazione di grande rilievo per una corretta conoscenza di argomenti vitali.<\/p>\n<p style=\"text-align: justify;\">\n<p style=\"text-align: justify;\">\n<p style=\"text-align: justify;\">Ad Emilio Vitaliano abbiamo rivolto alcune domande per capire meglio un ambito che merita pi\u00f9 spazio.<\/p>\n<p style=\"text-align: justify;\">\n<p style=\"text-align: justify;\">\n<p style=\"text-align: justify;\"><strong>Essere premiato non per un singolo articolo, ma nel complesso per un lavoro che si svolge con passione e dedizione da anni \u00e8 un privilegio riservato a pochi.<\/strong><\/p>\n<p style=\"text-align: justify;\">Il riconoscimento ottenuto in occasione del Premio Giornalistico Giuseppe Luconi, cui auguro un futuro luminoso, mi ha sia inorgoglito, sia offerto la possibilit\u00e0 d\u2019incontrare persone con cui condividere il valore di un\u2019informazione rigorosa che non lascia spazio al sensazionalismo. Quindi, anche se in queste circostanze sono scontati, rimangono irrinunciabili e doverosi i ringraziamenti agli organizzatori, che, fra diversi professionisti qualificati, hanno scelto me per rappresentare il giornalismo scientifico ed esprimere un\u2019opinione a riguardo.<\/p>\n<p style=\"text-align: justify;\"><strong>Da tempo purtroppo assistiamo ad un moltiplicarsi delle cosiddette \u201cfake news\u201d, tanto diffuse ed ostinate da rappresentare un serio problema.\u00a0<\/strong><\/p>\n<p style=\"text-align: justify;\">E\u2019 un fenomeno ormai evidente, amplificato a dismisura, a volte anche con malizia, da numerosi utenti dei social network. Per quanto riguarda il settore in cui mi sono specializzato, le fake news spesso trovano terreno fertile in quella fetta della popolazione priva dei mezzi di base con cui discernere la scienza dalla pseudoscienza. Un problema delicato, soprattutto in ambito medico, dove \u00e8 concreto il rischio di divulgare notizie infondate, farle diventare virali e creare false aspettative in chi \u00e8 pi\u00f9 vulnerabile perch\u00e9 malato. Per combattere le bufale \u00e8 necessario uno sforzo da parte di tutti. I destinatari dell\u2019informazione non possono fermarsi al titolo di un articolo, devono approfondire leggendo anche pi\u00f9 pezzi e scegliere bene di chi fidarsi senza cedere all\u2019emotivit\u00e0. Naturalmente i professionisti del settore hanno il dovere di aiutare i lettori nel caotico mondo dei mass media moderni, svolgendo il proprio lavoro con integrit\u00e0, attenzione, equilibrio, completezza.<\/p>\n<p style=\"text-align: justify;\"><strong>Un giornalista scientifico come deve comportarsi per essere sicuro di aver portato a termine la sua attivit\u00e0 con efficacia e seriet\u00e0?<\/strong><\/p>\n<p style=\"text-align: justify;\">Non ho nulla da insegnare a nessuno, ma posso elencare alcune \u201cregole\u201d che io provo a rispettare. Innanzitutto, bisogna verificare le fonti (essere certi che la notizia provenga da una fonte affidabile). In secondo luogo, \u00e8 necessario intervistare esperti autorevoli nel campo specifico (per esempio, per un articolo che tratta di una determinata patologia non ci si pu\u00f2 rivolgere genericamente ad un medico, ma ad uno specialista in quel settore). Inoltre, \u00e8 importante evitare di suscitare scalpore ad ogni costo (un rischio sempre dietro l\u2019angolo, soprattutto in un mondo che comunica innumerevoli notizie ad una velocit\u00e0 tendente all\u2019infinito), puntare sull\u2019onest\u00e0 e sul rigore (una corretta deontologia \u00e8 indispensabile per un lavoro ben fatto), fare affidamento su dati certi (la scienza non si basa sulle opinioni, ma sulle osservazioni e su ci\u00f2 che \u00e8 verificabile, come ci hanno insegnato molti grandi studiosi del passato) e spendersi per rendere il testo davvero comprensibile al pi\u00f9 ampio numero di persone possibile (puoi essere tacciato di scarsa chiarezza, ma nessuno ti rimproverer\u00e0 mai di essere stato troppo chiaro).<\/p>\n<p style=\"text-align: justify;\"><strong>Un decalogo che consente di ottenere una corretta informazione scientifica. Quest\u2019ultima, quale contributo pu\u00f2 dare alla societ\u00e0?<\/strong><\/p>\n<p style=\"text-align: justify;\">Concorre alla creazione di una solida educazione scientifica con cui valutare le notizie e, quindi, fare scelte corrette, soprattutto in ambiti come quello medico. E\u2019 importante rivolgersi ad una platea il pi\u00f9 possibile ampia, considerando come molti argomenti riguardino sostanzialmente tutti. Bisogna arrivare non solo a chi ha gi\u00e0 un interesse di base, ma anche a coloro che, indipendentemente dal livello culturale e dal grado di istruzione, spesso rinunciano ad una vera informazione scientifica perch\u00e9 pensano di non essere capaci di comprendere argomenti ritenuti troppo astrusi. Una sfida non certo semplice da affrontare e vincere, ma che pu\u00f2 ripagare con molte soddisfazioni se si guarda lontano. Una valida formazione, infatti, serve anche per una lungimirante prevenzione che la societ\u00e0 nel suo complesso pu\u00f2 supportare con scelte su pi\u00f9 livelli.<\/p>\n<p style=\"text-align: justify;\"><strong>Muoversi in anticipo sarebbe stato utile anche per combattere COVID-19?<\/strong><\/p>\n<p style=\"text-align: justify;\">Una pandemia capace di colpire pesantemente era attesa dagli esperti. Gi\u00e0 dal 2018, infatti, si era ipotizzata la comparsa di una \u201cdisease X\u201d, una malattia ancora sconosciuta che avrebbe potuto mettere in ginocchio il mondo intero, e alcuni studiosi hanno identificato proprio COVID-19 con questa patologia. Siamo davvero in\u00a0 presenza della \u201cdisease X\u201d? Non sta a me affermarlo, ma da un certo punto di vista ha poca importanza, poich\u00e9 un virus comunque si \u00e8 diffuso in tutto il pianeta cogliendoci impreparati. Forse se avessimo prestato maggiore attenzione alle due epidemie nate negli ultimi 20 anni proprio a causa dei coronavirus, avremmo avuto meno problemi ora. Anche per quanto riguarda i cambiamenti climatici si potrebbe fare un discorso simile. Da tempo ormai gli scienziati lanciano allarmi in proposito e molti giornalisti amplificano il loro messaggio, ma pochi hanno dimostrato un vero interesse in materia. Eppure gli eventi meteorologici sempre pi\u00f9 estremi che si verificano anche in Italia, dovrebbero far capire che il problema \u00e8 concreto, serio, attuale. Agire prima e non quando \u00e8 troppo tardi, o comunque quando si deve recuperare tanta strada per tornare indietro, pu\u00f2 fare la differenza.<\/p>\n<p style=\"text-align: justify;\"><strong>Insomma, lo sviluppo scientifico e la sua corretta comunicazione sono fondamentali nel mondo moderno. <\/strong><\/p>\n<p style=\"text-align: justify;\">Sicuramente. Negli ultimi mesi \u00e8 apparso evidente quanto la scienza possa influenzare la vita di tutti noi. Nel futuro il suo peso aumenter\u00e0 in numerosi settori e, quindi, \u00e8 auspicabile una maggiore attenzione in campi a volte trascurati perch\u00e9 considerati ostici. Soprattutto nel nostro Paese, senza nulla togliere agli studi umanistici, sarebbe importante un ulteriore sviluppo delle discipline che gli anglosassoni individuano con l\u2019acronimo STEM (Scienza, Tecnologia, Ingegneria &amp; Matematica), avvicinando gi\u00e0 i bambini a questo tipo di educazione. In fondo, \u00e8 noto come la ricerca scientifica e le innovazioni tecnologiche portino ricadute positive per le nazioni che si impegnano in questi ambiti. Chi non lo fa \u00e8 destinato a svolgere un ruolo di secondo piano a livello globale.<\/p>\n<p>[\/et_pb_text][\/et_pb_column][\/et_pb_row][\/et_pb_section]<\/p>\n","protected":false},"excerpt":{"rendered":"<h6>Il Premio Giornalistico Giuseppe Luconi ha deciso di celebrare il mondo del giornalismo scientifico attraverso Emilio Vitaliano, uno dei suoi pi\u00f9 stimati rappresentanti. A lui abbiamo rivolto alcune domande su una professione che fa parte dell\u2019industria culturale in tutto il mondo<\/p>\n","protected":false},"author":6,"featured_media":0,"comment_status":"closed","ping_status":"closed","sticky":false,"template":"","format":"image","meta":{"_et_pb_use_builder":"on","_et_pb_old_content":"<a href=\"https:\/\/ugis.it\/cms\/wp-content\/uploads\/2020\/09\/IMG-20200905-WA0006.jpg\"><img class=\"alignleft wp-image-4515\" src=\"https:\/\/ugis.it\/cms\/wp-content\/uploads\/2020\/09\/IMG-20200905-WA0006-225x300.jpg\" alt=\"\" width=\"350\" height=\"467\" \/><\/a>Sabato 5 settembre a Jesi \u00e8 stato celebrato l\u2019impegno nel mondo dell\u2019informazione scientifica di Emilio Vitaliano, uno dei pi\u00f9 brillanti, apprezzati e affermati giornalisti della sua generazione, come testimoniano i numerosi premi (circa una decina solo negli ultimi tre anni) inanellati in una carriera gi\u00e0 ricca di tante soddisfazioni. L\u2019occasione \u00e8 stata la prima edizione del Premio Giornalistico Giuseppe Luconi, un riconoscimento in nome del decano del giornalismo marchigiano scomparso nel 2014, che durante una lunga carriera (oltre 60 anni di attivit\u00e0) ha svolto un lavoro di qualit\u00e0 lontano dai riflettori. In suo onore sono state omaggiate alcune prestigiose firme del panorama nazionale e locale ed \u00e8 stata dedicata una sezione a chi si \u00e8 distinto proprio nel giornalismo scientifico. Un modo per rendere il giusto merito, com\u2019\u00e8 apparso evidente soprattutto in tempi recenti, ad un settore dell\u2019informazione di grande rilievo per una corretta conoscenza di argomenti vitali.\r\n\r\nAd Emilio Vitaliano abbiamo rivolto alcune domande per capire meglio un ambito che merita pi\u00f9 spazio.\r\n\r\n<strong>Essere premiato non per un singolo articolo, ma nel complesso per un lavoro che si svolge con passione e dedizione da anni \u00e8 un privilegio riservato a pochi.<\/strong>\r\n\r\nIl riconoscimento ottenuto in occasione del Premio Giornalistico Giuseppe Luconi, cui auguro un futuro luminoso, mi ha sia inorgoglito, sia offerto la possibilit\u00e0 d\u2019incontrare persone con cui condividere il valore di un\u2019informazione rigorosa che non lascia spazio al sensazionalismo. Quindi, anche se in queste circostanze sono scontati, rimangono irrinunciabili e doverosi i ringraziamenti agli organizzatori, che, fra diversi professionisti qualificati, hanno scelto me per rappresentare il giornalismo scientifico ed esprimere un\u2019opinione a riguardo.\r\n\r\n<strong>Da tempo purtroppo assistiamo ad un moltiplicarsi delle cosiddette \u201cfake news\u201d, tanto diffuse ed ostinate da rappresentare un serio problema.\u00a0<\/strong>\r\n\r\nE\u2019 un fenomeno ormai evidente, amplificato a dismisura, a volte anche con malizia, da numerosi utenti dei social network. Per quanto riguarda il settore in cui mi sono specializzato, le fake news spesso trovano terreno fertile in quella fetta della popolazione priva dei mezzi di base con cui discernere la scienza dalla pseudoscienza. Un problema delicato, soprattutto in ambito medico, dove \u00e8 concreto il rischio di divulgare notizie infondate, farle diventare virali e creare false aspettative in chi \u00e8 pi\u00f9 vulnerabile perch\u00e9 malato. Per combattere le bufale \u00e8 necessario uno sforzo da parte di tutti. I destinatari dell\u2019informazione non possono fermarsi al titolo di un articolo, devono approfondire leggendo anche pi\u00f9 pezzi e scegliere bene di chi fidarsi senza cedere all\u2019emotivit\u00e0. Naturalmente i professionisti del settore hanno il dovere di aiutare i lettori nel caotico mondo dei mass media moderni, svolgendo il proprio lavoro con integrit\u00e0, attenzione, equilibrio, completezza.\r\n\r\n<strong>Un giornalista scientifico come deve comportarsi per essere sicuro di aver portato a termine la sua attivit\u00e0 con efficacia e seriet\u00e0?<\/strong>\r\n\r\nNon ho nulla da insegnare a nessuno, ma posso elencare alcune \u201cregole\u201d che io provo a rispettare. Innanzitutto, bisogna verificare le fonti (essere certi che la notizia provenga da una fonte affidabile). In secondo luogo, \u00e8 necessario intervistare esperti autorevoli nel campo specifico (per esempio, per un articolo che tratta di una determinata patologia non ci si pu\u00f2 rivolgere genericamente ad un medico, ma ad uno specialista in quel settore). Inoltre, \u00e8 importante evitare di suscitare scalpore ad ogni costo (un rischio sempre dietro l\u2019angolo, soprattutto in un mondo che comunica innumerevoli notizie ad una velocit\u00e0 tendente all\u2019infinito), puntare sull\u2019onest\u00e0 e sul rigore (una corretta deontologia \u00e8 indispensabile per un lavoro ben fatto), fare affidamento su dati certi (la scienza non si basa sulle opinioni, ma sulle osservazioni e su ci\u00f2 che \u00e8 verificabile, come ci hanno insegnato molti grandi studiosi del passato) e spendersi per rendere il testo davvero comprensibile al pi\u00f9 ampio numero di persone possibile (puoi essere tacciato di scarsa chiarezza, ma nessuno ti rimproverer\u00e0 mai di essere stato troppo chiaro).\r\n\r\n<strong>Un decalogo che consente di ottenere una corretta informazione scientifica. Quest\u2019ultima, quale contributo pu\u00f2 dare alla societ\u00e0?<\/strong>\r\n\r\nConcorre alla creazione di una solida educazione scientifica con cui valutare le notizie e, quindi, fare scelte corrette, soprattutto in ambiti come quello medico. E\u2019 importante rivolgersi ad una platea il pi\u00f9 possibile ampia, considerando come molti argomenti riguardino sostanzialmente tutti. Bisogna arrivare non solo a chi ha gi\u00e0 un interesse di base, ma anche a coloro che, indipendentemente dal livello culturale e dal grado di istruzione, spesso rinunciano ad una vera informazione scientifica perch\u00e9 pensano di non essere capaci di comprendere argomenti ritenuti troppo astrusi. Una sfida non certo semplice da affrontare e vincere, ma che pu\u00f2 ripagare con molte soddisfazioni se si guarda lontano. Una valida formazione, infatti, serve anche per una lungimirante prevenzione che la societ\u00e0 nel suo complesso pu\u00f2 supportare con scelte su pi\u00f9 livelli.\r\n\r\n<strong>Muoversi in anticipo sarebbe stato utile anche per combattere COVID-19?<\/strong>\r\n\r\nUna pandemia capace di colpire pesantemente era attesa dagli esperti. Gi\u00e0 dal 2018, infatti, si era ipotizzata la comparsa di una \u201cdisease X\u201d, una malattia ancora sconosciuta che avrebbe potuto mettere in ginocchio il mondo intero, e alcuni studiosi hanno identificato proprio COVID-19 con questa patologia. Siamo davvero in\u00a0 presenza della \u201cdisease X\u201d? Non sta a me affermarlo, ma da un certo punto di vista ha poca importanza, poich\u00e9 un virus comunque si \u00e8 diffuso in tutto il pianeta cogliendoci impreparati. Forse se avessimo prestato maggiore attenzione alle due epidemie nate negli ultimi 20 anni proprio a causa dei coronavirus, avremmo avuto meno problemi ora. Anche per quanto riguarda i cambiamenti climatici si potrebbe fare un discorso simile. Da tempo ormai gli scienziati lanciano allarmi in proposito e molti giornalisti amplificano il loro messaggio, ma pochi hanno dimostrato un vero interesse in materia. Eppure gli eventi meteorologici sempre pi\u00f9 estremi che si verificano anche in Italia, dovrebbero far capire che il problema \u00e8 concreto, serio, attuale. Agire prima e non quando \u00e8 troppo tardi, o comunque quando si deve recuperare tanta strada per tornare indietro, pu\u00f2 fare la differenza.\r\n\r\n<strong>Insomma, lo sviluppo scientifico e la sua corretta comunicazione sono fondamentali nel mondo moderno. <\/strong>\r\n\r\nSicuramente. Negli ultimi mesi \u00e8 apparso evidente quanto la scienza possa influenzare la vita di tutti noi. Nel futuro il suo peso aumenter\u00e0 in numerosi settori e, quindi, \u00e8 auspicabile una maggiore attenzione in campi a volte trascurati perch\u00e9 considerati ostici. Soprattutto nel nostro Paese, senza nulla togliere agli studi umanistici, sarebbe importante un ulteriore sviluppo delle discipline che gli anglosassoni individuano con l\u2019acronimo STEM (Scienza, Tecnologia, Ingegneria & Matematica), avvicinando gi\u00e0 i bambini a questo tipo di educazione. In fondo, \u00e8 noto come la ricerca scientifica e le innovazioni tecnologiche portino ricadute positive per le nazioni che si impegnano in questi ambiti. Chi non lo fa \u00e8 destinato a svolgere un ruolo di secondo piano a livello globale.","_et_gb_content_width":"","footnotes":""},"categories":[1],"tags":[],"class_list":["post-4514","post","type-post","status-publish","format-image","hentry","category-news","post_format-post-format-image"],"yoast_head":"<!-- This site is optimized with the Yoast SEO plugin v27.4 - https:\/\/yoast.com\/product\/yoast-seo-wordpress\/ -->\n<title>Premio Giuseppe Luconi: Riconoscimento a Emilio Vitaliano - UGIS<\/title>\n<meta name=\"robots\" content=\"index, follow, max-snippet:-1, max-image-preview:large, max-video-preview:-1\" \/>\n<link rel=\"canonical\" href=\"https:\/\/ugis.it\/cms\/premio-giuseppe-luconi-riconoscimento-a-emilio-vitalianodi-alessia-ferrini\/\" \/>\n<meta property=\"og:locale\" content=\"it_IT\" \/>\n<meta property=\"og:type\" content=\"article\" \/>\n<meta property=\"og:title\" content=\"Premio Giuseppe Luconi: Riconoscimento a Emilio Vitaliano - UGIS\" \/>\n<meta property=\"og:description\" content=\"Il Premio Giornalistico Giuseppe Luconi ha deciso di celebrare il mondo del giornalismo scientifico attraverso Emilio Vitaliano, uno dei suoi pi\u00f9 stimati rappresentanti. A lui abbiamo rivolto alcune domande su una professione che fa parte dell\u2019industria culturale in tutto il mondo\" \/>\n<meta property=\"og:url\" content=\"https:\/\/ugis.it\/cms\/premio-giuseppe-luconi-riconoscimento-a-emilio-vitalianodi-alessia-ferrini\/\" \/>\n<meta property=\"og:site_name\" content=\"UGIS\" \/>\n<meta property=\"article:published_time\" content=\"2020-09-14T10:38:53+00:00\" \/>\n<meta property=\"article:modified_time\" content=\"2020-09-14T13:00:07+00:00\" \/>\n<meta property=\"og:image\" content=\"https:\/\/ugis.it\/cms\/wp-content\/uploads\/2020\/09\/IMG-20200905-WA0006-225x300.jpg\" \/>\n<meta name=\"author\" content=\"admin\" \/>\n<meta name=\"twitter:card\" content=\"summary_large_image\" \/>\n<meta name=\"twitter:label1\" content=\"Scritto da\" \/>\n\t<meta name=\"twitter:data1\" content=\"admin\" \/>\n\t<meta name=\"twitter:label2\" content=\"Tempo di lettura stimato\" \/>\n\t<meta name=\"twitter:data2\" content=\"6 minuti\" \/>\n<script type=\"application\/ld+json\" class=\"yoast-schema-graph\">{\"@context\":\"https:\\\/\\\/schema.org\",\"@graph\":[{\"@type\":\"Article\",\"@id\":\"https:\\\/\\\/ugis.it\\\/cms\\\/premio-giuseppe-luconi-riconoscimento-a-emilio-vitalianodi-alessia-ferrini\\\/#article\",\"isPartOf\":{\"@id\":\"https:\\\/\\\/ugis.it\\\/cms\\\/premio-giuseppe-luconi-riconoscimento-a-emilio-vitalianodi-alessia-ferrini\\\/\"},\"author\":{\"name\":\"admin\",\"@id\":\"https:\\\/\\\/ugis.it\\\/cms\\\/#\\\/schema\\\/person\\\/3426a286ac779ab16257bc88d3c3f3ae\"},\"headline\":\"Premio Giuseppe Luconi: Riconoscimento a Emilio Vitaliano\",\"datePublished\":\"2020-09-14T10:38:53+00:00\",\"dateModified\":\"2020-09-14T13:00:07+00:00\",\"mainEntityOfPage\":{\"@id\":\"https:\\\/\\\/ugis.it\\\/cms\\\/premio-giuseppe-luconi-riconoscimento-a-emilio-vitalianodi-alessia-ferrini\\\/\"},\"wordCount\":1173,\"publisher\":{\"@id\":\"https:\\\/\\\/ugis.it\\\/cms\\\/#organization\"},\"image\":{\"@id\":\"https:\\\/\\\/ugis.it\\\/cms\\\/premio-giuseppe-luconi-riconoscimento-a-emilio-vitalianodi-alessia-ferrini\\\/#primaryimage\"},\"thumbnailUrl\":\"https:\\\/\\\/ugis.it\\\/cms\\\/wp-content\\\/uploads\\\/2020\\\/09\\\/IMG-20200905-WA0006-225x300.jpg\",\"articleSection\":[\"News\"],\"inLanguage\":\"it-IT\"},{\"@type\":\"WebPage\",\"@id\":\"https:\\\/\\\/ugis.it\\\/cms\\\/premio-giuseppe-luconi-riconoscimento-a-emilio-vitalianodi-alessia-ferrini\\\/\",\"url\":\"https:\\\/\\\/ugis.it\\\/cms\\\/premio-giuseppe-luconi-riconoscimento-a-emilio-vitalianodi-alessia-ferrini\\\/\",\"name\":\"Premio Giuseppe Luconi: Riconoscimento a Emilio Vitaliano - UGIS\",\"isPartOf\":{\"@id\":\"https:\\\/\\\/ugis.it\\\/cms\\\/#website\"},\"primaryImageOfPage\":{\"@id\":\"https:\\\/\\\/ugis.it\\\/cms\\\/premio-giuseppe-luconi-riconoscimento-a-emilio-vitalianodi-alessia-ferrini\\\/#primaryimage\"},\"image\":{\"@id\":\"https:\\\/\\\/ugis.it\\\/cms\\\/premio-giuseppe-luconi-riconoscimento-a-emilio-vitalianodi-alessia-ferrini\\\/#primaryimage\"},\"thumbnailUrl\":\"https:\\\/\\\/ugis.it\\\/cms\\\/wp-content\\\/uploads\\\/2020\\\/09\\\/IMG-20200905-WA0006-225x300.jpg\",\"datePublished\":\"2020-09-14T10:38:53+00:00\",\"dateModified\":\"2020-09-14T13:00:07+00:00\",\"breadcrumb\":{\"@id\":\"https:\\\/\\\/ugis.it\\\/cms\\\/premio-giuseppe-luconi-riconoscimento-a-emilio-vitalianodi-alessia-ferrini\\\/#breadcrumb\"},\"inLanguage\":\"it-IT\",\"potentialAction\":[{\"@type\":\"ReadAction\",\"target\":[\"https:\\\/\\\/ugis.it\\\/cms\\\/premio-giuseppe-luconi-riconoscimento-a-emilio-vitalianodi-alessia-ferrini\\\/\"]}]},{\"@type\":\"ImageObject\",\"inLanguage\":\"it-IT\",\"@id\":\"https:\\\/\\\/ugis.it\\\/cms\\\/premio-giuseppe-luconi-riconoscimento-a-emilio-vitalianodi-alessia-ferrini\\\/#primaryimage\",\"url\":\"https:\\\/\\\/ugis.it\\\/cms\\\/wp-content\\\/uploads\\\/2020\\\/09\\\/IMG-20200905-WA0006.jpg\",\"contentUrl\":\"https:\\\/\\\/ugis.it\\\/cms\\\/wp-content\\\/uploads\\\/2020\\\/09\\\/IMG-20200905-WA0006.jpg\",\"width\":1200,\"height\":1600},{\"@type\":\"BreadcrumbList\",\"@id\":\"https:\\\/\\\/ugis.it\\\/cms\\\/premio-giuseppe-luconi-riconoscimento-a-emilio-vitalianodi-alessia-ferrini\\\/#breadcrumb\",\"itemListElement\":[{\"@type\":\"ListItem\",\"position\":1,\"name\":\"Home\",\"item\":\"https:\\\/\\\/ugis.it\\\/cms\\\/\"},{\"@type\":\"ListItem\",\"position\":2,\"name\":\"Premio Giuseppe Luconi: Riconoscimento a Emilio Vitaliano\"}]},{\"@type\":\"WebSite\",\"@id\":\"https:\\\/\\\/ugis.it\\\/cms\\\/#website\",\"url\":\"https:\\\/\\\/ugis.it\\\/cms\\\/\",\"name\":\"UGIS\",\"description\":\"Unione Giornalisti Italiani Scientifici\",\"publisher\":{\"@id\":\"https:\\\/\\\/ugis.it\\\/cms\\\/#organization\"},\"potentialAction\":[{\"@type\":\"SearchAction\",\"target\":{\"@type\":\"EntryPoint\",\"urlTemplate\":\"https:\\\/\\\/ugis.it\\\/cms\\\/?s={search_term_string}\"},\"query-input\":{\"@type\":\"PropertyValueSpecification\",\"valueRequired\":true,\"valueName\":\"search_term_string\"}}],\"inLanguage\":\"it-IT\"},{\"@type\":\"Organization\",\"@id\":\"https:\\\/\\\/ugis.it\\\/cms\\\/#organization\",\"name\":\"UGIS\",\"url\":\"https:\\\/\\\/ugis.it\\\/cms\\\/\",\"logo\":{\"@type\":\"ImageObject\",\"inLanguage\":\"it-IT\",\"@id\":\"https:\\\/\\\/ugis.it\\\/cms\\\/#\\\/schema\\\/logo\\\/image\\\/\",\"url\":\"https:\\\/\\\/ugis.it\\\/cms\\\/wp-content\\\/uploads\\\/2015\\\/04\\\/logo-UGIS_colori.jpg\",\"contentUrl\":\"https:\\\/\\\/ugis.it\\\/cms\\\/wp-content\\\/uploads\\\/2015\\\/04\\\/logo-UGIS_colori.jpg\",\"width\":198,\"height\":91,\"caption\":\"UGIS\"},\"image\":{\"@id\":\"https:\\\/\\\/ugis.it\\\/cms\\\/#\\\/schema\\\/logo\\\/image\\\/\"}},{\"@type\":\"Person\",\"@id\":\"https:\\\/\\\/ugis.it\\\/cms\\\/#\\\/schema\\\/person\\\/3426a286ac779ab16257bc88d3c3f3ae\",\"name\":\"admin\",\"image\":{\"@type\":\"ImageObject\",\"inLanguage\":\"it-IT\",\"@id\":\"https:\\\/\\\/secure.gravatar.com\\\/avatar\\\/d87740ae48acb65bc6e4a43afb77acf4603686788205398cd1ab799afefc609a?s=96&d=mm&r=g\",\"url\":\"https:\\\/\\\/secure.gravatar.com\\\/avatar\\\/d87740ae48acb65bc6e4a43afb77acf4603686788205398cd1ab799afefc609a?s=96&d=mm&r=g\",\"contentUrl\":\"https:\\\/\\\/secure.gravatar.com\\\/avatar\\\/d87740ae48acb65bc6e4a43afb77acf4603686788205398cd1ab799afefc609a?s=96&d=mm&r=g\",\"caption\":\"admin\"},\"url\":\"https:\\\/\\\/ugis.it\\\/cms\\\/author\\\/admin\\\/\"}]}<\/script>\n<!-- \/ Yoast SEO plugin. -->","yoast_head_json":{"title":"Premio Giuseppe Luconi: Riconoscimento a Emilio Vitaliano - UGIS","robots":{"index":"index","follow":"follow","max-snippet":"max-snippet:-1","max-image-preview":"max-image-preview:large","max-video-preview":"max-video-preview:-1"},"canonical":"https:\/\/ugis.it\/cms\/premio-giuseppe-luconi-riconoscimento-a-emilio-vitalianodi-alessia-ferrini\/","og_locale":"it_IT","og_type":"article","og_title":"Premio Giuseppe Luconi: Riconoscimento a Emilio Vitaliano - UGIS","og_description":"Il Premio Giornalistico Giuseppe Luconi ha deciso di celebrare il mondo del giornalismo scientifico attraverso Emilio Vitaliano, uno dei suoi pi\u00f9 stimati rappresentanti. A lui abbiamo rivolto alcune domande su una professione che fa parte dell\u2019industria culturale in tutto il mondo","og_url":"https:\/\/ugis.it\/cms\/premio-giuseppe-luconi-riconoscimento-a-emilio-vitalianodi-alessia-ferrini\/","og_site_name":"UGIS","article_published_time":"2020-09-14T10:38:53+00:00","article_modified_time":"2020-09-14T13:00:07+00:00","og_image":[{"url":"https:\/\/ugis.it\/cms\/wp-content\/uploads\/2020\/09\/IMG-20200905-WA0006-225x300.jpg","type":"","width":"","height":""}],"author":"admin","twitter_card":"summary_large_image","twitter_misc":{"Scritto da":"admin","Tempo di lettura stimato":"6 minuti"},"schema":{"@context":"https:\/\/schema.org","@graph":[{"@type":"Article","@id":"https:\/\/ugis.it\/cms\/premio-giuseppe-luconi-riconoscimento-a-emilio-vitalianodi-alessia-ferrini\/#article","isPartOf":{"@id":"https:\/\/ugis.it\/cms\/premio-giuseppe-luconi-riconoscimento-a-emilio-vitalianodi-alessia-ferrini\/"},"author":{"name":"admin","@id":"https:\/\/ugis.it\/cms\/#\/schema\/person\/3426a286ac779ab16257bc88d3c3f3ae"},"headline":"Premio Giuseppe Luconi: Riconoscimento a Emilio Vitaliano","datePublished":"2020-09-14T10:38:53+00:00","dateModified":"2020-09-14T13:00:07+00:00","mainEntityOfPage":{"@id":"https:\/\/ugis.it\/cms\/premio-giuseppe-luconi-riconoscimento-a-emilio-vitalianodi-alessia-ferrini\/"},"wordCount":1173,"publisher":{"@id":"https:\/\/ugis.it\/cms\/#organization"},"image":{"@id":"https:\/\/ugis.it\/cms\/premio-giuseppe-luconi-riconoscimento-a-emilio-vitalianodi-alessia-ferrini\/#primaryimage"},"thumbnailUrl":"https:\/\/ugis.it\/cms\/wp-content\/uploads\/2020\/09\/IMG-20200905-WA0006-225x300.jpg","articleSection":["News"],"inLanguage":"it-IT"},{"@type":"WebPage","@id":"https:\/\/ugis.it\/cms\/premio-giuseppe-luconi-riconoscimento-a-emilio-vitalianodi-alessia-ferrini\/","url":"https:\/\/ugis.it\/cms\/premio-giuseppe-luconi-riconoscimento-a-emilio-vitalianodi-alessia-ferrini\/","name":"Premio Giuseppe Luconi: Riconoscimento a Emilio Vitaliano - UGIS","isPartOf":{"@id":"https:\/\/ugis.it\/cms\/#website"},"primaryImageOfPage":{"@id":"https:\/\/ugis.it\/cms\/premio-giuseppe-luconi-riconoscimento-a-emilio-vitalianodi-alessia-ferrini\/#primaryimage"},"image":{"@id":"https:\/\/ugis.it\/cms\/premio-giuseppe-luconi-riconoscimento-a-emilio-vitalianodi-alessia-ferrini\/#primaryimage"},"thumbnailUrl":"https:\/\/ugis.it\/cms\/wp-content\/uploads\/2020\/09\/IMG-20200905-WA0006-225x300.jpg","datePublished":"2020-09-14T10:38:53+00:00","dateModified":"2020-09-14T13:00:07+00:00","breadcrumb":{"@id":"https:\/\/ugis.it\/cms\/premio-giuseppe-luconi-riconoscimento-a-emilio-vitalianodi-alessia-ferrini\/#breadcrumb"},"inLanguage":"it-IT","potentialAction":[{"@type":"ReadAction","target":["https:\/\/ugis.it\/cms\/premio-giuseppe-luconi-riconoscimento-a-emilio-vitalianodi-alessia-ferrini\/"]}]},{"@type":"ImageObject","inLanguage":"it-IT","@id":"https:\/\/ugis.it\/cms\/premio-giuseppe-luconi-riconoscimento-a-emilio-vitalianodi-alessia-ferrini\/#primaryimage","url":"https:\/\/ugis.it\/cms\/wp-content\/uploads\/2020\/09\/IMG-20200905-WA0006.jpg","contentUrl":"https:\/\/ugis.it\/cms\/wp-content\/uploads\/2020\/09\/IMG-20200905-WA0006.jpg","width":1200,"height":1600},{"@type":"BreadcrumbList","@id":"https:\/\/ugis.it\/cms\/premio-giuseppe-luconi-riconoscimento-a-emilio-vitalianodi-alessia-ferrini\/#breadcrumb","itemListElement":[{"@type":"ListItem","position":1,"name":"Home","item":"https:\/\/ugis.it\/cms\/"},{"@type":"ListItem","position":2,"name":"Premio Giuseppe Luconi: Riconoscimento a Emilio Vitaliano"}]},{"@type":"WebSite","@id":"https:\/\/ugis.it\/cms\/#website","url":"https:\/\/ugis.it\/cms\/","name":"UGIS","description":"Unione Giornalisti Italiani Scientifici","publisher":{"@id":"https:\/\/ugis.it\/cms\/#organization"},"potentialAction":[{"@type":"SearchAction","target":{"@type":"EntryPoint","urlTemplate":"https:\/\/ugis.it\/cms\/?s={search_term_string}"},"query-input":{"@type":"PropertyValueSpecification","valueRequired":true,"valueName":"search_term_string"}}],"inLanguage":"it-IT"},{"@type":"Organization","@id":"https:\/\/ugis.it\/cms\/#organization","name":"UGIS","url":"https:\/\/ugis.it\/cms\/","logo":{"@type":"ImageObject","inLanguage":"it-IT","@id":"https:\/\/ugis.it\/cms\/#\/schema\/logo\/image\/","url":"https:\/\/ugis.it\/cms\/wp-content\/uploads\/2015\/04\/logo-UGIS_colori.jpg","contentUrl":"https:\/\/ugis.it\/cms\/wp-content\/uploads\/2015\/04\/logo-UGIS_colori.jpg","width":198,"height":91,"caption":"UGIS"},"image":{"@id":"https:\/\/ugis.it\/cms\/#\/schema\/logo\/image\/"}},{"@type":"Person","@id":"https:\/\/ugis.it\/cms\/#\/schema\/person\/3426a286ac779ab16257bc88d3c3f3ae","name":"admin","image":{"@type":"ImageObject","inLanguage":"it-IT","@id":"https:\/\/secure.gravatar.com\/avatar\/d87740ae48acb65bc6e4a43afb77acf4603686788205398cd1ab799afefc609a?s=96&d=mm&r=g","url":"https:\/\/secure.gravatar.com\/avatar\/d87740ae48acb65bc6e4a43afb77acf4603686788205398cd1ab799afefc609a?s=96&d=mm&r=g","contentUrl":"https:\/\/secure.gravatar.com\/avatar\/d87740ae48acb65bc6e4a43afb77acf4603686788205398cd1ab799afefc609a?s=96&d=mm&r=g","caption":"admin"},"url":"https:\/\/ugis.it\/cms\/author\/admin\/"}]}},"_links":{"self":[{"href":"https:\/\/ugis.it\/cms\/wp-json\/wp\/v2\/posts\/4514","targetHints":{"allow":["GET"]}}],"collection":[{"href":"https:\/\/ugis.it\/cms\/wp-json\/wp\/v2\/posts"}],"about":[{"href":"https:\/\/ugis.it\/cms\/wp-json\/wp\/v2\/types\/post"}],"author":[{"embeddable":true,"href":"https:\/\/ugis.it\/cms\/wp-json\/wp\/v2\/users\/6"}],"replies":[{"embeddable":true,"href":"https:\/\/ugis.it\/cms\/wp-json\/wp\/v2\/comments?post=4514"}],"version-history":[{"count":0,"href":"https:\/\/ugis.it\/cms\/wp-json\/wp\/v2\/posts\/4514\/revisions"}],"wp:attachment":[{"href":"https:\/\/ugis.it\/cms\/wp-json\/wp\/v2\/media?parent=4514"}],"wp:term":[{"taxonomy":"category","embeddable":true,"href":"https:\/\/ugis.it\/cms\/wp-json\/wp\/v2\/categories?post=4514"},{"taxonomy":"post_tag","embeddable":true,"href":"https:\/\/ugis.it\/cms\/wp-json\/wp\/v2\/tags?post=4514"}],"curies":[{"name":"wp","href":"https:\/\/api.w.org\/{rel}","templated":true}]}}