{"id":4346,"date":"2020-03-02T15:57:28","date_gmt":"2020-03-02T14:57:28","guid":{"rendered":"https:\/\/ugis.it\/cms\/?p=4346"},"modified":"2020-11-18T12:19:56","modified_gmt":"2020-11-18T11:19:56","slug":"atti-del-seminario-disparita-e-disuguaglianze-muri-da-abbattere","status":"publish","type":"post","link":"https:\/\/ugis.it\/cms\/atti-del-seminario-disparita-e-disuguaglianze-muri-da-abbattere\/","title":{"rendered":"Atti del seminario:<br>Disparit\u00e0 e disuguaglianze: muri da abbattere"},"content":{"rendered":"\n[et_pb_section fb_built=&#8221;1&#8243; _builder_version=&#8221;4.0.9&#8243;][et_pb_row _builder_version=&#8221;4.0.9&#8243;][et_pb_column type=&#8221;4_4&#8243; _builder_version=&#8221;4.0.9&#8243;][et_pb_text _builder_version=&#8221;4.0.9&#8243;]<p>\u00a0Quali e quanti sono ancora i muri da abbattere per far s\u00ec che le genti di tutto il mondo riescano a vivere nel pieno dei propri diritti e delle proprie libert\u00e0, in una realt\u00e0 sostenibile, senza sofferenze, malattie, violenze, guerre e inquinamento ambientale? In quale misura le popolazioni che stanno bene possono garantire salute, benessere sociale e pace a quanti soffrono fame e guerre? E, nell\u2019Era della globalizzazione, quali sono le barriere ancora da eliminare per far s\u00ec che il diritto alla vita, possibilmente di qualit\u00e0, venga rispettato e non si debba pi\u00f9 assistere a bambini e donne violentati e uccisi? Ad anziani abbandonati a loro stessi alla fine di un percorso che la moderna medicina rende ancora pi\u00f9 lungo, ma dove alla fine c\u2019\u00e8, per chi ha la fortuna di averla, solo la famiglia. La tutela dell\u2019anziano fragile oggi \u00e8 un\u2019emergenza sociale a livello mondiale: per l\u2019innalzarsi dell\u2019et\u00e0 media della popolazione, per l\u2019aumento delle cronicit\u00e0 e relativo incremento della spesa sanitaria, per l\u2019allargarsi della povert\u00e0, per l\u2019equit\u00e0 tra le generazioni, per i carichi di cura della rete parentale.<\/p>\n<p>In questo capovolgimento storico e socio-culturale, prima ancora che demografico-epidemiologico ed economico, fare la differenza sta a tutti noi. Abbiamo bisogno di Istituzioni che siano efficaci ed inclusive in grado di offrire educazione di qualit\u00e0 ed assistenza sanitaria, eque politiche socio-economiche e protezione ambientale inclusive.<\/p>\n<p>Il giornalista ha l\u2019obbligo etico di conoscere la criticit\u00e0 della problematica, individuare e suggerire possibili soluzioni da condividere con l\u2019opinione pubblica.<\/p>\n<p>Scarica gli atti del seminario organizzato da UGIS e FAST con la collaborazione di\u00a0<span style=\"font-size: 14px;\">Comune di Brescia, Fondazione Brunelli Onlus, Universit\u00e0 degli Studi di Brescia, Fondazione della Comunit\u00e0 Bresciana Onlus, Ordine dei Medici e Odontoiatri della Provincia di Brescia, Ordine dei Farmacisti della Provincia di Brescia, Brescia Mobilit\u00e0:<\/span><\/p>\n<p><em style=\"font-size: 14px;\">&#8211; <a href=\"https:\/\/ugis.it\/cms\/wp-content\/uploads\/2020\/03\/Di-Stefano.pdf\">Ottavio Di Stefano<\/a><\/em><\/p>\n<p><em style=\"font-size: 14px;\">&#8211; <a href=\"https:\/\/ugis.it\/cms\/wp-content\/uploads\/2020\/03\/Rastrelli.pdf\">Francesco Rastrelli<\/a><\/em><\/p>\n<p><em style=\"font-size: 14px;\">&#8211;\u00a0<a href=\"https:\/\/ugis.it\/cms\/wp-content\/uploads\/2020\/03\/Rossello.pdf\"><em>Cristina Rossello<\/em><\/a><\/em><\/p>\n<p><span style=\"font-size: 14px;\"><\/span><\/p>\n<p>&nbsp;<\/p>[\/et_pb_text][\/et_pb_column][\/et_pb_row][\/et_pb_section]\n","protected":false},"excerpt":{"rendered":"<h6>Brescia, Palazzo Loggia, 17 febbraio 2020<\/p>\n","protected":false},"author":6,"featured_media":0,"comment_status":"closed","ping_status":"closed","sticky":false,"template":"","format":"image","meta":{"_et_pb_use_builder":"on","_et_pb_old_content":"","_et_gb_content_width":"","footnotes":""},"categories":[13,1],"tags":[37],"class_list":["post-4346","post","type-post","status-publish","format-image","hentry","category-associazione","category-news","tag-documenti","post_format-post-format-image"],"yoast_head":"<!-- This site is optimized with the Yoast SEO plugin v27.4 - https:\/\/yoast.com\/product\/yoast-seo-wordpress\/ -->\n<title>Atti del seminario:Disparit\u00e0 e disuguaglianze: muri da abbattere - UGIS<\/title>\n<meta name=\"robots\" content=\"index, follow, max-snippet:-1, max-image-preview:large, max-video-preview:-1\" \/>\n<link rel=\"canonical\" href=\"https:\/\/ugis.it\/cms\/atti-del-seminario-disparita-e-disuguaglianze-muri-da-abbattere\/\" \/>\n<meta property=\"og:locale\" content=\"it_IT\" \/>\n<meta property=\"og:type\" content=\"article\" \/>\n<meta property=\"og:title\" content=\"Atti del seminario:Disparit\u00e0 e disuguaglianze: muri da abbattere - UGIS\" \/>\n<meta property=\"og:description\" content=\"Brescia, Palazzo Loggia, 17 febbraio 2020\" \/>\n<meta property=\"og:url\" content=\"https:\/\/ugis.it\/cms\/atti-del-seminario-disparita-e-disuguaglianze-muri-da-abbattere\/\" \/>\n<meta property=\"og:site_name\" content=\"UGIS\" \/>\n<meta property=\"article:published_time\" content=\"2020-03-02T14:57:28+00:00\" \/>\n<meta property=\"article:modified_time\" content=\"2020-11-18T11:19:56+00:00\" \/>\n<meta name=\"author\" content=\"admin\" \/>\n<meta name=\"twitter:card\" content=\"summary_large_image\" \/>\n<meta name=\"twitter:label1\" content=\"Scritto da\" \/>\n\t<meta name=\"twitter:data1\" content=\"admin\" \/>\n\t<meta name=\"twitter:label2\" content=\"Tempo di lettura stimato\" \/>\n\t<meta name=\"twitter:data2\" content=\"2 minuti\" \/>\n<script type=\"application\/ld+json\" class=\"yoast-schema-graph\">{\"@context\":\"https:\\\/\\\/schema.org\",\"@graph\":[{\"@type\":\"Article\",\"@id\":\"https:\\\/\\\/ugis.it\\\/cms\\\/atti-del-seminario-disparita-e-disuguaglianze-muri-da-abbattere\\\/#article\",\"isPartOf\":{\"@id\":\"https:\\\/\\\/ugis.it\\\/cms\\\/atti-del-seminario-disparita-e-disuguaglianze-muri-da-abbattere\\\/\"},\"author\":{\"name\":\"admin\",\"@id\":\"https:\\\/\\\/ugis.it\\\/cms\\\/#\\\/schema\\\/person\\\/3426a286ac779ab16257bc88d3c3f3ae\"},\"headline\":\"Atti del seminario: Disparit\u00e0 e disuguaglianze: muri da abbattere\",\"datePublished\":\"2020-03-02T14:57:28+00:00\",\"dateModified\":\"2020-11-18T11:19:56+00:00\",\"mainEntityOfPage\":{\"@id\":\"https:\\\/\\\/ugis.it\\\/cms\\\/atti-del-seminario-disparita-e-disuguaglianze-muri-da-abbattere\\\/\"},\"wordCount\":357,\"publisher\":{\"@id\":\"https:\\\/\\\/ugis.it\\\/cms\\\/#organization\"},\"keywords\":[\"Documenti\"],\"articleSection\":[\"Associazione\",\"News\"],\"inLanguage\":\"it-IT\"},{\"@type\":\"WebPage\",\"@id\":\"https:\\\/\\\/ugis.it\\\/cms\\\/atti-del-seminario-disparita-e-disuguaglianze-muri-da-abbattere\\\/\",\"url\":\"https:\\\/\\\/ugis.it\\\/cms\\\/atti-del-seminario-disparita-e-disuguaglianze-muri-da-abbattere\\\/\",\"name\":\"Atti del seminario: Disparit\u00e0 e disuguaglianze: muri da abbattere - UGIS\",\"isPartOf\":{\"@id\":\"https:\\\/\\\/ugis.it\\\/cms\\\/#website\"},\"datePublished\":\"2020-03-02T14:57:28+00:00\",\"dateModified\":\"2020-11-18T11:19:56+00:00\",\"breadcrumb\":{\"@id\":\"https:\\\/\\\/ugis.it\\\/cms\\\/atti-del-seminario-disparita-e-disuguaglianze-muri-da-abbattere\\\/#breadcrumb\"},\"inLanguage\":\"it-IT\",\"potentialAction\":[{\"@type\":\"ReadAction\",\"target\":[\"https:\\\/\\\/ugis.it\\\/cms\\\/atti-del-seminario-disparita-e-disuguaglianze-muri-da-abbattere\\\/\"]}]},{\"@type\":\"BreadcrumbList\",\"@id\":\"https:\\\/\\\/ugis.it\\\/cms\\\/atti-del-seminario-disparita-e-disuguaglianze-muri-da-abbattere\\\/#breadcrumb\",\"itemListElement\":[{\"@type\":\"ListItem\",\"position\":1,\"name\":\"Home\",\"item\":\"https:\\\/\\\/ugis.it\\\/cms\\\/\"},{\"@type\":\"ListItem\",\"position\":2,\"name\":\"Atti del seminario:Disparit\u00e0 e disuguaglianze: muri da abbattere\"}]},{\"@type\":\"WebSite\",\"@id\":\"https:\\\/\\\/ugis.it\\\/cms\\\/#website\",\"url\":\"https:\\\/\\\/ugis.it\\\/cms\\\/\",\"name\":\"UGIS\",\"description\":\"Unione Giornalisti Italiani Scientifici\",\"publisher\":{\"@id\":\"https:\\\/\\\/ugis.it\\\/cms\\\/#organization\"},\"potentialAction\":[{\"@type\":\"SearchAction\",\"target\":{\"@type\":\"EntryPoint\",\"urlTemplate\":\"https:\\\/\\\/ugis.it\\\/cms\\\/?s={search_term_string}\"},\"query-input\":{\"@type\":\"PropertyValueSpecification\",\"valueRequired\":true,\"valueName\":\"search_term_string\"}}],\"inLanguage\":\"it-IT\"},{\"@type\":\"Organization\",\"@id\":\"https:\\\/\\\/ugis.it\\\/cms\\\/#organization\",\"name\":\"UGIS\",\"url\":\"https:\\\/\\\/ugis.it\\\/cms\\\/\",\"logo\":{\"@type\":\"ImageObject\",\"inLanguage\":\"it-IT\",\"@id\":\"https:\\\/\\\/ugis.it\\\/cms\\\/#\\\/schema\\\/logo\\\/image\\\/\",\"url\":\"https:\\\/\\\/ugis.it\\\/cms\\\/wp-content\\\/uploads\\\/2015\\\/04\\\/logo-UGIS_colori.jpg\",\"contentUrl\":\"https:\\\/\\\/ugis.it\\\/cms\\\/wp-content\\\/uploads\\\/2015\\\/04\\\/logo-UGIS_colori.jpg\",\"width\":198,\"height\":91,\"caption\":\"UGIS\"},\"image\":{\"@id\":\"https:\\\/\\\/ugis.it\\\/cms\\\/#\\\/schema\\\/logo\\\/image\\\/\"}},{\"@type\":\"Person\",\"@id\":\"https:\\\/\\\/ugis.it\\\/cms\\\/#\\\/schema\\\/person\\\/3426a286ac779ab16257bc88d3c3f3ae\",\"name\":\"admin\",\"image\":{\"@type\":\"ImageObject\",\"inLanguage\":\"it-IT\",\"@id\":\"https:\\\/\\\/secure.gravatar.com\\\/avatar\\\/d87740ae48acb65bc6e4a43afb77acf4603686788205398cd1ab799afefc609a?s=96&d=mm&r=g\",\"url\":\"https:\\\/\\\/secure.gravatar.com\\\/avatar\\\/d87740ae48acb65bc6e4a43afb77acf4603686788205398cd1ab799afefc609a?s=96&d=mm&r=g\",\"contentUrl\":\"https:\\\/\\\/secure.gravatar.com\\\/avatar\\\/d87740ae48acb65bc6e4a43afb77acf4603686788205398cd1ab799afefc609a?s=96&d=mm&r=g\",\"caption\":\"admin\"},\"url\":\"https:\\\/\\\/ugis.it\\\/cms\\\/author\\\/admin\\\/\"}]}<\/script>\n<!-- \/ Yoast SEO plugin. -->","yoast_head_json":{"title":"Atti del seminario:Disparit\u00e0 e disuguaglianze: muri da abbattere - UGIS","robots":{"index":"index","follow":"follow","max-snippet":"max-snippet:-1","max-image-preview":"max-image-preview:large","max-video-preview":"max-video-preview:-1"},"canonical":"https:\/\/ugis.it\/cms\/atti-del-seminario-disparita-e-disuguaglianze-muri-da-abbattere\/","og_locale":"it_IT","og_type":"article","og_title":"Atti del seminario:Disparit\u00e0 e disuguaglianze: muri da abbattere - UGIS","og_description":"Brescia, Palazzo Loggia, 17 febbraio 2020","og_url":"https:\/\/ugis.it\/cms\/atti-del-seminario-disparita-e-disuguaglianze-muri-da-abbattere\/","og_site_name":"UGIS","article_published_time":"2020-03-02T14:57:28+00:00","article_modified_time":"2020-11-18T11:19:56+00:00","author":"admin","twitter_card":"summary_large_image","twitter_misc":{"Scritto da":"admin","Tempo di lettura stimato":"2 minuti"},"schema":{"@context":"https:\/\/schema.org","@graph":[{"@type":"Article","@id":"https:\/\/ugis.it\/cms\/atti-del-seminario-disparita-e-disuguaglianze-muri-da-abbattere\/#article","isPartOf":{"@id":"https:\/\/ugis.it\/cms\/atti-del-seminario-disparita-e-disuguaglianze-muri-da-abbattere\/"},"author":{"name":"admin","@id":"https:\/\/ugis.it\/cms\/#\/schema\/person\/3426a286ac779ab16257bc88d3c3f3ae"},"headline":"Atti del seminario: Disparit\u00e0 e disuguaglianze: muri da abbattere","datePublished":"2020-03-02T14:57:28+00:00","dateModified":"2020-11-18T11:19:56+00:00","mainEntityOfPage":{"@id":"https:\/\/ugis.it\/cms\/atti-del-seminario-disparita-e-disuguaglianze-muri-da-abbattere\/"},"wordCount":357,"publisher":{"@id":"https:\/\/ugis.it\/cms\/#organization"},"keywords":["Documenti"],"articleSection":["Associazione","News"],"inLanguage":"it-IT"},{"@type":"WebPage","@id":"https:\/\/ugis.it\/cms\/atti-del-seminario-disparita-e-disuguaglianze-muri-da-abbattere\/","url":"https:\/\/ugis.it\/cms\/atti-del-seminario-disparita-e-disuguaglianze-muri-da-abbattere\/","name":"Atti del seminario: Disparit\u00e0 e disuguaglianze: muri da abbattere - UGIS","isPartOf":{"@id":"https:\/\/ugis.it\/cms\/#website"},"datePublished":"2020-03-02T14:57:28+00:00","dateModified":"2020-11-18T11:19:56+00:00","breadcrumb":{"@id":"https:\/\/ugis.it\/cms\/atti-del-seminario-disparita-e-disuguaglianze-muri-da-abbattere\/#breadcrumb"},"inLanguage":"it-IT","potentialAction":[{"@type":"ReadAction","target":["https:\/\/ugis.it\/cms\/atti-del-seminario-disparita-e-disuguaglianze-muri-da-abbattere\/"]}]},{"@type":"BreadcrumbList","@id":"https:\/\/ugis.it\/cms\/atti-del-seminario-disparita-e-disuguaglianze-muri-da-abbattere\/#breadcrumb","itemListElement":[{"@type":"ListItem","position":1,"name":"Home","item":"https:\/\/ugis.it\/cms\/"},{"@type":"ListItem","position":2,"name":"Atti del seminario:Disparit\u00e0 e disuguaglianze: muri da abbattere"}]},{"@type":"WebSite","@id":"https:\/\/ugis.it\/cms\/#website","url":"https:\/\/ugis.it\/cms\/","name":"UGIS","description":"Unione Giornalisti Italiani Scientifici","publisher":{"@id":"https:\/\/ugis.it\/cms\/#organization"},"potentialAction":[{"@type":"SearchAction","target":{"@type":"EntryPoint","urlTemplate":"https:\/\/ugis.it\/cms\/?s={search_term_string}"},"query-input":{"@type":"PropertyValueSpecification","valueRequired":true,"valueName":"search_term_string"}}],"inLanguage":"it-IT"},{"@type":"Organization","@id":"https:\/\/ugis.it\/cms\/#organization","name":"UGIS","url":"https:\/\/ugis.it\/cms\/","logo":{"@type":"ImageObject","inLanguage":"it-IT","@id":"https:\/\/ugis.it\/cms\/#\/schema\/logo\/image\/","url":"https:\/\/ugis.it\/cms\/wp-content\/uploads\/2015\/04\/logo-UGIS_colori.jpg","contentUrl":"https:\/\/ugis.it\/cms\/wp-content\/uploads\/2015\/04\/logo-UGIS_colori.jpg","width":198,"height":91,"caption":"UGIS"},"image":{"@id":"https:\/\/ugis.it\/cms\/#\/schema\/logo\/image\/"}},{"@type":"Person","@id":"https:\/\/ugis.it\/cms\/#\/schema\/person\/3426a286ac779ab16257bc88d3c3f3ae","name":"admin","image":{"@type":"ImageObject","inLanguage":"it-IT","@id":"https:\/\/secure.gravatar.com\/avatar\/d87740ae48acb65bc6e4a43afb77acf4603686788205398cd1ab799afefc609a?s=96&d=mm&r=g","url":"https:\/\/secure.gravatar.com\/avatar\/d87740ae48acb65bc6e4a43afb77acf4603686788205398cd1ab799afefc609a?s=96&d=mm&r=g","contentUrl":"https:\/\/secure.gravatar.com\/avatar\/d87740ae48acb65bc6e4a43afb77acf4603686788205398cd1ab799afefc609a?s=96&d=mm&r=g","caption":"admin"},"url":"https:\/\/ugis.it\/cms\/author\/admin\/"}]}},"_links":{"self":[{"href":"https:\/\/ugis.it\/cms\/wp-json\/wp\/v2\/posts\/4346","targetHints":{"allow":["GET"]}}],"collection":[{"href":"https:\/\/ugis.it\/cms\/wp-json\/wp\/v2\/posts"}],"about":[{"href":"https:\/\/ugis.it\/cms\/wp-json\/wp\/v2\/types\/post"}],"author":[{"embeddable":true,"href":"https:\/\/ugis.it\/cms\/wp-json\/wp\/v2\/users\/6"}],"replies":[{"embeddable":true,"href":"https:\/\/ugis.it\/cms\/wp-json\/wp\/v2\/comments?post=4346"}],"version-history":[{"count":0,"href":"https:\/\/ugis.it\/cms\/wp-json\/wp\/v2\/posts\/4346\/revisions"}],"wp:attachment":[{"href":"https:\/\/ugis.it\/cms\/wp-json\/wp\/v2\/media?parent=4346"}],"wp:term":[{"taxonomy":"category","embeddable":true,"href":"https:\/\/ugis.it\/cms\/wp-json\/wp\/v2\/categories?post=4346"},{"taxonomy":"post_tag","embeddable":true,"href":"https:\/\/ugis.it\/cms\/wp-json\/wp\/v2\/tags?post=4346"}],"curies":[{"name":"wp","href":"https:\/\/api.w.org\/{rel}","templated":true}]}}