{"id":4050,"date":"2019-10-08T13:04:25","date_gmt":"2019-10-08T11:04:25","guid":{"rendered":"https:\/\/ugis.it\/cms\/?p=4050"},"modified":"2019-10-08T13:04:52","modified_gmt":"2019-10-08T11:04:52","slug":"ugis-promuove-17-premi-e-borse-di-studio-paola-de-paoli-camillo-marchetti-per-giornalisti-e-divulgatori-della-scienza-e-delle-sue-applicazioni","status":"publish","type":"post","link":"https:\/\/ugis.it\/cms\/ugis-promuove-17-premi-e-borse-di-studio-paola-de-paoli-camillo-marchetti-per-giornalisti-e-divulgatori-della-scienza-e-delle-sue-applicazioni\/","title":{"rendered":"UGIS promuove 17 premi e borse di studio \u201cPaola de Paoli \u2013 Camillo Marchetti\u201d per giornalisti e divulgatori della scienza e delle sue applicazioni"},"content":{"rendered":"<p>[et_pb_section bb_built=&#8221;1&#8243;][et_pb_row][et_pb_column type=&#8221;4_4&#8243;][et_pb_text _builder_version=&#8221;3.0.92&#8243; background_layout=&#8221;light&#8221; text_orientation=&#8221;justified&#8221;]<\/p>\n<p>Grazie alla donazione del socio Camillo Marchetti in memoria della moglie Paola de Paoli, UGIS ha pubblicato il bando per 17 borse di studio e premi per giornalisti e comunicatori scientifici. Ciascuna erogazione ha il valore di \u20ac 9mila. Due vengono gi\u00e0 assegnate quest\u2019anno, tre nel 2020 e quattro per ciascun anno dal 2021 al 2023.<\/p>\n<p><strong>In particolare il bando si rivolge a:<\/strong><\/p>\n<p>&#8211; giornalisti che abbiano frequentato o stiano seguendo corsi delle scuole di formazione riconosciute dall\u2019Ordine nazionale dei giornalisti, interessati a scienza e tecnologia, che abbiano meno di 40 anni al 30 settembre dell\u2019anno di assegnazione del riconoscimento; pu\u00f2 anche riguardare professionisti con analoghe sensibilit\u00e0<\/p>\n<p>&#8211; laureati possibilmente con specializzazione post-universitaria, impegnati o che sono stati attivi nella divulgazione di tematiche scientifiche e tecniche, con una significativa e documentata esperienza verso il pubblico tramite scritti, partecipazione a eventi, modalit\u00e0 varie, che abbiano meno di 45 anni di et\u00e0 al 30 settembre dell\u2019anno di assegnazione del riconoscimento.<\/p>\n<p>Le candidature vanno presentate compilando l\u2019<a href=\"https:\/\/ugis.it\/cms\/wp-content\/uploads\/2019\/10\/scheda-bando-UGIS.doc\"><strong>apposita scheda<\/strong><\/a>, da inviare sia in formato cartaceo che elettronico a: <em>Segreteria tecnica UGIS \u2013 Bando Premi e Borse di studio \u201cPaola de Paoli &#8211; Camillo Marchetti\u201d, piazzale R. Morandi 2, 20121 Milano, <a href=\"mailto:ugis@ugis.it\">ugis@ugis.it<\/a>,<\/em> unitamente al proprio curriculum vitae, pubblicazioni (10 scritti o articoli pi\u00f9 significativi), eventuale tesi a conclusione del percorso formativo, prodotti online o altro, sintesi dell\u2019attivit\u00e0 di divulgazione.<\/p>\n<p><strong>La valutazione delle candidature<\/strong> \u00e8 affidata ad una Giuria presieduta da Giuseppe Remuzzi, direttore dell\u2019Istituto Mario Negri, con la collaborazione di quattro giornalisti scelti dal Consiglio direttivo UGIS per la competenza e la sensibilit\u00e0 a promuovere opportunit\u00e0 per i giovani. Il supporto operativo \u00e8 assicurato dalla Segreteria tecnica dell\u2019UGIS presso la FAST. Il giudizio della Giuria \u00e8 insindacabile.<\/p>\n<p><strong>Le candidature per i Premi e le Borse del 2019 vanno presentate entro venerd\u00ec 18 ottobre ore 12:00.<\/strong> La decisione della Giuria viene pubblicata entro marted\u00ec 12 novembre. L\u2019assegnazione dei riconoscimenti, prevista per fine novembre e\/o inizio dicembre, si tiene a Piacenza in occasione dell\u2019Assemblea annuale UGIS.<\/p>\n<p><a href=\"https:\/\/ugis.it\/cms\/wp-content\/uploads\/2019\/10\/scheda-bando-UGIS.doc\">Scarica qui la scheda di candidatura<\/a><\/p>\n<p>[\/et_pb_text][\/et_pb_column][\/et_pb_row][\/et_pb_section]<\/p>\n","protected":false},"excerpt":{"rendered":"<h6>Grazie alla donazione del socio Camillo Marchetti in memoria della moglie Paola de Paoli, UGIS ha pubblicato il bando per 17 borse di studio e premi per giornalisti e comunicatori scientifici. Ciascuna erogazione ha il valore di \u20ac 9mila. Due vengono gi\u00e0 assegnate quest\u2019anno, tre nel 2020 e quattro per ciascun anno dal 2021 al 2023.<\/p>\n","protected":false},"author":6,"featured_media":0,"comment_status":"closed","ping_status":"closed","sticky":false,"template":"","format":"image","meta":{"_et_pb_use_builder":"on","_et_pb_old_content":"","_et_gb_content_width":"","footnotes":""},"categories":[13,1],"tags":[],"class_list":["post-4050","post","type-post","status-publish","format-image","hentry","category-associazione","category-news","post_format-post-format-image"],"yoast_head":"<!-- This site is optimized with the Yoast SEO plugin v27.4 - https:\/\/yoast.com\/product\/yoast-seo-wordpress\/ -->\n<title>UGIS promuove 17 premi e borse di studio \u201cPaola de Paoli \u2013 Camillo Marchetti\u201d per giornalisti e divulgatori della scienza e delle sue applicazioni - UGIS<\/title>\n<meta name=\"robots\" content=\"index, follow, max-snippet:-1, max-image-preview:large, max-video-preview:-1\" \/>\n<link rel=\"canonical\" href=\"https:\/\/ugis.it\/cms\/ugis-promuove-17-premi-e-borse-di-studio-paola-de-paoli-camillo-marchetti-per-giornalisti-e-divulgatori-della-scienza-e-delle-sue-applicazioni\/\" \/>\n<meta property=\"og:locale\" content=\"it_IT\" \/>\n<meta property=\"og:type\" content=\"article\" \/>\n<meta property=\"og:title\" content=\"UGIS promuove 17 premi e borse di studio \u201cPaola de Paoli \u2013 Camillo Marchetti\u201d per giornalisti e divulgatori della scienza e delle sue applicazioni - UGIS\" \/>\n<meta property=\"og:description\" content=\"Grazie alla donazione del socio Camillo Marchetti in memoria della moglie Paola de Paoli, UGIS ha pubblicato il bando per 17 borse di studio e premi per giornalisti e comunicatori scientifici. Ciascuna erogazione ha il valore di \u20ac 9mila. Due vengono gi\u00e0 assegnate quest\u2019anno, tre nel 2020 e quattro per ciascun anno dal 2021 al 2023.\" \/>\n<meta property=\"og:url\" content=\"https:\/\/ugis.it\/cms\/ugis-promuove-17-premi-e-borse-di-studio-paola-de-paoli-camillo-marchetti-per-giornalisti-e-divulgatori-della-scienza-e-delle-sue-applicazioni\/\" \/>\n<meta property=\"og:site_name\" content=\"UGIS\" \/>\n<meta property=\"article:published_time\" content=\"2019-10-08T11:04:25+00:00\" \/>\n<meta property=\"article:modified_time\" content=\"2019-10-08T11:04:52+00:00\" \/>\n<meta name=\"author\" content=\"admin\" \/>\n<meta name=\"twitter:card\" content=\"summary_large_image\" \/>\n<meta name=\"twitter:label1\" content=\"Scritto da\" \/>\n\t<meta name=\"twitter:data1\" content=\"admin\" \/>\n\t<meta name=\"twitter:label2\" content=\"Tempo di lettura stimato\" \/>\n\t<meta name=\"twitter:data2\" content=\"2 minuti\" \/>\n<script type=\"application\/ld+json\" class=\"yoast-schema-graph\">{\"@context\":\"https:\\\/\\\/schema.org\",\"@graph\":[{\"@type\":\"Article\",\"@id\":\"https:\\\/\\\/ugis.it\\\/cms\\\/ugis-promuove-17-premi-e-borse-di-studio-paola-de-paoli-camillo-marchetti-per-giornalisti-e-divulgatori-della-scienza-e-delle-sue-applicazioni\\\/#article\",\"isPartOf\":{\"@id\":\"https:\\\/\\\/ugis.it\\\/cms\\\/ugis-promuove-17-premi-e-borse-di-studio-paola-de-paoli-camillo-marchetti-per-giornalisti-e-divulgatori-della-scienza-e-delle-sue-applicazioni\\\/\"},\"author\":{\"name\":\"admin\",\"@id\":\"https:\\\/\\\/ugis.it\\\/cms\\\/#\\\/schema\\\/person\\\/3426a286ac779ab16257bc88d3c3f3ae\"},\"headline\":\"UGIS promuove 17 premi e borse di studio \u201cPaola de Paoli \u2013 Camillo Marchetti\u201d per giornalisti e divulgatori della scienza e delle sue applicazioni\",\"datePublished\":\"2019-10-08T11:04:25+00:00\",\"dateModified\":\"2019-10-08T11:04:52+00:00\",\"mainEntityOfPage\":{\"@id\":\"https:\\\/\\\/ugis.it\\\/cms\\\/ugis-promuove-17-premi-e-borse-di-studio-paola-de-paoli-camillo-marchetti-per-giornalisti-e-divulgatori-della-scienza-e-delle-sue-applicazioni\\\/\"},\"wordCount\":385,\"publisher\":{\"@id\":\"https:\\\/\\\/ugis.it\\\/cms\\\/#organization\"},\"articleSection\":[\"Associazione\",\"News\"],\"inLanguage\":\"it-IT\"},{\"@type\":\"WebPage\",\"@id\":\"https:\\\/\\\/ugis.it\\\/cms\\\/ugis-promuove-17-premi-e-borse-di-studio-paola-de-paoli-camillo-marchetti-per-giornalisti-e-divulgatori-della-scienza-e-delle-sue-applicazioni\\\/\",\"url\":\"https:\\\/\\\/ugis.it\\\/cms\\\/ugis-promuove-17-premi-e-borse-di-studio-paola-de-paoli-camillo-marchetti-per-giornalisti-e-divulgatori-della-scienza-e-delle-sue-applicazioni\\\/\",\"name\":\"UGIS promuove 17 premi e borse di studio \u201cPaola de Paoli \u2013 Camillo Marchetti\u201d per giornalisti e divulgatori della scienza e delle sue applicazioni - UGIS\",\"isPartOf\":{\"@id\":\"https:\\\/\\\/ugis.it\\\/cms\\\/#website\"},\"datePublished\":\"2019-10-08T11:04:25+00:00\",\"dateModified\":\"2019-10-08T11:04:52+00:00\",\"breadcrumb\":{\"@id\":\"https:\\\/\\\/ugis.it\\\/cms\\\/ugis-promuove-17-premi-e-borse-di-studio-paola-de-paoli-camillo-marchetti-per-giornalisti-e-divulgatori-della-scienza-e-delle-sue-applicazioni\\\/#breadcrumb\"},\"inLanguage\":\"it-IT\",\"potentialAction\":[{\"@type\":\"ReadAction\",\"target\":[\"https:\\\/\\\/ugis.it\\\/cms\\\/ugis-promuove-17-premi-e-borse-di-studio-paola-de-paoli-camillo-marchetti-per-giornalisti-e-divulgatori-della-scienza-e-delle-sue-applicazioni\\\/\"]}]},{\"@type\":\"BreadcrumbList\",\"@id\":\"https:\\\/\\\/ugis.it\\\/cms\\\/ugis-promuove-17-premi-e-borse-di-studio-paola-de-paoli-camillo-marchetti-per-giornalisti-e-divulgatori-della-scienza-e-delle-sue-applicazioni\\\/#breadcrumb\",\"itemListElement\":[{\"@type\":\"ListItem\",\"position\":1,\"name\":\"Home\",\"item\":\"https:\\\/\\\/ugis.it\\\/cms\\\/\"},{\"@type\":\"ListItem\",\"position\":2,\"name\":\"UGIS promuove 17 premi e borse di studio \u201cPaola de Paoli \u2013 Camillo Marchetti\u201d per giornalisti e divulgatori della scienza e delle sue applicazioni\"}]},{\"@type\":\"WebSite\",\"@id\":\"https:\\\/\\\/ugis.it\\\/cms\\\/#website\",\"url\":\"https:\\\/\\\/ugis.it\\\/cms\\\/\",\"name\":\"UGIS\",\"description\":\"Unione Giornalisti Italiani Scientifici\",\"publisher\":{\"@id\":\"https:\\\/\\\/ugis.it\\\/cms\\\/#organization\"},\"potentialAction\":[{\"@type\":\"SearchAction\",\"target\":{\"@type\":\"EntryPoint\",\"urlTemplate\":\"https:\\\/\\\/ugis.it\\\/cms\\\/?s={search_term_string}\"},\"query-input\":{\"@type\":\"PropertyValueSpecification\",\"valueRequired\":true,\"valueName\":\"search_term_string\"}}],\"inLanguage\":\"it-IT\"},{\"@type\":\"Organization\",\"@id\":\"https:\\\/\\\/ugis.it\\\/cms\\\/#organization\",\"name\":\"UGIS\",\"url\":\"https:\\\/\\\/ugis.it\\\/cms\\\/\",\"logo\":{\"@type\":\"ImageObject\",\"inLanguage\":\"it-IT\",\"@id\":\"https:\\\/\\\/ugis.it\\\/cms\\\/#\\\/schema\\\/logo\\\/image\\\/\",\"url\":\"https:\\\/\\\/ugis.it\\\/cms\\\/wp-content\\\/uploads\\\/2015\\\/04\\\/logo-UGIS_colori.jpg\",\"contentUrl\":\"https:\\\/\\\/ugis.it\\\/cms\\\/wp-content\\\/uploads\\\/2015\\\/04\\\/logo-UGIS_colori.jpg\",\"width\":198,\"height\":91,\"caption\":\"UGIS\"},\"image\":{\"@id\":\"https:\\\/\\\/ugis.it\\\/cms\\\/#\\\/schema\\\/logo\\\/image\\\/\"}},{\"@type\":\"Person\",\"@id\":\"https:\\\/\\\/ugis.it\\\/cms\\\/#\\\/schema\\\/person\\\/3426a286ac779ab16257bc88d3c3f3ae\",\"name\":\"admin\",\"image\":{\"@type\":\"ImageObject\",\"inLanguage\":\"it-IT\",\"@id\":\"https:\\\/\\\/secure.gravatar.com\\\/avatar\\\/d87740ae48acb65bc6e4a43afb77acf4603686788205398cd1ab799afefc609a?s=96&d=mm&r=g\",\"url\":\"https:\\\/\\\/secure.gravatar.com\\\/avatar\\\/d87740ae48acb65bc6e4a43afb77acf4603686788205398cd1ab799afefc609a?s=96&d=mm&r=g\",\"contentUrl\":\"https:\\\/\\\/secure.gravatar.com\\\/avatar\\\/d87740ae48acb65bc6e4a43afb77acf4603686788205398cd1ab799afefc609a?s=96&d=mm&r=g\",\"caption\":\"admin\"},\"url\":\"https:\\\/\\\/ugis.it\\\/cms\\\/author\\\/admin\\\/\"}]}<\/script>\n<!-- \/ Yoast SEO plugin. -->","yoast_head_json":{"title":"UGIS promuove 17 premi e borse di studio \u201cPaola de Paoli \u2013 Camillo Marchetti\u201d per giornalisti e divulgatori della scienza e delle sue applicazioni - UGIS","robots":{"index":"index","follow":"follow","max-snippet":"max-snippet:-1","max-image-preview":"max-image-preview:large","max-video-preview":"max-video-preview:-1"},"canonical":"https:\/\/ugis.it\/cms\/ugis-promuove-17-premi-e-borse-di-studio-paola-de-paoli-camillo-marchetti-per-giornalisti-e-divulgatori-della-scienza-e-delle-sue-applicazioni\/","og_locale":"it_IT","og_type":"article","og_title":"UGIS promuove 17 premi e borse di studio \u201cPaola de Paoli \u2013 Camillo Marchetti\u201d per giornalisti e divulgatori della scienza e delle sue applicazioni - UGIS","og_description":"Grazie alla donazione del socio Camillo Marchetti in memoria della moglie Paola de Paoli, UGIS ha pubblicato il bando per 17 borse di studio e premi per giornalisti e comunicatori scientifici. Ciascuna erogazione ha il valore di \u20ac 9mila. Due vengono gi\u00e0 assegnate quest\u2019anno, tre nel 2020 e quattro per ciascun anno dal 2021 al 2023.","og_url":"https:\/\/ugis.it\/cms\/ugis-promuove-17-premi-e-borse-di-studio-paola-de-paoli-camillo-marchetti-per-giornalisti-e-divulgatori-della-scienza-e-delle-sue-applicazioni\/","og_site_name":"UGIS","article_published_time":"2019-10-08T11:04:25+00:00","article_modified_time":"2019-10-08T11:04:52+00:00","author":"admin","twitter_card":"summary_large_image","twitter_misc":{"Scritto da":"admin","Tempo di lettura stimato":"2 minuti"},"schema":{"@context":"https:\/\/schema.org","@graph":[{"@type":"Article","@id":"https:\/\/ugis.it\/cms\/ugis-promuove-17-premi-e-borse-di-studio-paola-de-paoli-camillo-marchetti-per-giornalisti-e-divulgatori-della-scienza-e-delle-sue-applicazioni\/#article","isPartOf":{"@id":"https:\/\/ugis.it\/cms\/ugis-promuove-17-premi-e-borse-di-studio-paola-de-paoli-camillo-marchetti-per-giornalisti-e-divulgatori-della-scienza-e-delle-sue-applicazioni\/"},"author":{"name":"admin","@id":"https:\/\/ugis.it\/cms\/#\/schema\/person\/3426a286ac779ab16257bc88d3c3f3ae"},"headline":"UGIS promuove 17 premi e borse di studio \u201cPaola de Paoli \u2013 Camillo Marchetti\u201d per giornalisti e divulgatori della scienza e delle sue applicazioni","datePublished":"2019-10-08T11:04:25+00:00","dateModified":"2019-10-08T11:04:52+00:00","mainEntityOfPage":{"@id":"https:\/\/ugis.it\/cms\/ugis-promuove-17-premi-e-borse-di-studio-paola-de-paoli-camillo-marchetti-per-giornalisti-e-divulgatori-della-scienza-e-delle-sue-applicazioni\/"},"wordCount":385,"publisher":{"@id":"https:\/\/ugis.it\/cms\/#organization"},"articleSection":["Associazione","News"],"inLanguage":"it-IT"},{"@type":"WebPage","@id":"https:\/\/ugis.it\/cms\/ugis-promuove-17-premi-e-borse-di-studio-paola-de-paoli-camillo-marchetti-per-giornalisti-e-divulgatori-della-scienza-e-delle-sue-applicazioni\/","url":"https:\/\/ugis.it\/cms\/ugis-promuove-17-premi-e-borse-di-studio-paola-de-paoli-camillo-marchetti-per-giornalisti-e-divulgatori-della-scienza-e-delle-sue-applicazioni\/","name":"UGIS promuove 17 premi e borse di studio \u201cPaola de Paoli \u2013 Camillo Marchetti\u201d per giornalisti e divulgatori della scienza e delle sue applicazioni - UGIS","isPartOf":{"@id":"https:\/\/ugis.it\/cms\/#website"},"datePublished":"2019-10-08T11:04:25+00:00","dateModified":"2019-10-08T11:04:52+00:00","breadcrumb":{"@id":"https:\/\/ugis.it\/cms\/ugis-promuove-17-premi-e-borse-di-studio-paola-de-paoli-camillo-marchetti-per-giornalisti-e-divulgatori-della-scienza-e-delle-sue-applicazioni\/#breadcrumb"},"inLanguage":"it-IT","potentialAction":[{"@type":"ReadAction","target":["https:\/\/ugis.it\/cms\/ugis-promuove-17-premi-e-borse-di-studio-paola-de-paoli-camillo-marchetti-per-giornalisti-e-divulgatori-della-scienza-e-delle-sue-applicazioni\/"]}]},{"@type":"BreadcrumbList","@id":"https:\/\/ugis.it\/cms\/ugis-promuove-17-premi-e-borse-di-studio-paola-de-paoli-camillo-marchetti-per-giornalisti-e-divulgatori-della-scienza-e-delle-sue-applicazioni\/#breadcrumb","itemListElement":[{"@type":"ListItem","position":1,"name":"Home","item":"https:\/\/ugis.it\/cms\/"},{"@type":"ListItem","position":2,"name":"UGIS promuove 17 premi e borse di studio \u201cPaola de Paoli \u2013 Camillo Marchetti\u201d per giornalisti e divulgatori della scienza e delle sue applicazioni"}]},{"@type":"WebSite","@id":"https:\/\/ugis.it\/cms\/#website","url":"https:\/\/ugis.it\/cms\/","name":"UGIS","description":"Unione Giornalisti Italiani Scientifici","publisher":{"@id":"https:\/\/ugis.it\/cms\/#organization"},"potentialAction":[{"@type":"SearchAction","target":{"@type":"EntryPoint","urlTemplate":"https:\/\/ugis.it\/cms\/?s={search_term_string}"},"query-input":{"@type":"PropertyValueSpecification","valueRequired":true,"valueName":"search_term_string"}}],"inLanguage":"it-IT"},{"@type":"Organization","@id":"https:\/\/ugis.it\/cms\/#organization","name":"UGIS","url":"https:\/\/ugis.it\/cms\/","logo":{"@type":"ImageObject","inLanguage":"it-IT","@id":"https:\/\/ugis.it\/cms\/#\/schema\/logo\/image\/","url":"https:\/\/ugis.it\/cms\/wp-content\/uploads\/2015\/04\/logo-UGIS_colori.jpg","contentUrl":"https:\/\/ugis.it\/cms\/wp-content\/uploads\/2015\/04\/logo-UGIS_colori.jpg","width":198,"height":91,"caption":"UGIS"},"image":{"@id":"https:\/\/ugis.it\/cms\/#\/schema\/logo\/image\/"}},{"@type":"Person","@id":"https:\/\/ugis.it\/cms\/#\/schema\/person\/3426a286ac779ab16257bc88d3c3f3ae","name":"admin","image":{"@type":"ImageObject","inLanguage":"it-IT","@id":"https:\/\/secure.gravatar.com\/avatar\/d87740ae48acb65bc6e4a43afb77acf4603686788205398cd1ab799afefc609a?s=96&d=mm&r=g","url":"https:\/\/secure.gravatar.com\/avatar\/d87740ae48acb65bc6e4a43afb77acf4603686788205398cd1ab799afefc609a?s=96&d=mm&r=g","contentUrl":"https:\/\/secure.gravatar.com\/avatar\/d87740ae48acb65bc6e4a43afb77acf4603686788205398cd1ab799afefc609a?s=96&d=mm&r=g","caption":"admin"},"url":"https:\/\/ugis.it\/cms\/author\/admin\/"}]}},"_links":{"self":[{"href":"https:\/\/ugis.it\/cms\/wp-json\/wp\/v2\/posts\/4050","targetHints":{"allow":["GET"]}}],"collection":[{"href":"https:\/\/ugis.it\/cms\/wp-json\/wp\/v2\/posts"}],"about":[{"href":"https:\/\/ugis.it\/cms\/wp-json\/wp\/v2\/types\/post"}],"author":[{"embeddable":true,"href":"https:\/\/ugis.it\/cms\/wp-json\/wp\/v2\/users\/6"}],"replies":[{"embeddable":true,"href":"https:\/\/ugis.it\/cms\/wp-json\/wp\/v2\/comments?post=4050"}],"version-history":[{"count":0,"href":"https:\/\/ugis.it\/cms\/wp-json\/wp\/v2\/posts\/4050\/revisions"}],"wp:attachment":[{"href":"https:\/\/ugis.it\/cms\/wp-json\/wp\/v2\/media?parent=4050"}],"wp:term":[{"taxonomy":"category","embeddable":true,"href":"https:\/\/ugis.it\/cms\/wp-json\/wp\/v2\/categories?post=4050"},{"taxonomy":"post_tag","embeddable":true,"href":"https:\/\/ugis.it\/cms\/wp-json\/wp\/v2\/tags?post=4050"}],"curies":[{"name":"wp","href":"https:\/\/api.w.org\/{rel}","templated":true}]}}