{"id":4030,"date":"2019-07-02T18:46:37","date_gmt":"2019-07-02T16:46:37","guid":{"rendered":"https:\/\/ugis.it\/cms\/?p=4030"},"modified":"2019-10-29T10:06:31","modified_gmt":"2019-10-29T09:06:31","slug":"la-tavola-periodica-degli-elementi-chimici-la-pratica-i-risvolti-economici-e-sociali-in-150-anni-di-storia","status":"publish","type":"post","link":"https:\/\/ugis.it\/cms\/la-tavola-periodica-degli-elementi-chimici-la-pratica-i-risvolti-economici-e-sociali-in-150-anni-di-storia\/","title":{"rendered":"La tavola periodica degli elementi chimici:  la pratica, i risvolti economici e sociali in 150 anni di storia"},"content":{"rendered":"<p>[et_pb_section bb_built=&#8221;1&#8243;][et_pb_row][et_pb_column type=&#8221;4_4&#8243;][et_pb_text _builder_version=&#8221;3.0.92&#8243; background_layout=&#8221;light&#8221; text_orientation=&#8221;justified&#8221;]<\/p>\n<p>Il 2019 \u00e8 per l\u2019UNESCO l\u2019anno internazionale della tavola periodica degli elementi chimici. L\u2019occasione \u00e8 il centocinquantenario della prima versione redatta dal russo Dmitrij Ivanovic Mendeleev.<\/p>\n<p>Dal 1869 la tavola \u00e8 stata di grande utilit\u00e0 e interesse per la chimica e la fisica, ma gi\u00e0 nei decenni precedenti furono vari gli scienziati che si sforzarono di riscontrare regolarit\u00e0 nell\u2019andamento delle propriet\u00e0 degli elementi: la storia degli antefatti e degli sviluppi \u00e8 ricca di aspetti che colpiscono dal punto di vista sia scientifico sia umano. Per noi moderni quella tabella \u00e8 una fonte ricchissima di conoscenze pratiche, per esempio per gli studenti delle scuole superiori, i quali, se la sfruttano adeguatamente, possono servirsene per faticare meno sui libri e per capire meglio la chimica, scienza spesso ingiustamente ritenuta astrusa, pesante e noiosa.<\/p>\n<p>Nei suoi centocinquant\u2019anni di vita, la tavola si arricchisce di molti nuovi elementi che mancavano nella prima versione di Mendeleev: alcuni esistenti in natura e scoperti dopo il 1869, altri invece creati artificialmente dall\u2019uomo grazie ai progressi della fisica nucleare. Ma dove e come hanno avuto origine gli elementi naturali? In quei potentissimi reattori nucleari che sono le stelle. Una storia dunque che comincia nelle profondit\u00e0 cosmiche e continua nei laboratori degli scienziati.<\/p>\n<p>Il lavoro del giornalista deve contribuire a far conoscere lo strumento, sensibilizzare i giovani ad utilizzarlo; partecipare alle celebrazioni per il 150\u00b0 anniversario.<\/p>\n<p>Seminario organizzato da Ugis e Fast d\u2019intesa con OdG- Ordine giornalisti della Lombardia<br \/>\nConcessione di 3 CPF ai giornalisti iscritti alla piattaforma S.I.Ge.F<\/p>\n<p><a href=\"http:\/\/www.fast.mi.it\/pdf\/ugis_20settembre2019.pdf\">Programma<\/a><\/p>\n<p><a href=\"http:\/\/iscrizioni.fast.mi.it\/La%20tavola%20periodica%20degli%20elementi%20chimici\/view\">Scheda di iscrizione per il pubblico<\/a><\/p>\n<p>[\/et_pb_text][\/et_pb_column][\/et_pb_row][\/et_pb_section]<\/p>\n","protected":false},"excerpt":{"rendered":"<h6>Milano \u2013 Centro Congressi Fast, 20 settembre 2019, ore 15.30 &#8211; 19.00 <\/p>\n","protected":false},"author":6,"featured_media":0,"comment_status":"closed","ping_status":"closed","sticky":false,"template":"","format":"image","meta":{"_et_pb_use_builder":"on","_et_pb_old_content":"","_et_gb_content_width":"","footnotes":""},"categories":[13,1],"tags":[],"class_list":["post-4030","post","type-post","status-publish","format-image","hentry","category-associazione","category-news","post_format-post-format-image"],"yoast_head":"<!-- This site is optimized with the Yoast SEO plugin v27.4 - https:\/\/yoast.com\/product\/yoast-seo-wordpress\/ -->\n<title>La tavola periodica degli elementi chimici: la pratica, i risvolti economici e sociali in 150 anni di storia - UGIS<\/title>\n<meta name=\"robots\" content=\"index, follow, max-snippet:-1, max-image-preview:large, max-video-preview:-1\" \/>\n<link rel=\"canonical\" href=\"https:\/\/ugis.it\/cms\/la-tavola-periodica-degli-elementi-chimici-la-pratica-i-risvolti-economici-e-sociali-in-150-anni-di-storia\/\" \/>\n<meta property=\"og:locale\" content=\"it_IT\" \/>\n<meta property=\"og:type\" content=\"article\" \/>\n<meta property=\"og:title\" content=\"La tavola periodica degli elementi chimici: la pratica, i risvolti economici e sociali in 150 anni di storia - UGIS\" \/>\n<meta property=\"og:description\" content=\"Milano \u2013 Centro Congressi Fast, 20 settembre 2019, ore 15.30 - 19.00\" \/>\n<meta property=\"og:url\" content=\"https:\/\/ugis.it\/cms\/la-tavola-periodica-degli-elementi-chimici-la-pratica-i-risvolti-economici-e-sociali-in-150-anni-di-storia\/\" \/>\n<meta property=\"og:site_name\" content=\"UGIS\" \/>\n<meta property=\"article:published_time\" content=\"2019-07-02T16:46:37+00:00\" \/>\n<meta property=\"article:modified_time\" content=\"2019-10-29T09:06:31+00:00\" \/>\n<meta name=\"author\" content=\"admin\" \/>\n<meta name=\"twitter:card\" content=\"summary_large_image\" \/>\n<meta name=\"twitter:label1\" content=\"Scritto da\" \/>\n\t<meta name=\"twitter:data1\" content=\"admin\" \/>\n\t<meta name=\"twitter:label2\" content=\"Tempo di lettura stimato\" \/>\n\t<meta name=\"twitter:data2\" content=\"1 minuto\" \/>\n<script type=\"application\/ld+json\" class=\"yoast-schema-graph\">{\"@context\":\"https:\\\/\\\/schema.org\",\"@graph\":[{\"@type\":\"Article\",\"@id\":\"https:\\\/\\\/ugis.it\\\/cms\\\/la-tavola-periodica-degli-elementi-chimici-la-pratica-i-risvolti-economici-e-sociali-in-150-anni-di-storia\\\/#article\",\"isPartOf\":{\"@id\":\"https:\\\/\\\/ugis.it\\\/cms\\\/la-tavola-periodica-degli-elementi-chimici-la-pratica-i-risvolti-economici-e-sociali-in-150-anni-di-storia\\\/\"},\"author\":{\"name\":\"admin\",\"@id\":\"https:\\\/\\\/ugis.it\\\/cms\\\/#\\\/schema\\\/person\\\/3426a286ac779ab16257bc88d3c3f3ae\"},\"headline\":\"La tavola periodica degli elementi chimici: la pratica, i risvolti economici e sociali in 150 anni di storia\",\"datePublished\":\"2019-07-02T16:46:37+00:00\",\"dateModified\":\"2019-10-29T09:06:31+00:00\",\"mainEntityOfPage\":{\"@id\":\"https:\\\/\\\/ugis.it\\\/cms\\\/la-tavola-periodica-degli-elementi-chimici-la-pratica-i-risvolti-economici-e-sociali-in-150-anni-di-storia\\\/\"},\"wordCount\":309,\"publisher\":{\"@id\":\"https:\\\/\\\/ugis.it\\\/cms\\\/#organization\"},\"articleSection\":[\"Associazione\",\"News\"],\"inLanguage\":\"it-IT\"},{\"@type\":\"WebPage\",\"@id\":\"https:\\\/\\\/ugis.it\\\/cms\\\/la-tavola-periodica-degli-elementi-chimici-la-pratica-i-risvolti-economici-e-sociali-in-150-anni-di-storia\\\/\",\"url\":\"https:\\\/\\\/ugis.it\\\/cms\\\/la-tavola-periodica-degli-elementi-chimici-la-pratica-i-risvolti-economici-e-sociali-in-150-anni-di-storia\\\/\",\"name\":\"La tavola periodica degli elementi chimici: la pratica, i risvolti economici e sociali in 150 anni di storia - UGIS\",\"isPartOf\":{\"@id\":\"https:\\\/\\\/ugis.it\\\/cms\\\/#website\"},\"datePublished\":\"2019-07-02T16:46:37+00:00\",\"dateModified\":\"2019-10-29T09:06:31+00:00\",\"breadcrumb\":{\"@id\":\"https:\\\/\\\/ugis.it\\\/cms\\\/la-tavola-periodica-degli-elementi-chimici-la-pratica-i-risvolti-economici-e-sociali-in-150-anni-di-storia\\\/#breadcrumb\"},\"inLanguage\":\"it-IT\",\"potentialAction\":[{\"@type\":\"ReadAction\",\"target\":[\"https:\\\/\\\/ugis.it\\\/cms\\\/la-tavola-periodica-degli-elementi-chimici-la-pratica-i-risvolti-economici-e-sociali-in-150-anni-di-storia\\\/\"]}]},{\"@type\":\"BreadcrumbList\",\"@id\":\"https:\\\/\\\/ugis.it\\\/cms\\\/la-tavola-periodica-degli-elementi-chimici-la-pratica-i-risvolti-economici-e-sociali-in-150-anni-di-storia\\\/#breadcrumb\",\"itemListElement\":[{\"@type\":\"ListItem\",\"position\":1,\"name\":\"Home\",\"item\":\"https:\\\/\\\/ugis.it\\\/cms\\\/\"},{\"@type\":\"ListItem\",\"position\":2,\"name\":\"La tavola periodica degli elementi chimici: la pratica, i risvolti economici e sociali in 150 anni di storia\"}]},{\"@type\":\"WebSite\",\"@id\":\"https:\\\/\\\/ugis.it\\\/cms\\\/#website\",\"url\":\"https:\\\/\\\/ugis.it\\\/cms\\\/\",\"name\":\"UGIS\",\"description\":\"Unione Giornalisti Italiani Scientifici\",\"publisher\":{\"@id\":\"https:\\\/\\\/ugis.it\\\/cms\\\/#organization\"},\"potentialAction\":[{\"@type\":\"SearchAction\",\"target\":{\"@type\":\"EntryPoint\",\"urlTemplate\":\"https:\\\/\\\/ugis.it\\\/cms\\\/?s={search_term_string}\"},\"query-input\":{\"@type\":\"PropertyValueSpecification\",\"valueRequired\":true,\"valueName\":\"search_term_string\"}}],\"inLanguage\":\"it-IT\"},{\"@type\":\"Organization\",\"@id\":\"https:\\\/\\\/ugis.it\\\/cms\\\/#organization\",\"name\":\"UGIS\",\"url\":\"https:\\\/\\\/ugis.it\\\/cms\\\/\",\"logo\":{\"@type\":\"ImageObject\",\"inLanguage\":\"it-IT\",\"@id\":\"https:\\\/\\\/ugis.it\\\/cms\\\/#\\\/schema\\\/logo\\\/image\\\/\",\"url\":\"https:\\\/\\\/ugis.it\\\/cms\\\/wp-content\\\/uploads\\\/2015\\\/04\\\/logo-UGIS_colori.jpg\",\"contentUrl\":\"https:\\\/\\\/ugis.it\\\/cms\\\/wp-content\\\/uploads\\\/2015\\\/04\\\/logo-UGIS_colori.jpg\",\"width\":198,\"height\":91,\"caption\":\"UGIS\"},\"image\":{\"@id\":\"https:\\\/\\\/ugis.it\\\/cms\\\/#\\\/schema\\\/logo\\\/image\\\/\"}},{\"@type\":\"Person\",\"@id\":\"https:\\\/\\\/ugis.it\\\/cms\\\/#\\\/schema\\\/person\\\/3426a286ac779ab16257bc88d3c3f3ae\",\"name\":\"admin\",\"image\":{\"@type\":\"ImageObject\",\"inLanguage\":\"it-IT\",\"@id\":\"https:\\\/\\\/secure.gravatar.com\\\/avatar\\\/d87740ae48acb65bc6e4a43afb77acf4603686788205398cd1ab799afefc609a?s=96&d=mm&r=g\",\"url\":\"https:\\\/\\\/secure.gravatar.com\\\/avatar\\\/d87740ae48acb65bc6e4a43afb77acf4603686788205398cd1ab799afefc609a?s=96&d=mm&r=g\",\"contentUrl\":\"https:\\\/\\\/secure.gravatar.com\\\/avatar\\\/d87740ae48acb65bc6e4a43afb77acf4603686788205398cd1ab799afefc609a?s=96&d=mm&r=g\",\"caption\":\"admin\"},\"url\":\"https:\\\/\\\/ugis.it\\\/cms\\\/author\\\/admin\\\/\"}]}<\/script>\n<!-- \/ Yoast SEO plugin. -->","yoast_head_json":{"title":"La tavola periodica degli elementi chimici: la pratica, i risvolti economici e sociali in 150 anni di storia - UGIS","robots":{"index":"index","follow":"follow","max-snippet":"max-snippet:-1","max-image-preview":"max-image-preview:large","max-video-preview":"max-video-preview:-1"},"canonical":"https:\/\/ugis.it\/cms\/la-tavola-periodica-degli-elementi-chimici-la-pratica-i-risvolti-economici-e-sociali-in-150-anni-di-storia\/","og_locale":"it_IT","og_type":"article","og_title":"La tavola periodica degli elementi chimici: la pratica, i risvolti economici e sociali in 150 anni di storia - UGIS","og_description":"Milano \u2013 Centro Congressi Fast, 20 settembre 2019, ore 15.30 - 19.00","og_url":"https:\/\/ugis.it\/cms\/la-tavola-periodica-degli-elementi-chimici-la-pratica-i-risvolti-economici-e-sociali-in-150-anni-di-storia\/","og_site_name":"UGIS","article_published_time":"2019-07-02T16:46:37+00:00","article_modified_time":"2019-10-29T09:06:31+00:00","author":"admin","twitter_card":"summary_large_image","twitter_misc":{"Scritto da":"admin","Tempo di lettura stimato":"1 minuto"},"schema":{"@context":"https:\/\/schema.org","@graph":[{"@type":"Article","@id":"https:\/\/ugis.it\/cms\/la-tavola-periodica-degli-elementi-chimici-la-pratica-i-risvolti-economici-e-sociali-in-150-anni-di-storia\/#article","isPartOf":{"@id":"https:\/\/ugis.it\/cms\/la-tavola-periodica-degli-elementi-chimici-la-pratica-i-risvolti-economici-e-sociali-in-150-anni-di-storia\/"},"author":{"name":"admin","@id":"https:\/\/ugis.it\/cms\/#\/schema\/person\/3426a286ac779ab16257bc88d3c3f3ae"},"headline":"La tavola periodica degli elementi chimici: la pratica, i risvolti economici e sociali in 150 anni di storia","datePublished":"2019-07-02T16:46:37+00:00","dateModified":"2019-10-29T09:06:31+00:00","mainEntityOfPage":{"@id":"https:\/\/ugis.it\/cms\/la-tavola-periodica-degli-elementi-chimici-la-pratica-i-risvolti-economici-e-sociali-in-150-anni-di-storia\/"},"wordCount":309,"publisher":{"@id":"https:\/\/ugis.it\/cms\/#organization"},"articleSection":["Associazione","News"],"inLanguage":"it-IT"},{"@type":"WebPage","@id":"https:\/\/ugis.it\/cms\/la-tavola-periodica-degli-elementi-chimici-la-pratica-i-risvolti-economici-e-sociali-in-150-anni-di-storia\/","url":"https:\/\/ugis.it\/cms\/la-tavola-periodica-degli-elementi-chimici-la-pratica-i-risvolti-economici-e-sociali-in-150-anni-di-storia\/","name":"La tavola periodica degli elementi chimici: la pratica, i risvolti economici e sociali in 150 anni di storia - UGIS","isPartOf":{"@id":"https:\/\/ugis.it\/cms\/#website"},"datePublished":"2019-07-02T16:46:37+00:00","dateModified":"2019-10-29T09:06:31+00:00","breadcrumb":{"@id":"https:\/\/ugis.it\/cms\/la-tavola-periodica-degli-elementi-chimici-la-pratica-i-risvolti-economici-e-sociali-in-150-anni-di-storia\/#breadcrumb"},"inLanguage":"it-IT","potentialAction":[{"@type":"ReadAction","target":["https:\/\/ugis.it\/cms\/la-tavola-periodica-degli-elementi-chimici-la-pratica-i-risvolti-economici-e-sociali-in-150-anni-di-storia\/"]}]},{"@type":"BreadcrumbList","@id":"https:\/\/ugis.it\/cms\/la-tavola-periodica-degli-elementi-chimici-la-pratica-i-risvolti-economici-e-sociali-in-150-anni-di-storia\/#breadcrumb","itemListElement":[{"@type":"ListItem","position":1,"name":"Home","item":"https:\/\/ugis.it\/cms\/"},{"@type":"ListItem","position":2,"name":"La tavola periodica degli elementi chimici: la pratica, i risvolti economici e sociali in 150 anni di storia"}]},{"@type":"WebSite","@id":"https:\/\/ugis.it\/cms\/#website","url":"https:\/\/ugis.it\/cms\/","name":"UGIS","description":"Unione Giornalisti Italiani Scientifici","publisher":{"@id":"https:\/\/ugis.it\/cms\/#organization"},"potentialAction":[{"@type":"SearchAction","target":{"@type":"EntryPoint","urlTemplate":"https:\/\/ugis.it\/cms\/?s={search_term_string}"},"query-input":{"@type":"PropertyValueSpecification","valueRequired":true,"valueName":"search_term_string"}}],"inLanguage":"it-IT"},{"@type":"Organization","@id":"https:\/\/ugis.it\/cms\/#organization","name":"UGIS","url":"https:\/\/ugis.it\/cms\/","logo":{"@type":"ImageObject","inLanguage":"it-IT","@id":"https:\/\/ugis.it\/cms\/#\/schema\/logo\/image\/","url":"https:\/\/ugis.it\/cms\/wp-content\/uploads\/2015\/04\/logo-UGIS_colori.jpg","contentUrl":"https:\/\/ugis.it\/cms\/wp-content\/uploads\/2015\/04\/logo-UGIS_colori.jpg","width":198,"height":91,"caption":"UGIS"},"image":{"@id":"https:\/\/ugis.it\/cms\/#\/schema\/logo\/image\/"}},{"@type":"Person","@id":"https:\/\/ugis.it\/cms\/#\/schema\/person\/3426a286ac779ab16257bc88d3c3f3ae","name":"admin","image":{"@type":"ImageObject","inLanguage":"it-IT","@id":"https:\/\/secure.gravatar.com\/avatar\/d87740ae48acb65bc6e4a43afb77acf4603686788205398cd1ab799afefc609a?s=96&d=mm&r=g","url":"https:\/\/secure.gravatar.com\/avatar\/d87740ae48acb65bc6e4a43afb77acf4603686788205398cd1ab799afefc609a?s=96&d=mm&r=g","contentUrl":"https:\/\/secure.gravatar.com\/avatar\/d87740ae48acb65bc6e4a43afb77acf4603686788205398cd1ab799afefc609a?s=96&d=mm&r=g","caption":"admin"},"url":"https:\/\/ugis.it\/cms\/author\/admin\/"}]}},"_links":{"self":[{"href":"https:\/\/ugis.it\/cms\/wp-json\/wp\/v2\/posts\/4030","targetHints":{"allow":["GET"]}}],"collection":[{"href":"https:\/\/ugis.it\/cms\/wp-json\/wp\/v2\/posts"}],"about":[{"href":"https:\/\/ugis.it\/cms\/wp-json\/wp\/v2\/types\/post"}],"author":[{"embeddable":true,"href":"https:\/\/ugis.it\/cms\/wp-json\/wp\/v2\/users\/6"}],"replies":[{"embeddable":true,"href":"https:\/\/ugis.it\/cms\/wp-json\/wp\/v2\/comments?post=4030"}],"version-history":[{"count":0,"href":"https:\/\/ugis.it\/cms\/wp-json\/wp\/v2\/posts\/4030\/revisions"}],"wp:attachment":[{"href":"https:\/\/ugis.it\/cms\/wp-json\/wp\/v2\/media?parent=4030"}],"wp:term":[{"taxonomy":"category","embeddable":true,"href":"https:\/\/ugis.it\/cms\/wp-json\/wp\/v2\/categories?post=4030"},{"taxonomy":"post_tag","embeddable":true,"href":"https:\/\/ugis.it\/cms\/wp-json\/wp\/v2\/tags?post=4030"}],"curies":[{"name":"wp","href":"https:\/\/api.w.org\/{rel}","templated":true}]}}