{"id":3968,"date":"2019-05-29T17:01:36","date_gmt":"2019-05-29T15:01:36","guid":{"rendered":"https:\/\/ugis.it\/cms\/?p=3968"},"modified":"2019-07-18T18:51:16","modified_gmt":"2019-07-18T16:51:16","slug":"disparita-e-disuguaglianze-muri-da-abbattere","status":"publish","type":"post","link":"https:\/\/ugis.it\/cms\/disparita-e-disuguaglianze-muri-da-abbattere\/","title":{"rendered":"Disparit\u00e0 e disuguaglianze: muri da abbattere"},"content":{"rendered":"<p>[et_pb_section bb_built=&#8221;1&#8243;][et_pb_row][et_pb_column type=&#8221;4_4&#8243;][et_pb_text _builder_version=&#8221;3.0.92&#8243; background_layout=&#8221;light&#8221; text_orientation=&#8221;justified&#8221;]<\/p>\n<p>Quali e quanti sono ancora i muri da eliminare per far s\u00ec che le persone possano sentirsi nel pieno dei propri diritti e delle proprie libert\u00e0, in una realt\u00e0 sostenibile senza sofferenze, malattie, violenze, guerre e inquinamento ambientale? In quale misura quanti vivono nel benessere possono garantire salute, qualit\u00e0 sociale e pace ai popoli della fame e delle guerre? E, nell\u2019era della globalizzazione, quali sono i muri ancora da abbattere per far s\u00ec che il diritto alla vita, ad una esistenza accettabile, venga rispettato e non si debba pi\u00f9 assistere a donne e bambini violentati e uccisi? Cosa bisogna fare per gli anziani abbandonati a loro stessi alla fine di un percorso che la moderna medicina rende ancora pi\u00f9 lungo, ma dove alla fine c\u2019\u00e8, e resta, per chi ha la fortuna di averla, la famiglia?<br \/>\nLa tutela della vecchiaia fragile \u00e8 un\u2019emergenza sociale: per l\u2019innalzarsi dell\u2019et\u00e0 media, per l\u2019aumento delle cronicit\u00e0, per l\u2019incremento della spesa pubblica, per la crescita della povert\u00e0, per l\u2019equit\u00e0 fra le generazioni,\u00a0per i carichi di cura della rete parentale. In questo capovolgimento storico e socio-culturale, prima ancora che\u00a0demografico-epidemiologico ed economico, fare la differenza sta a tutti noi. Servono Istituzioni efficaci ed inclusive, in grado di offrire educazione di qualit\u00e0 e assistenza sanitaria, eque politiche socio-economiche e protezione ambientale.<br \/>\nOggi pi\u00f9 di ieri la Carta Costituzionale all\u2019art. 32 cita: \u201cLa Repubblica tutela la salute come fondamentale diritto\u00a0dell\u2019individuo ed interesse della collettivit\u00e0 e garantisce cure gratuite agli indigenti\u201d. Ma i muri da abbattere\u00a0sono ancora tanti, anche all\u2019interno delle stesse societ\u00e0 dell\u2019opulenza.<br \/>\nIn tale contesto il professionista della comunicazione deve giocare il ruolo da protagonista per informare e coinvolgere l\u2019opinione pubblica.<\/p>\n<p>Link al programma <strong><a href=\"http:\/\/www.fast.mi.it\/pdf\/ugis_9luglio2019.pdf\">qui<\/a><\/strong><\/p>\n<p><strong><a href=\"http:\/\/iscrizioni.fast.mi.it\/UGIS%209%20luglio%202019\/view\">Scheda di iscrizione per il pubblico<\/a><\/strong><\/p>\n<p>[\/et_pb_text][\/et_pb_column][\/et_pb_row][\/et_pb_section]<\/p>\n","protected":false},"excerpt":{"rendered":"<h6>Roma, Camera dei Deputati, Palazzo San Macuto, Sala del Refettorio, 9 luglio 2019, ore 14.00 \u2013 18.30<\/p>\n","protected":false},"author":6,"featured_media":0,"comment_status":"closed","ping_status":"closed","sticky":false,"template":"","format":"image","meta":{"_et_pb_use_builder":"on","_et_pb_old_content":"","_et_gb_content_width":"","footnotes":""},"categories":[13,1],"tags":[],"class_list":["post-3968","post","type-post","status-publish","format-image","hentry","category-associazione","category-news","post_format-post-format-image"],"yoast_head":"<!-- This site is optimized with the Yoast SEO plugin v27.4 - https:\/\/yoast.com\/product\/yoast-seo-wordpress\/ -->\n<title>Disparit\u00e0 e disuguaglianze: muri da abbattere - UGIS<\/title>\n<meta name=\"robots\" content=\"index, follow, max-snippet:-1, max-image-preview:large, max-video-preview:-1\" \/>\n<link rel=\"canonical\" href=\"https:\/\/ugis.it\/cms\/disparita-e-disuguaglianze-muri-da-abbattere\/\" \/>\n<meta property=\"og:locale\" content=\"it_IT\" \/>\n<meta property=\"og:type\" content=\"article\" \/>\n<meta property=\"og:title\" content=\"Disparit\u00e0 e disuguaglianze: muri da abbattere - UGIS\" \/>\n<meta property=\"og:description\" content=\"Roma, Camera dei Deputati, Palazzo San Macuto, Sala del Refettorio, 9 luglio 2019, ore 14.00 \u2013 18.30\" \/>\n<meta property=\"og:url\" content=\"https:\/\/ugis.it\/cms\/disparita-e-disuguaglianze-muri-da-abbattere\/\" \/>\n<meta property=\"og:site_name\" content=\"UGIS\" \/>\n<meta property=\"article:published_time\" content=\"2019-05-29T15:01:36+00:00\" \/>\n<meta property=\"article:modified_time\" content=\"2019-07-18T16:51:16+00:00\" \/>\n<meta name=\"author\" content=\"admin\" \/>\n<meta name=\"twitter:card\" content=\"summary_large_image\" \/>\n<meta name=\"twitter:label1\" content=\"Scritto da\" \/>\n\t<meta name=\"twitter:data1\" content=\"admin\" \/>\n\t<meta name=\"twitter:label2\" content=\"Tempo di lettura stimato\" \/>\n\t<meta name=\"twitter:data2\" content=\"2 minuti\" \/>\n<script type=\"application\/ld+json\" class=\"yoast-schema-graph\">{\"@context\":\"https:\\\/\\\/schema.org\",\"@graph\":[{\"@type\":\"Article\",\"@id\":\"https:\\\/\\\/ugis.it\\\/cms\\\/disparita-e-disuguaglianze-muri-da-abbattere\\\/#article\",\"isPartOf\":{\"@id\":\"https:\\\/\\\/ugis.it\\\/cms\\\/disparita-e-disuguaglianze-muri-da-abbattere\\\/\"},\"author\":{\"name\":\"admin\",\"@id\":\"https:\\\/\\\/ugis.it\\\/cms\\\/#\\\/schema\\\/person\\\/3426a286ac779ab16257bc88d3c3f3ae\"},\"headline\":\"Disparit\u00e0 e disuguaglianze: muri da abbattere\",\"datePublished\":\"2019-05-29T15:01:36+00:00\",\"dateModified\":\"2019-07-18T16:51:16+00:00\",\"mainEntityOfPage\":{\"@id\":\"https:\\\/\\\/ugis.it\\\/cms\\\/disparita-e-disuguaglianze-muri-da-abbattere\\\/\"},\"wordCount\":338,\"publisher\":{\"@id\":\"https:\\\/\\\/ugis.it\\\/cms\\\/#organization\"},\"articleSection\":[\"Associazione\",\"News\"],\"inLanguage\":\"it-IT\"},{\"@type\":\"WebPage\",\"@id\":\"https:\\\/\\\/ugis.it\\\/cms\\\/disparita-e-disuguaglianze-muri-da-abbattere\\\/\",\"url\":\"https:\\\/\\\/ugis.it\\\/cms\\\/disparita-e-disuguaglianze-muri-da-abbattere\\\/\",\"name\":\"Disparit\u00e0 e disuguaglianze: muri da abbattere - UGIS\",\"isPartOf\":{\"@id\":\"https:\\\/\\\/ugis.it\\\/cms\\\/#website\"},\"datePublished\":\"2019-05-29T15:01:36+00:00\",\"dateModified\":\"2019-07-18T16:51:16+00:00\",\"breadcrumb\":{\"@id\":\"https:\\\/\\\/ugis.it\\\/cms\\\/disparita-e-disuguaglianze-muri-da-abbattere\\\/#breadcrumb\"},\"inLanguage\":\"it-IT\",\"potentialAction\":[{\"@type\":\"ReadAction\",\"target\":[\"https:\\\/\\\/ugis.it\\\/cms\\\/disparita-e-disuguaglianze-muri-da-abbattere\\\/\"]}]},{\"@type\":\"BreadcrumbList\",\"@id\":\"https:\\\/\\\/ugis.it\\\/cms\\\/disparita-e-disuguaglianze-muri-da-abbattere\\\/#breadcrumb\",\"itemListElement\":[{\"@type\":\"ListItem\",\"position\":1,\"name\":\"Home\",\"item\":\"https:\\\/\\\/ugis.it\\\/cms\\\/\"},{\"@type\":\"ListItem\",\"position\":2,\"name\":\"Disparit\u00e0 e disuguaglianze: muri da abbattere\"}]},{\"@type\":\"WebSite\",\"@id\":\"https:\\\/\\\/ugis.it\\\/cms\\\/#website\",\"url\":\"https:\\\/\\\/ugis.it\\\/cms\\\/\",\"name\":\"UGIS\",\"description\":\"Unione Giornalisti Italiani Scientifici\",\"publisher\":{\"@id\":\"https:\\\/\\\/ugis.it\\\/cms\\\/#organization\"},\"potentialAction\":[{\"@type\":\"SearchAction\",\"target\":{\"@type\":\"EntryPoint\",\"urlTemplate\":\"https:\\\/\\\/ugis.it\\\/cms\\\/?s={search_term_string}\"},\"query-input\":{\"@type\":\"PropertyValueSpecification\",\"valueRequired\":true,\"valueName\":\"search_term_string\"}}],\"inLanguage\":\"it-IT\"},{\"@type\":\"Organization\",\"@id\":\"https:\\\/\\\/ugis.it\\\/cms\\\/#organization\",\"name\":\"UGIS\",\"url\":\"https:\\\/\\\/ugis.it\\\/cms\\\/\",\"logo\":{\"@type\":\"ImageObject\",\"inLanguage\":\"it-IT\",\"@id\":\"https:\\\/\\\/ugis.it\\\/cms\\\/#\\\/schema\\\/logo\\\/image\\\/\",\"url\":\"https:\\\/\\\/ugis.it\\\/cms\\\/wp-content\\\/uploads\\\/2015\\\/04\\\/logo-UGIS_colori.jpg\",\"contentUrl\":\"https:\\\/\\\/ugis.it\\\/cms\\\/wp-content\\\/uploads\\\/2015\\\/04\\\/logo-UGIS_colori.jpg\",\"width\":198,\"height\":91,\"caption\":\"UGIS\"},\"image\":{\"@id\":\"https:\\\/\\\/ugis.it\\\/cms\\\/#\\\/schema\\\/logo\\\/image\\\/\"}},{\"@type\":\"Person\",\"@id\":\"https:\\\/\\\/ugis.it\\\/cms\\\/#\\\/schema\\\/person\\\/3426a286ac779ab16257bc88d3c3f3ae\",\"name\":\"admin\",\"image\":{\"@type\":\"ImageObject\",\"inLanguage\":\"it-IT\",\"@id\":\"https:\\\/\\\/secure.gravatar.com\\\/avatar\\\/d87740ae48acb65bc6e4a43afb77acf4603686788205398cd1ab799afefc609a?s=96&d=mm&r=g\",\"url\":\"https:\\\/\\\/secure.gravatar.com\\\/avatar\\\/d87740ae48acb65bc6e4a43afb77acf4603686788205398cd1ab799afefc609a?s=96&d=mm&r=g\",\"contentUrl\":\"https:\\\/\\\/secure.gravatar.com\\\/avatar\\\/d87740ae48acb65bc6e4a43afb77acf4603686788205398cd1ab799afefc609a?s=96&d=mm&r=g\",\"caption\":\"admin\"},\"url\":\"https:\\\/\\\/ugis.it\\\/cms\\\/author\\\/admin\\\/\"}]}<\/script>\n<!-- \/ Yoast SEO plugin. -->","yoast_head_json":{"title":"Disparit\u00e0 e disuguaglianze: muri da abbattere - UGIS","robots":{"index":"index","follow":"follow","max-snippet":"max-snippet:-1","max-image-preview":"max-image-preview:large","max-video-preview":"max-video-preview:-1"},"canonical":"https:\/\/ugis.it\/cms\/disparita-e-disuguaglianze-muri-da-abbattere\/","og_locale":"it_IT","og_type":"article","og_title":"Disparit\u00e0 e disuguaglianze: muri da abbattere - UGIS","og_description":"Roma, Camera dei Deputati, Palazzo San Macuto, Sala del Refettorio, 9 luglio 2019, ore 14.00 \u2013 18.30","og_url":"https:\/\/ugis.it\/cms\/disparita-e-disuguaglianze-muri-da-abbattere\/","og_site_name":"UGIS","article_published_time":"2019-05-29T15:01:36+00:00","article_modified_time":"2019-07-18T16:51:16+00:00","author":"admin","twitter_card":"summary_large_image","twitter_misc":{"Scritto da":"admin","Tempo di lettura stimato":"2 minuti"},"schema":{"@context":"https:\/\/schema.org","@graph":[{"@type":"Article","@id":"https:\/\/ugis.it\/cms\/disparita-e-disuguaglianze-muri-da-abbattere\/#article","isPartOf":{"@id":"https:\/\/ugis.it\/cms\/disparita-e-disuguaglianze-muri-da-abbattere\/"},"author":{"name":"admin","@id":"https:\/\/ugis.it\/cms\/#\/schema\/person\/3426a286ac779ab16257bc88d3c3f3ae"},"headline":"Disparit\u00e0 e disuguaglianze: muri da abbattere","datePublished":"2019-05-29T15:01:36+00:00","dateModified":"2019-07-18T16:51:16+00:00","mainEntityOfPage":{"@id":"https:\/\/ugis.it\/cms\/disparita-e-disuguaglianze-muri-da-abbattere\/"},"wordCount":338,"publisher":{"@id":"https:\/\/ugis.it\/cms\/#organization"},"articleSection":["Associazione","News"],"inLanguage":"it-IT"},{"@type":"WebPage","@id":"https:\/\/ugis.it\/cms\/disparita-e-disuguaglianze-muri-da-abbattere\/","url":"https:\/\/ugis.it\/cms\/disparita-e-disuguaglianze-muri-da-abbattere\/","name":"Disparit\u00e0 e disuguaglianze: muri da abbattere - UGIS","isPartOf":{"@id":"https:\/\/ugis.it\/cms\/#website"},"datePublished":"2019-05-29T15:01:36+00:00","dateModified":"2019-07-18T16:51:16+00:00","breadcrumb":{"@id":"https:\/\/ugis.it\/cms\/disparita-e-disuguaglianze-muri-da-abbattere\/#breadcrumb"},"inLanguage":"it-IT","potentialAction":[{"@type":"ReadAction","target":["https:\/\/ugis.it\/cms\/disparita-e-disuguaglianze-muri-da-abbattere\/"]}]},{"@type":"BreadcrumbList","@id":"https:\/\/ugis.it\/cms\/disparita-e-disuguaglianze-muri-da-abbattere\/#breadcrumb","itemListElement":[{"@type":"ListItem","position":1,"name":"Home","item":"https:\/\/ugis.it\/cms\/"},{"@type":"ListItem","position":2,"name":"Disparit\u00e0 e disuguaglianze: muri da abbattere"}]},{"@type":"WebSite","@id":"https:\/\/ugis.it\/cms\/#website","url":"https:\/\/ugis.it\/cms\/","name":"UGIS","description":"Unione Giornalisti Italiani Scientifici","publisher":{"@id":"https:\/\/ugis.it\/cms\/#organization"},"potentialAction":[{"@type":"SearchAction","target":{"@type":"EntryPoint","urlTemplate":"https:\/\/ugis.it\/cms\/?s={search_term_string}"},"query-input":{"@type":"PropertyValueSpecification","valueRequired":true,"valueName":"search_term_string"}}],"inLanguage":"it-IT"},{"@type":"Organization","@id":"https:\/\/ugis.it\/cms\/#organization","name":"UGIS","url":"https:\/\/ugis.it\/cms\/","logo":{"@type":"ImageObject","inLanguage":"it-IT","@id":"https:\/\/ugis.it\/cms\/#\/schema\/logo\/image\/","url":"https:\/\/ugis.it\/cms\/wp-content\/uploads\/2015\/04\/logo-UGIS_colori.jpg","contentUrl":"https:\/\/ugis.it\/cms\/wp-content\/uploads\/2015\/04\/logo-UGIS_colori.jpg","width":198,"height":91,"caption":"UGIS"},"image":{"@id":"https:\/\/ugis.it\/cms\/#\/schema\/logo\/image\/"}},{"@type":"Person","@id":"https:\/\/ugis.it\/cms\/#\/schema\/person\/3426a286ac779ab16257bc88d3c3f3ae","name":"admin","image":{"@type":"ImageObject","inLanguage":"it-IT","@id":"https:\/\/secure.gravatar.com\/avatar\/d87740ae48acb65bc6e4a43afb77acf4603686788205398cd1ab799afefc609a?s=96&d=mm&r=g","url":"https:\/\/secure.gravatar.com\/avatar\/d87740ae48acb65bc6e4a43afb77acf4603686788205398cd1ab799afefc609a?s=96&d=mm&r=g","contentUrl":"https:\/\/secure.gravatar.com\/avatar\/d87740ae48acb65bc6e4a43afb77acf4603686788205398cd1ab799afefc609a?s=96&d=mm&r=g","caption":"admin"},"url":"https:\/\/ugis.it\/cms\/author\/admin\/"}]}},"_links":{"self":[{"href":"https:\/\/ugis.it\/cms\/wp-json\/wp\/v2\/posts\/3968","targetHints":{"allow":["GET"]}}],"collection":[{"href":"https:\/\/ugis.it\/cms\/wp-json\/wp\/v2\/posts"}],"about":[{"href":"https:\/\/ugis.it\/cms\/wp-json\/wp\/v2\/types\/post"}],"author":[{"embeddable":true,"href":"https:\/\/ugis.it\/cms\/wp-json\/wp\/v2\/users\/6"}],"replies":[{"embeddable":true,"href":"https:\/\/ugis.it\/cms\/wp-json\/wp\/v2\/comments?post=3968"}],"version-history":[{"count":0,"href":"https:\/\/ugis.it\/cms\/wp-json\/wp\/v2\/posts\/3968\/revisions"}],"wp:attachment":[{"href":"https:\/\/ugis.it\/cms\/wp-json\/wp\/v2\/media?parent=3968"}],"wp:term":[{"taxonomy":"category","embeddable":true,"href":"https:\/\/ugis.it\/cms\/wp-json\/wp\/v2\/categories?post=3968"},{"taxonomy":"post_tag","embeddable":true,"href":"https:\/\/ugis.it\/cms\/wp-json\/wp\/v2\/tags?post=3968"}],"curies":[{"name":"wp","href":"https:\/\/api.w.org\/{rel}","templated":true}]}}