{"id":1720,"date":"2016-03-23T17:33:16","date_gmt":"2016-03-23T16:33:16","guid":{"rendered":"https:\/\/ugis.it\/cms\/?p=1720"},"modified":"2016-04-15T18:15:38","modified_gmt":"2016-04-15T16:15:38","slug":"1720-2","status":"publish","type":"post","link":"https:\/\/ugis.it\/cms\/1720-2\/","title":{"rendered":"Atti del seminario:<br>La bolletta elettrica 2.0"},"content":{"rendered":"<p style=\"text-align: justify;\">Giovedi\u00a017 marzo 2016, presso la sede FAST di Milano, si \u00e8 tenuto\u00a0il seminario volto a\u00a0illustrare gli elementi fondamentali della Bolletta 2.0, analizzare l\u2019impatto della riforma tariffaria su diverse tipologie di consumatore domestico, delineando quali modifiche alle abitudini di consumo possono essere indotte dalla proposta dell\u2019Autorit\u00e0.\u00a0L\u2019evento \u00e8 stato promosso da <a href=\"https:\/\/www.aeit.it\/aeit\/r02.3\/struttura\/pagedin.php?web=kaa&amp;cod=home\">AEIT<\/a>\u00a0\u00a0e <a href=\"https:\/\/www.fast.mi.it\/index.htm\">FAST<\/a>.<\/p>\n<p style=\"text-align: justify;\">Trasparenza, comprensibilit\u00e0 e confrontabilit\u00e0 della bolletta spingono l\u2019Autorit\u00e0 per l\u2019energia elettrica e il gas all\u2019introduzione del nuovo modello delle bollette dell\u2019energia elettrica: la Bolletta 2.0. Da gennaio 2016 in un solo foglio, consultabile anche su computer-tablet-smartphone, vengono riportati gli elementi essenziali di spesa e di fornitura, pre-requisiti essenziali per facilitare le operazioni di confronto delle offerte sul mercato libero. Il nuovo documento \u00e8 il primo passo della graduale riforma delle tariffe di rete e degli oneri generali di sistema, che nell\u2019arco di un triennio porter\u00e0 all\u2019abbandono della struttura progressiva \u2013 cio\u00e8 con un costo unitario del kWh che cresce per scaglioni all&#8217;aumentare dei prelievi \u2013 e ad una diversa modulazione dei costi tra i corrispettivi in quota fissa (\u20ac\/anno), in quota potenza (\u20ac\/kW\/anno) e in quota energia (\u20ac\/kWh).<\/p>\n<p style=\"text-align: justify;\">I relatori intervenuti al seminario sono stati:<\/p>\n<p style=\"text-align: justify;\"><strong>Federico Luiso<\/strong>\u00a0&#8211; Laureato in Ingegneria elettrica all\u2019Universit\u00e0 degli studi di Pisa nel 1997 e abilitato alla professione di ingegnere, ha successivamente conseguito un Master in &#8220;Gestione dei processi industriali&#8221;, presso il Consorzio Energy di Novara e un Master in Diritto amministrativo, presso la Scuola superiore di amministrazione pubblica e degli enti locali di Roma. Nel 2009 \u00e8 stato assistente del Capo Dipartimento per l\u2019Energia presso il Ministero dello Sviluppo economico, dove si \u00e8 occupato delle questioni relative alla politica energetica nazionale, in modo particolare nel settore delle energie rinnovabili e dell\u2019efficienza energetica. Attualmente lavora presso l\u2019Autorit\u00e0 per l\u2019energia elettrica il gas e il sistema idrico, Direzione Osservatorio, Vigilanza e Controlli. In tale contesto \u00e8 coordinatore del Gruppo di lavoro interdirezionale per lo svolgimento delle attivit\u00e0 relative all\u2019attuazione del regolamento UE 1227\/2011 (Remit) e membro del Gruppo di lavoro interdirezionale per la trattazione dei reclami presentati dagli operatori nei confronti dei gestori delle infrastrutture regolate (gestori di sistemi di trasmissione, di trasporto, di distribuzione, di stoccaggio o di rigassificazione di GNL). \u00c8 membro dell\u2019Aeit, del Comitato di redazione della rivista \u201cL\u2019Energia elettrica\u201d e dell\u2019Osservatorio ambientale \u201cCentrali\u201d presso il Ministero dell\u2019Ambiente.<\/p>\n<p style=\"text-align: justify;\"><strong>Carlo Fazio<\/strong>\u00a0&#8211; Laureato in ingegneria elettrotecnica presso l\u2019universit\u00e0 di Pisa nel 1962 e abilitato alla professione di ingegnere. Ha svolto la propria attivit\u00e0 dal 1963 al 1994 presso la Societ\u00e0 Chimica Solvay nei siti di Rosignano, Monfalcone, Milano e Tavazzano con incarichi crescenti nei settori automazione, progettazione, costruzione e manutenzione impianti, logistica e direzione stabilimento. Successivamente come libero professionista ha operato nel campo della sicurezza impianti, nella preparazione dei fascicoli tecnici per la marcatura Ce di macchine utensili e per la cartotecnica e prodotti vari. Attualmente \u00e8 presidente della Aeit Sezione di Milano e Socio Aldai<\/p>\n<p style=\"text-align: justify;\">Clicca <strong><a href=\"https:\/\/ugis.it\/cms\/wp-content\/uploads\/2016\/02\/luiso_bolletta2.0.pdf\">qui<\/a><\/strong> per scaricare la presentazione di\u00a0Federico Luiso<\/p>\n","protected":false},"excerpt":{"rendered":"<h6>Il seminario, oltre ad illustrare gli elementi fondamentali della Bolletta 2.0, analizza l\u2019impatto della riforma tariffaria su diverse tipologie di consumatore domestico, delineando quali modifiche alle abitudini di consumo possono essere indotte dalla proposta dell\u2019Autorit\u00e0.<\/p>\n","protected":false},"author":6,"featured_media":0,"comment_status":"closed","ping_status":"closed","sticky":false,"template":"","format":"image","meta":{"_et_pb_use_builder":"","_et_pb_old_content":"","_et_gb_content_width":"","footnotes":""},"categories":[1],"tags":[37],"class_list":["post-1720","post","type-post","status-publish","format-image","hentry","category-news","tag-documenti","post_format-post-format-image"],"yoast_head":"<!-- This site is optimized with the Yoast SEO plugin v27.4 - https:\/\/yoast.com\/product\/yoast-seo-wordpress\/ -->\n<title>Atti del seminario:La bolletta elettrica 2.0 - UGIS<\/title>\n<meta name=\"robots\" content=\"index, follow, max-snippet:-1, max-image-preview:large, max-video-preview:-1\" \/>\n<link rel=\"canonical\" href=\"https:\/\/ugis.it\/cms\/1720-2\/\" \/>\n<meta property=\"og:locale\" content=\"it_IT\" \/>\n<meta property=\"og:type\" content=\"article\" \/>\n<meta property=\"og:title\" content=\"Atti del seminario:La bolletta elettrica 2.0 - UGIS\" \/>\n<meta property=\"og:description\" content=\"Il seminario, oltre ad illustrare gli elementi fondamentali della Bolletta 2.0, analizza l\u2019impatto della riforma tariffaria su diverse tipologie di consumatore domestico, delineando quali modifiche alle abitudini di consumo possono essere indotte dalla proposta dell\u2019Autorit\u00e0.\" \/>\n<meta property=\"og:url\" content=\"https:\/\/ugis.it\/cms\/1720-2\/\" \/>\n<meta property=\"og:site_name\" content=\"UGIS\" \/>\n<meta property=\"article:published_time\" content=\"2016-03-23T16:33:16+00:00\" \/>\n<meta property=\"article:modified_time\" content=\"2016-04-15T16:15:38+00:00\" \/>\n<meta name=\"author\" content=\"admin\" \/>\n<meta name=\"twitter:card\" content=\"summary_large_image\" \/>\n<meta name=\"twitter:label1\" content=\"Scritto da\" \/>\n\t<meta name=\"twitter:data1\" content=\"admin\" \/>\n\t<meta name=\"twitter:label2\" content=\"Tempo di lettura stimato\" \/>\n\t<meta name=\"twitter:data2\" content=\"2 minuti\" \/>\n<script type=\"application\/ld+json\" class=\"yoast-schema-graph\">{\"@context\":\"https:\\\/\\\/schema.org\",\"@graph\":[{\"@type\":\"Article\",\"@id\":\"https:\\\/\\\/ugis.it\\\/cms\\\/1720-2\\\/#article\",\"isPartOf\":{\"@id\":\"https:\\\/\\\/ugis.it\\\/cms\\\/1720-2\\\/\"},\"author\":{\"name\":\"admin\",\"@id\":\"https:\\\/\\\/ugis.it\\\/cms\\\/#\\\/schema\\\/person\\\/3426a286ac779ab16257bc88d3c3f3ae\"},\"headline\":\"Atti del seminario: La bolletta elettrica 2.0\",\"datePublished\":\"2016-03-23T16:33:16+00:00\",\"dateModified\":\"2016-04-15T16:15:38+00:00\",\"mainEntityOfPage\":{\"@id\":\"https:\\\/\\\/ugis.it\\\/cms\\\/1720-2\\\/\"},\"wordCount\":494,\"publisher\":{\"@id\":\"https:\\\/\\\/ugis.it\\\/cms\\\/#organization\"},\"keywords\":[\"Documenti\"],\"articleSection\":[\"News\"],\"inLanguage\":\"it-IT\"},{\"@type\":\"WebPage\",\"@id\":\"https:\\\/\\\/ugis.it\\\/cms\\\/1720-2\\\/\",\"url\":\"https:\\\/\\\/ugis.it\\\/cms\\\/1720-2\\\/\",\"name\":\"Atti del seminario: La bolletta elettrica 2.0 - UGIS\",\"isPartOf\":{\"@id\":\"https:\\\/\\\/ugis.it\\\/cms\\\/#website\"},\"datePublished\":\"2016-03-23T16:33:16+00:00\",\"dateModified\":\"2016-04-15T16:15:38+00:00\",\"breadcrumb\":{\"@id\":\"https:\\\/\\\/ugis.it\\\/cms\\\/1720-2\\\/#breadcrumb\"},\"inLanguage\":\"it-IT\",\"potentialAction\":[{\"@type\":\"ReadAction\",\"target\":[\"https:\\\/\\\/ugis.it\\\/cms\\\/1720-2\\\/\"]}]},{\"@type\":\"BreadcrumbList\",\"@id\":\"https:\\\/\\\/ugis.it\\\/cms\\\/1720-2\\\/#breadcrumb\",\"itemListElement\":[{\"@type\":\"ListItem\",\"position\":1,\"name\":\"Home\",\"item\":\"https:\\\/\\\/ugis.it\\\/cms\\\/\"},{\"@type\":\"ListItem\",\"position\":2,\"name\":\"Atti del seminario:La bolletta elettrica 2.0\"}]},{\"@type\":\"WebSite\",\"@id\":\"https:\\\/\\\/ugis.it\\\/cms\\\/#website\",\"url\":\"https:\\\/\\\/ugis.it\\\/cms\\\/\",\"name\":\"UGIS\",\"description\":\"Unione Giornalisti Italiani Scientifici\",\"publisher\":{\"@id\":\"https:\\\/\\\/ugis.it\\\/cms\\\/#organization\"},\"potentialAction\":[{\"@type\":\"SearchAction\",\"target\":{\"@type\":\"EntryPoint\",\"urlTemplate\":\"https:\\\/\\\/ugis.it\\\/cms\\\/?s={search_term_string}\"},\"query-input\":{\"@type\":\"PropertyValueSpecification\",\"valueRequired\":true,\"valueName\":\"search_term_string\"}}],\"inLanguage\":\"it-IT\"},{\"@type\":\"Organization\",\"@id\":\"https:\\\/\\\/ugis.it\\\/cms\\\/#organization\",\"name\":\"UGIS\",\"url\":\"https:\\\/\\\/ugis.it\\\/cms\\\/\",\"logo\":{\"@type\":\"ImageObject\",\"inLanguage\":\"it-IT\",\"@id\":\"https:\\\/\\\/ugis.it\\\/cms\\\/#\\\/schema\\\/logo\\\/image\\\/\",\"url\":\"https:\\\/\\\/ugis.it\\\/cms\\\/wp-content\\\/uploads\\\/2015\\\/04\\\/logo-UGIS_colori.jpg\",\"contentUrl\":\"https:\\\/\\\/ugis.it\\\/cms\\\/wp-content\\\/uploads\\\/2015\\\/04\\\/logo-UGIS_colori.jpg\",\"width\":198,\"height\":91,\"caption\":\"UGIS\"},\"image\":{\"@id\":\"https:\\\/\\\/ugis.it\\\/cms\\\/#\\\/schema\\\/logo\\\/image\\\/\"}},{\"@type\":\"Person\",\"@id\":\"https:\\\/\\\/ugis.it\\\/cms\\\/#\\\/schema\\\/person\\\/3426a286ac779ab16257bc88d3c3f3ae\",\"name\":\"admin\",\"image\":{\"@type\":\"ImageObject\",\"inLanguage\":\"it-IT\",\"@id\":\"https:\\\/\\\/secure.gravatar.com\\\/avatar\\\/d87740ae48acb65bc6e4a43afb77acf4603686788205398cd1ab799afefc609a?s=96&d=mm&r=g\",\"url\":\"https:\\\/\\\/secure.gravatar.com\\\/avatar\\\/d87740ae48acb65bc6e4a43afb77acf4603686788205398cd1ab799afefc609a?s=96&d=mm&r=g\",\"contentUrl\":\"https:\\\/\\\/secure.gravatar.com\\\/avatar\\\/d87740ae48acb65bc6e4a43afb77acf4603686788205398cd1ab799afefc609a?s=96&d=mm&r=g\",\"caption\":\"admin\"},\"url\":\"https:\\\/\\\/ugis.it\\\/cms\\\/author\\\/admin\\\/\"}]}<\/script>\n<!-- \/ Yoast SEO plugin. -->","yoast_head_json":{"title":"Atti del seminario:La bolletta elettrica 2.0 - UGIS","robots":{"index":"index","follow":"follow","max-snippet":"max-snippet:-1","max-image-preview":"max-image-preview:large","max-video-preview":"max-video-preview:-1"},"canonical":"https:\/\/ugis.it\/cms\/1720-2\/","og_locale":"it_IT","og_type":"article","og_title":"Atti del seminario:La bolletta elettrica 2.0 - UGIS","og_description":"Il seminario, oltre ad illustrare gli elementi fondamentali della Bolletta 2.0, analizza l\u2019impatto della riforma tariffaria su diverse tipologie di consumatore domestico, delineando quali modifiche alle abitudini di consumo possono essere indotte dalla proposta dell\u2019Autorit\u00e0.","og_url":"https:\/\/ugis.it\/cms\/1720-2\/","og_site_name":"UGIS","article_published_time":"2016-03-23T16:33:16+00:00","article_modified_time":"2016-04-15T16:15:38+00:00","author":"admin","twitter_card":"summary_large_image","twitter_misc":{"Scritto da":"admin","Tempo di lettura stimato":"2 minuti"},"schema":{"@context":"https:\/\/schema.org","@graph":[{"@type":"Article","@id":"https:\/\/ugis.it\/cms\/1720-2\/#article","isPartOf":{"@id":"https:\/\/ugis.it\/cms\/1720-2\/"},"author":{"name":"admin","@id":"https:\/\/ugis.it\/cms\/#\/schema\/person\/3426a286ac779ab16257bc88d3c3f3ae"},"headline":"Atti del seminario: La bolletta elettrica 2.0","datePublished":"2016-03-23T16:33:16+00:00","dateModified":"2016-04-15T16:15:38+00:00","mainEntityOfPage":{"@id":"https:\/\/ugis.it\/cms\/1720-2\/"},"wordCount":494,"publisher":{"@id":"https:\/\/ugis.it\/cms\/#organization"},"keywords":["Documenti"],"articleSection":["News"],"inLanguage":"it-IT"},{"@type":"WebPage","@id":"https:\/\/ugis.it\/cms\/1720-2\/","url":"https:\/\/ugis.it\/cms\/1720-2\/","name":"Atti del seminario: La bolletta elettrica 2.0 - UGIS","isPartOf":{"@id":"https:\/\/ugis.it\/cms\/#website"},"datePublished":"2016-03-23T16:33:16+00:00","dateModified":"2016-04-15T16:15:38+00:00","breadcrumb":{"@id":"https:\/\/ugis.it\/cms\/1720-2\/#breadcrumb"},"inLanguage":"it-IT","potentialAction":[{"@type":"ReadAction","target":["https:\/\/ugis.it\/cms\/1720-2\/"]}]},{"@type":"BreadcrumbList","@id":"https:\/\/ugis.it\/cms\/1720-2\/#breadcrumb","itemListElement":[{"@type":"ListItem","position":1,"name":"Home","item":"https:\/\/ugis.it\/cms\/"},{"@type":"ListItem","position":2,"name":"Atti del seminario:La bolletta elettrica 2.0"}]},{"@type":"WebSite","@id":"https:\/\/ugis.it\/cms\/#website","url":"https:\/\/ugis.it\/cms\/","name":"UGIS","description":"Unione Giornalisti Italiani Scientifici","publisher":{"@id":"https:\/\/ugis.it\/cms\/#organization"},"potentialAction":[{"@type":"SearchAction","target":{"@type":"EntryPoint","urlTemplate":"https:\/\/ugis.it\/cms\/?s={search_term_string}"},"query-input":{"@type":"PropertyValueSpecification","valueRequired":true,"valueName":"search_term_string"}}],"inLanguage":"it-IT"},{"@type":"Organization","@id":"https:\/\/ugis.it\/cms\/#organization","name":"UGIS","url":"https:\/\/ugis.it\/cms\/","logo":{"@type":"ImageObject","inLanguage":"it-IT","@id":"https:\/\/ugis.it\/cms\/#\/schema\/logo\/image\/","url":"https:\/\/ugis.it\/cms\/wp-content\/uploads\/2015\/04\/logo-UGIS_colori.jpg","contentUrl":"https:\/\/ugis.it\/cms\/wp-content\/uploads\/2015\/04\/logo-UGIS_colori.jpg","width":198,"height":91,"caption":"UGIS"},"image":{"@id":"https:\/\/ugis.it\/cms\/#\/schema\/logo\/image\/"}},{"@type":"Person","@id":"https:\/\/ugis.it\/cms\/#\/schema\/person\/3426a286ac779ab16257bc88d3c3f3ae","name":"admin","image":{"@type":"ImageObject","inLanguage":"it-IT","@id":"https:\/\/secure.gravatar.com\/avatar\/d87740ae48acb65bc6e4a43afb77acf4603686788205398cd1ab799afefc609a?s=96&d=mm&r=g","url":"https:\/\/secure.gravatar.com\/avatar\/d87740ae48acb65bc6e4a43afb77acf4603686788205398cd1ab799afefc609a?s=96&d=mm&r=g","contentUrl":"https:\/\/secure.gravatar.com\/avatar\/d87740ae48acb65bc6e4a43afb77acf4603686788205398cd1ab799afefc609a?s=96&d=mm&r=g","caption":"admin"},"url":"https:\/\/ugis.it\/cms\/author\/admin\/"}]}},"_links":{"self":[{"href":"https:\/\/ugis.it\/cms\/wp-json\/wp\/v2\/posts\/1720","targetHints":{"allow":["GET"]}}],"collection":[{"href":"https:\/\/ugis.it\/cms\/wp-json\/wp\/v2\/posts"}],"about":[{"href":"https:\/\/ugis.it\/cms\/wp-json\/wp\/v2\/types\/post"}],"author":[{"embeddable":true,"href":"https:\/\/ugis.it\/cms\/wp-json\/wp\/v2\/users\/6"}],"replies":[{"embeddable":true,"href":"https:\/\/ugis.it\/cms\/wp-json\/wp\/v2\/comments?post=1720"}],"version-history":[{"count":0,"href":"https:\/\/ugis.it\/cms\/wp-json\/wp\/v2\/posts\/1720\/revisions"}],"wp:attachment":[{"href":"https:\/\/ugis.it\/cms\/wp-json\/wp\/v2\/media?parent=1720"}],"wp:term":[{"taxonomy":"category","embeddable":true,"href":"https:\/\/ugis.it\/cms\/wp-json\/wp\/v2\/categories?post=1720"},{"taxonomy":"post_tag","embeddable":true,"href":"https:\/\/ugis.it\/cms\/wp-json\/wp\/v2\/tags?post=1720"}],"curies":[{"name":"wp","href":"https:\/\/api.w.org\/{rel}","templated":true}]}}