{"id":1581726,"date":"2016-03-23T01:31:52","date_gmt":"2016-03-23T00:31:52","guid":{"rendered":"https:\/\/ugis.it\/cms\/?p=1581726"},"modified":"2025-11-10T14:40:28","modified_gmt":"2025-11-10T13:40:28","slug":"pinuccia-montanari","status":"publish","type":"post","link":"https:\/\/ugis.it\/cms\/pinuccia-montanari\/","title":{"rendered":"Pinuccia Montanari"},"content":{"rendered":"<p>[et_pb_section fb_built=&#8221;1&#8243; admin_label=&#8221;section&#8221; _builder_version=&#8221;4.16&#8243; global_colors_info=&#8221;{}&#8221;][et_pb_row column_structure=&#8221;3_5,2_5&#8243; admin_label=&#8221;row&#8221; _builder_version=&#8221;4.25.2&#8243; background_size=&#8221;initial&#8221; background_position=&#8221;top_left&#8221; background_repeat=&#8221;repeat&#8221; global_colors_info=&#8221;{}&#8221;][et_pb_column type=&#8221;3_5&#8243; _builder_version=&#8221;4.16&#8243; custom_padding=&#8221;|||&#8221; global_colors_info=&#8221;{}&#8221; custom_padding__hover=&#8221;|||&#8221;][et_pb_text _builder_version=&#8221;4.25.2&#8243; background_size=&#8221;initial&#8221; background_position=&#8221;top_left&#8221; background_repeat=&#8221;repeat&#8221; text_orientation=&#8221;justified&#8221; use_border_color=&#8221;off&#8221; border_color=&#8221;#ffffff&#8221; border_style=&#8221;solid&#8221; global_colors_info=&#8221;{}&#8221;]<\/p>\n<p><img loading=\"lazy\" decoding=\"async\" class=\"wp-image-1581727 size-medium alignleft\" src=\"https:\/\/ugis.it\/cms\/wp-content\/uploads\/2025\/02\/foto-pinuccia-montanari-217x300.jpg\" alt=\"\" width=\"217\" height=\"300\" srcset=\"https:\/\/ugis.it\/cms\/wp-content\/uploads\/2025\/02\/foto-pinuccia-montanari-217x300.jpg 217w, https:\/\/ugis.it\/cms\/wp-content\/uploads\/2025\/02\/foto-pinuccia-montanari.jpg 276w\" sizes=\"(max-width: 217px) 100vw, 217px\" \/>Laureata in Filosofia e in Giurisprudenza presso l\u2019Universit\u00e0 degli Studi di Bologna, ha conseguito poi il diploma di cultura professionale giornalistica presso l\u2019Universit\u00e0 degli Studi di Urbino. Ha Lavorato presso l\u2019Universit\u00e0 degli Studi di Modena e Reggio Emilia dove ha svolto attivit\u00e0 di docenza nell\u2019ambito dell\u2019Information Literacy con particolare attenzione alle banche dati giuridico-ambientali. E\u2019stata coordinatrice del Corso elearning dedicato alla gestione sostenibile dei rifiuti elettrici ed elettronici (<a href=\"http:\/\/elearning-raee.unimore.it\" target=\"_blank\" rel=\"noopener\">http:\/\/elearning-raee.unimore.it<\/a>).<\/p>\n<p>E\u2019 stata Assessore all\u2019ambiente di Reggio Emilia (2004-2009), Genova (2009-2012) e Roma Capitale (2016-2019). E\u2019 coordinatrice del Forum sociale per una democrazia ecologica dell\u2019International Court of the Environment Foundation, diretta dal Magistrato di Cassazione Amedeo Postiglione, \u00e8 cooordinatrice del Comitato scientifico dell\u2019Ecoistituto ReGe, fa parte della Fondazione Langer e dell\u2019Universit\u00e0 verde. Collabora con diverse universit\u00e0 italiane, nel ruolo di docente, tra queste la Pontificia Universit\u00e0 Antonianum di Roma .<\/p>\n<p>Nel 1992 , assieme al Magistrato di Cassazione Amedeo Postiglione, ha presentato a New York il progetto di &#8220;Tribunale Internazionale dell&#8217;Ambiente&#8221;, presso le Nazioni Unite al Presidente della Commissione .Per il Tribunale Internazionale dell&#8217;Ambiente si \u00e8 occupata di studio di casi italiani ed internazionali di danno ambientale e delfenomenodei rifugiati ambientali. Nel 1994 ha promosso presso il CNR di Venezia il Seminario internazionale di studio &#8220;Donne, ambiente, giustizia e diritto al futuro&#8221;.<\/p>\n<p><img loading=\"lazy\" decoding=\"async\" class=\"alignnone wp-image-1581728 size-large\" src=\"https:\/\/ugis.it\/cms\/wp-content\/uploads\/2025\/02\/pinuccia-collage-libri-01-1024x1024.png\" alt=\"\" width=\"1024\" height=\"1024\" srcset=\"https:\/\/ugis.it\/cms\/wp-content\/uploads\/2025\/02\/pinuccia-collage-libri-01-980x980.png 980w, https:\/\/ugis.it\/cms\/wp-content\/uploads\/2025\/02\/pinuccia-collage-libri-01-480x480.png 480w\" sizes=\"(min-width: 0px) and (max-width: 480px) 480px, (min-width: 481px) and (max-width: 980px) 980px, (min-width: 981px) 1024px, 100vw\" \/><\/p>\n<p>[\/et_pb_text][\/et_pb_column][et_pb_column type=&#8221;2_5&#8243; _builder_version=&#8221;4.16&#8243; custom_padding=&#8221;|||&#8221; global_colors_info=&#8221;{}&#8221; custom_padding__hover=&#8221;|||&#8221;][et_pb_text _builder_version=&#8221;4.25.2&#8243; background_size=&#8221;initial&#8221; background_position=&#8221;top_left&#8221; background_repeat=&#8221;repeat&#8221; text_orientation=&#8221;justified&#8221; use_border_color=&#8221;off&#8221; border_color=&#8221;#ffffff&#8221; border_style=&#8221;solid&#8221; global_colors_info=&#8221;{}&#8221;]<\/p>\n<p><strong>PUBBLICAZIONI<\/strong><\/p>\n<p>A. Cecchini , P. Montanari &#8216;I mondi del nuovo millennio. Gioco di simulazione per educare alla pace&#8217; , La meridiana , 1993 (nuova edizione nel 2003)<\/p>\n<p>P. Montanari , A. Folloni &#8216;I colori del Sudan&#8217; , Edizioni San Lorenzo, 1998<\/p>\n<p>P. Montanari &#8216;Le donne nella difesa dell&#8217;ambiente&#8217; , La Meridiana Ed. , 1998<\/p>\n<p>P. Montanari &#8216;Il diritto degli alberi&#8217; , La Meridiana Ed. , 2002<\/p>\n<p>A.Postiglione &#8216;Il diritto all&#8217;ambiente&#8217; (a cura di P. Montanari) , Roma, 1990<\/p>\n<p>&#8216;Il destino dell&#8217;uomo nella societ\u00e0 post-industriale &#8216; a cura di A. Gargani in<\/p>\n<p>collaborazione con P. Montanari , Laterza Ed. , Bari, 1987<\/p>\n<p>V. Andreoli &#8216;La fine dell&#8217;eroe&#8217; (a cura di P.Montanari) , Ed. Sestante, 1993<\/p>\n<p>&#8216;Produrre meno rifiuti'(a cura di E. Burgin e P. Montanari), Ed. Ambiente, 2008<\/p>\n<p>&#8216;Gestire i rifiuti nei parchi nazionali&#8217; (a cura di P. Montanari) ,Ed. Ambiente, Milano ,2013<\/p>\n<p>P. Montanari &#8216;Le fonti di informazione ambientale&#8217; , Ed. Booksprint , 2016<\/p>\n<p>P. Montanari &#8216;L&#8217;ambiente da leggere&#8217; , Ed. Booksprint , 2016<\/p>\n<p>&#8216;La gestione sostenibile dei RAEE&#8217; (a cura di A.M. Ferrari, L.Grasselli, P. Montanari), Aracne, 2016<\/p>\n<p>Racconti e ricordi sparsi. Guida editore, 2020 (storia delle esperienze amministrative a Reggio, genova e Roma)<\/p>\n<p>Nun se po\u2019 fa\u2019. Storie di ecologisti alle prese con Roma Capitale, 2020<\/p>\n<p>Cambiamenti climatici. La sfida delle citt\u00e0, 2021<\/p>\n<p>Testimoni del clima. In viaggio per Glasgow,2022<\/p>\n<p>Sotto il cielo dell\u2019Ucraina. La guerra vista da noi, 2022<\/p>\n<p>Economia circolare nella gestione dei materiali post\u2013consumo. Il caso rifiuti di Roma, 2019<\/p>\n<p>Comunit\u00e0 energetiche rinnovabili. Quaderni di Ecoistituto ReGe, 2023<\/p>\n<p>Esperienze di Citizen Science. Conoscenze e strumenti per Sentinelle dell\u2019aria, Quaderno n.5 di Ecoistituto ReGe<\/p>\n<p>Spigolatrici d\u2019ambiente. Il contributo delle donne alla sfida dei cambiamenti climatici. Libreria Editrice Fiorentina, 2022.<\/p>\n<p>Lo sguardo di Alex sulla pace: rileggere Alexander Langer da Sarajevo a Kiev. 2024<br \/>A.Postiglione Le vie della Pace: Ambiente, cambiamento climatico, diritto internazionale, guerra, diritti umani. In collaborazione con Pinuccia Montanari<\/p>\n<p>[\/et_pb_text][\/et_pb_column][\/et_pb_row][\/et_pb_section]<\/p>\n","protected":false},"excerpt":{"rendered":"<h6>Giornalista professionista iscritto all\u2019Ordine dei Giornalisti dal 1984, anche autore Tv e documentarista SIAE. \u00c8 giornalista scientifico e dal 2021 \u00e8 membro del consiglio direttivo UGIS. Lavora in Rai come Caposervizio al telegiornale TG2, redazione Scienze. <\/p>\n","protected":false},"author":16,"featured_media":1581727,"comment_status":"closed","ping_status":"closed","sticky":false,"template":"","format":"image","meta":{"_et_pb_use_builder":"on","_et_pb_old_content":"<p>23<\/p>","_et_gb_content_width":"","footnotes":""},"categories":[35],"tags":[],"class_list":["post-1581726","post","type-post","status-publish","format-image","has-post-thumbnail","hentry","category-biografie-dei-soci","post_format-post-format-image"],"yoast_head":"<!-- This site is optimized with the Yoast SEO plugin v27.4 - https:\/\/yoast.com\/product\/yoast-seo-wordpress\/ -->\n<title>Pinuccia Montanari - UGIS<\/title>\n<meta name=\"robots\" content=\"index, follow, max-snippet:-1, max-image-preview:large, max-video-preview:-1\" \/>\n<link rel=\"canonical\" href=\"https:\/\/ugis.it\/cms\/pinuccia-montanari\/\" \/>\n<meta property=\"og:locale\" content=\"it_IT\" \/>\n<meta property=\"og:type\" content=\"article\" \/>\n<meta property=\"og:title\" content=\"Pinuccia Montanari - UGIS\" \/>\n<meta property=\"og:description\" content=\"Giornalista professionista iscritto all\u2019Ordine dei Giornalisti dal 1984, anche autore Tv e documentarista SIAE. \u00c8 giornalista scientifico e dal 2021 \u00e8 membro del consiglio direttivo UGIS. Lavora in Rai come Caposervizio al telegiornale TG2, redazione Scienze.\" \/>\n<meta property=\"og:url\" content=\"https:\/\/ugis.it\/cms\/pinuccia-montanari\/\" \/>\n<meta property=\"og:site_name\" content=\"UGIS\" \/>\n<meta property=\"article:published_time\" content=\"2016-03-23T00:31:52+00:00\" \/>\n<meta property=\"article:modified_time\" content=\"2025-11-10T13:40:28+00:00\" \/>\n<meta property=\"og:image\" content=\"https:\/\/ugis.it\/cms\/wp-content\/uploads\/2025\/02\/foto-pinuccia-montanari.jpg\" \/>\n\t<meta property=\"og:image:width\" content=\"276\" \/>\n\t<meta property=\"og:image:height\" content=\"382\" \/>\n\t<meta property=\"og:image:type\" content=\"image\/jpeg\" \/>\n<meta name=\"author\" content=\"UGIS\" \/>\n<meta name=\"twitter:card\" content=\"summary_large_image\" \/>\n<meta name=\"twitter:label1\" content=\"Scritto da\" \/>\n\t<meta name=\"twitter:data1\" content=\"UGIS\" \/>\n\t<meta name=\"twitter:label2\" content=\"Tempo di lettura stimato\" \/>\n\t<meta name=\"twitter:data2\" content=\"4 minuti\" \/>\n<script type=\"application\/ld+json\" class=\"yoast-schema-graph\">{\"@context\":\"https:\\\/\\\/schema.org\",\"@graph\":[{\"@type\":\"Article\",\"@id\":\"https:\\\/\\\/ugis.it\\\/cms\\\/pinuccia-montanari\\\/#article\",\"isPartOf\":{\"@id\":\"https:\\\/\\\/ugis.it\\\/cms\\\/pinuccia-montanari\\\/\"},\"author\":{\"name\":\"UGIS\",\"@id\":\"https:\\\/\\\/ugis.it\\\/cms\\\/#\\\/schema\\\/person\\\/26f685559166088afc44edd3fe82e851\"},\"headline\":\"Pinuccia Montanari\",\"datePublished\":\"2016-03-23T00:31:52+00:00\",\"dateModified\":\"2025-11-10T13:40:28+00:00\",\"mainEntityOfPage\":{\"@id\":\"https:\\\/\\\/ugis.it\\\/cms\\\/pinuccia-montanari\\\/\"},\"wordCount\":656,\"publisher\":{\"@id\":\"https:\\\/\\\/ugis.it\\\/cms\\\/#organization\"},\"image\":{\"@id\":\"https:\\\/\\\/ugis.it\\\/cms\\\/pinuccia-montanari\\\/#primaryimage\"},\"thumbnailUrl\":\"https:\\\/\\\/ugis.it\\\/cms\\\/wp-content\\\/uploads\\\/2025\\\/02\\\/foto-pinuccia-montanari.jpg\",\"articleSection\":[\"Biografie dei soci\"],\"inLanguage\":\"it-IT\"},{\"@type\":\"WebPage\",\"@id\":\"https:\\\/\\\/ugis.it\\\/cms\\\/pinuccia-montanari\\\/\",\"url\":\"https:\\\/\\\/ugis.it\\\/cms\\\/pinuccia-montanari\\\/\",\"name\":\"Pinuccia Montanari - UGIS\",\"isPartOf\":{\"@id\":\"https:\\\/\\\/ugis.it\\\/cms\\\/#website\"},\"primaryImageOfPage\":{\"@id\":\"https:\\\/\\\/ugis.it\\\/cms\\\/pinuccia-montanari\\\/#primaryimage\"},\"image\":{\"@id\":\"https:\\\/\\\/ugis.it\\\/cms\\\/pinuccia-montanari\\\/#primaryimage\"},\"thumbnailUrl\":\"https:\\\/\\\/ugis.it\\\/cms\\\/wp-content\\\/uploads\\\/2025\\\/02\\\/foto-pinuccia-montanari.jpg\",\"datePublished\":\"2016-03-23T00:31:52+00:00\",\"dateModified\":\"2025-11-10T13:40:28+00:00\",\"breadcrumb\":{\"@id\":\"https:\\\/\\\/ugis.it\\\/cms\\\/pinuccia-montanari\\\/#breadcrumb\"},\"inLanguage\":\"it-IT\",\"potentialAction\":[{\"@type\":\"ReadAction\",\"target\":[\"https:\\\/\\\/ugis.it\\\/cms\\\/pinuccia-montanari\\\/\"]}]},{\"@type\":\"ImageObject\",\"inLanguage\":\"it-IT\",\"@id\":\"https:\\\/\\\/ugis.it\\\/cms\\\/pinuccia-montanari\\\/#primaryimage\",\"url\":\"https:\\\/\\\/ugis.it\\\/cms\\\/wp-content\\\/uploads\\\/2025\\\/02\\\/foto-pinuccia-montanari.jpg\",\"contentUrl\":\"https:\\\/\\\/ugis.it\\\/cms\\\/wp-content\\\/uploads\\\/2025\\\/02\\\/foto-pinuccia-montanari.jpg\",\"width\":276,\"height\":382},{\"@type\":\"BreadcrumbList\",\"@id\":\"https:\\\/\\\/ugis.it\\\/cms\\\/pinuccia-montanari\\\/#breadcrumb\",\"itemListElement\":[{\"@type\":\"ListItem\",\"position\":1,\"name\":\"Home\",\"item\":\"https:\\\/\\\/ugis.it\\\/cms\\\/\"},{\"@type\":\"ListItem\",\"position\":2,\"name\":\"Pinuccia Montanari\"}]},{\"@type\":\"WebSite\",\"@id\":\"https:\\\/\\\/ugis.it\\\/cms\\\/#website\",\"url\":\"https:\\\/\\\/ugis.it\\\/cms\\\/\",\"name\":\"UGIS\",\"description\":\"Unione Giornalisti Italiani Scientifici\",\"publisher\":{\"@id\":\"https:\\\/\\\/ugis.it\\\/cms\\\/#organization\"},\"potentialAction\":[{\"@type\":\"SearchAction\",\"target\":{\"@type\":\"EntryPoint\",\"urlTemplate\":\"https:\\\/\\\/ugis.it\\\/cms\\\/?s={search_term_string}\"},\"query-input\":{\"@type\":\"PropertyValueSpecification\",\"valueRequired\":true,\"valueName\":\"search_term_string\"}}],\"inLanguage\":\"it-IT\"},{\"@type\":\"Organization\",\"@id\":\"https:\\\/\\\/ugis.it\\\/cms\\\/#organization\",\"name\":\"UGIS\",\"url\":\"https:\\\/\\\/ugis.it\\\/cms\\\/\",\"logo\":{\"@type\":\"ImageObject\",\"inLanguage\":\"it-IT\",\"@id\":\"https:\\\/\\\/ugis.it\\\/cms\\\/#\\\/schema\\\/logo\\\/image\\\/\",\"url\":\"https:\\\/\\\/ugis.it\\\/cms\\\/wp-content\\\/uploads\\\/2015\\\/04\\\/logo-UGIS_colori.jpg\",\"contentUrl\":\"https:\\\/\\\/ugis.it\\\/cms\\\/wp-content\\\/uploads\\\/2015\\\/04\\\/logo-UGIS_colori.jpg\",\"width\":198,\"height\":91,\"caption\":\"UGIS\"},\"image\":{\"@id\":\"https:\\\/\\\/ugis.it\\\/cms\\\/#\\\/schema\\\/logo\\\/image\\\/\"}},{\"@type\":\"Person\",\"@id\":\"https:\\\/\\\/ugis.it\\\/cms\\\/#\\\/schema\\\/person\\\/26f685559166088afc44edd3fe82e851\",\"name\":\"UGIS\",\"image\":{\"@type\":\"ImageObject\",\"inLanguage\":\"it-IT\",\"@id\":\"https:\\\/\\\/secure.gravatar.com\\\/avatar\\\/dffd56f6a99e8ed4fdf6a24f3a35afe8112cffe5012a77acfe7b8bd7a60564bb?s=96&d=mm&r=g\",\"url\":\"https:\\\/\\\/secure.gravatar.com\\\/avatar\\\/dffd56f6a99e8ed4fdf6a24f3a35afe8112cffe5012a77acfe7b8bd7a60564bb?s=96&d=mm&r=g\",\"contentUrl\":\"https:\\\/\\\/secure.gravatar.com\\\/avatar\\\/dffd56f6a99e8ed4fdf6a24f3a35afe8112cffe5012a77acfe7b8bd7a60564bb?s=96&d=mm&r=g\",\"caption\":\"UGIS\"},\"url\":\"https:\\\/\\\/ugis.it\\\/cms\\\/author\\\/webmaster\\\/\"}]}<\/script>\n<!-- \/ Yoast SEO plugin. -->","yoast_head_json":{"title":"Pinuccia Montanari - UGIS","robots":{"index":"index","follow":"follow","max-snippet":"max-snippet:-1","max-image-preview":"max-image-preview:large","max-video-preview":"max-video-preview:-1"},"canonical":"https:\/\/ugis.it\/cms\/pinuccia-montanari\/","og_locale":"it_IT","og_type":"article","og_title":"Pinuccia Montanari - UGIS","og_description":"Giornalista professionista iscritto all\u2019Ordine dei Giornalisti dal 1984, anche autore Tv e documentarista SIAE. \u00c8 giornalista scientifico e dal 2021 \u00e8 membro del consiglio direttivo UGIS. Lavora in Rai come Caposervizio al telegiornale TG2, redazione Scienze.","og_url":"https:\/\/ugis.it\/cms\/pinuccia-montanari\/","og_site_name":"UGIS","article_published_time":"2016-03-23T00:31:52+00:00","article_modified_time":"2025-11-10T13:40:28+00:00","og_image":[{"width":276,"height":382,"url":"https:\/\/ugis.it\/cms\/wp-content\/uploads\/2025\/02\/foto-pinuccia-montanari.jpg","type":"image\/jpeg"}],"author":"UGIS","twitter_card":"summary_large_image","twitter_misc":{"Scritto da":"UGIS","Tempo di lettura stimato":"4 minuti"},"schema":{"@context":"https:\/\/schema.org","@graph":[{"@type":"Article","@id":"https:\/\/ugis.it\/cms\/pinuccia-montanari\/#article","isPartOf":{"@id":"https:\/\/ugis.it\/cms\/pinuccia-montanari\/"},"author":{"name":"UGIS","@id":"https:\/\/ugis.it\/cms\/#\/schema\/person\/26f685559166088afc44edd3fe82e851"},"headline":"Pinuccia Montanari","datePublished":"2016-03-23T00:31:52+00:00","dateModified":"2025-11-10T13:40:28+00:00","mainEntityOfPage":{"@id":"https:\/\/ugis.it\/cms\/pinuccia-montanari\/"},"wordCount":656,"publisher":{"@id":"https:\/\/ugis.it\/cms\/#organization"},"image":{"@id":"https:\/\/ugis.it\/cms\/pinuccia-montanari\/#primaryimage"},"thumbnailUrl":"https:\/\/ugis.it\/cms\/wp-content\/uploads\/2025\/02\/foto-pinuccia-montanari.jpg","articleSection":["Biografie dei soci"],"inLanguage":"it-IT"},{"@type":"WebPage","@id":"https:\/\/ugis.it\/cms\/pinuccia-montanari\/","url":"https:\/\/ugis.it\/cms\/pinuccia-montanari\/","name":"Pinuccia Montanari - UGIS","isPartOf":{"@id":"https:\/\/ugis.it\/cms\/#website"},"primaryImageOfPage":{"@id":"https:\/\/ugis.it\/cms\/pinuccia-montanari\/#primaryimage"},"image":{"@id":"https:\/\/ugis.it\/cms\/pinuccia-montanari\/#primaryimage"},"thumbnailUrl":"https:\/\/ugis.it\/cms\/wp-content\/uploads\/2025\/02\/foto-pinuccia-montanari.jpg","datePublished":"2016-03-23T00:31:52+00:00","dateModified":"2025-11-10T13:40:28+00:00","breadcrumb":{"@id":"https:\/\/ugis.it\/cms\/pinuccia-montanari\/#breadcrumb"},"inLanguage":"it-IT","potentialAction":[{"@type":"ReadAction","target":["https:\/\/ugis.it\/cms\/pinuccia-montanari\/"]}]},{"@type":"ImageObject","inLanguage":"it-IT","@id":"https:\/\/ugis.it\/cms\/pinuccia-montanari\/#primaryimage","url":"https:\/\/ugis.it\/cms\/wp-content\/uploads\/2025\/02\/foto-pinuccia-montanari.jpg","contentUrl":"https:\/\/ugis.it\/cms\/wp-content\/uploads\/2025\/02\/foto-pinuccia-montanari.jpg","width":276,"height":382},{"@type":"BreadcrumbList","@id":"https:\/\/ugis.it\/cms\/pinuccia-montanari\/#breadcrumb","itemListElement":[{"@type":"ListItem","position":1,"name":"Home","item":"https:\/\/ugis.it\/cms\/"},{"@type":"ListItem","position":2,"name":"Pinuccia Montanari"}]},{"@type":"WebSite","@id":"https:\/\/ugis.it\/cms\/#website","url":"https:\/\/ugis.it\/cms\/","name":"UGIS","description":"Unione Giornalisti Italiani Scientifici","publisher":{"@id":"https:\/\/ugis.it\/cms\/#organization"},"potentialAction":[{"@type":"SearchAction","target":{"@type":"EntryPoint","urlTemplate":"https:\/\/ugis.it\/cms\/?s={search_term_string}"},"query-input":{"@type":"PropertyValueSpecification","valueRequired":true,"valueName":"search_term_string"}}],"inLanguage":"it-IT"},{"@type":"Organization","@id":"https:\/\/ugis.it\/cms\/#organization","name":"UGIS","url":"https:\/\/ugis.it\/cms\/","logo":{"@type":"ImageObject","inLanguage":"it-IT","@id":"https:\/\/ugis.it\/cms\/#\/schema\/logo\/image\/","url":"https:\/\/ugis.it\/cms\/wp-content\/uploads\/2015\/04\/logo-UGIS_colori.jpg","contentUrl":"https:\/\/ugis.it\/cms\/wp-content\/uploads\/2015\/04\/logo-UGIS_colori.jpg","width":198,"height":91,"caption":"UGIS"},"image":{"@id":"https:\/\/ugis.it\/cms\/#\/schema\/logo\/image\/"}},{"@type":"Person","@id":"https:\/\/ugis.it\/cms\/#\/schema\/person\/26f685559166088afc44edd3fe82e851","name":"UGIS","image":{"@type":"ImageObject","inLanguage":"it-IT","@id":"https:\/\/secure.gravatar.com\/avatar\/dffd56f6a99e8ed4fdf6a24f3a35afe8112cffe5012a77acfe7b8bd7a60564bb?s=96&d=mm&r=g","url":"https:\/\/secure.gravatar.com\/avatar\/dffd56f6a99e8ed4fdf6a24f3a35afe8112cffe5012a77acfe7b8bd7a60564bb?s=96&d=mm&r=g","contentUrl":"https:\/\/secure.gravatar.com\/avatar\/dffd56f6a99e8ed4fdf6a24f3a35afe8112cffe5012a77acfe7b8bd7a60564bb?s=96&d=mm&r=g","caption":"UGIS"},"url":"https:\/\/ugis.it\/cms\/author\/webmaster\/"}]}},"_links":{"self":[{"href":"https:\/\/ugis.it\/cms\/wp-json\/wp\/v2\/posts\/1581726","targetHints":{"allow":["GET"]}}],"collection":[{"href":"https:\/\/ugis.it\/cms\/wp-json\/wp\/v2\/posts"}],"about":[{"href":"https:\/\/ugis.it\/cms\/wp-json\/wp\/v2\/types\/post"}],"author":[{"embeddable":true,"href":"https:\/\/ugis.it\/cms\/wp-json\/wp\/v2\/users\/16"}],"replies":[{"embeddable":true,"href":"https:\/\/ugis.it\/cms\/wp-json\/wp\/v2\/comments?post=1581726"}],"version-history":[{"count":2,"href":"https:\/\/ugis.it\/cms\/wp-json\/wp\/v2\/posts\/1581726\/revisions"}],"predecessor-version":[{"id":1582242,"href":"https:\/\/ugis.it\/cms\/wp-json\/wp\/v2\/posts\/1581726\/revisions\/1582242"}],"wp:featuredmedia":[{"embeddable":true,"href":"https:\/\/ugis.it\/cms\/wp-json\/wp\/v2\/media\/1581727"}],"wp:attachment":[{"href":"https:\/\/ugis.it\/cms\/wp-json\/wp\/v2\/media?parent=1581726"}],"wp:term":[{"taxonomy":"category","embeddable":true,"href":"https:\/\/ugis.it\/cms\/wp-json\/wp\/v2\/categories?post=1581726"},{"taxonomy":"post_tag","embeddable":true,"href":"https:\/\/ugis.it\/cms\/wp-json\/wp\/v2\/tags?post=1581726"}],"curies":[{"name":"wp","href":"https:\/\/api.w.org\/{rel}","templated":true}]}}