{"id":1581607,"date":"2025-01-23T13:09:04","date_gmt":"2025-01-23T12:09:04","guid":{"rendered":"https:\/\/ugis.it\/cms\/?p=1581607"},"modified":"2025-03-19T15:01:21","modified_gmt":"2025-03-19T14:01:21","slug":"borsa-di-studio-ugis-per-il-giornalismo-scientifico-e-tecnologico-2025-un-tirocinio-presso-il-cern-di-ginevra","status":"publish","type":"post","link":"https:\/\/ugis.it\/cms\/borsa-di-studio-ugis-per-il-giornalismo-scientifico-e-tecnologico-2025-un-tirocinio-presso-il-cern-di-ginevra\/","title":{"rendered":"Borsa di studio UGIS per il giornalismo scientifico e tecnologico 2025: un tirocinio presso il CERN di Ginevra"},"content":{"rendered":"<p>Il bando \u00e8 indetto nell\u2019ambito dei Premi e Borse di studio UGIS \u201cPaola de Paoli &#8211; Camillo Marchetti\u201d<\/p>\n<p><em>I<\/em><em>niziativa promossa e organizzata da UGIS\u00a0<\/em><em>\u00a0&#8211;\u00a0Unione Giornalisti Italiani Scientifici<\/em><\/p>\n<p>La scadenza delle candidature \u00e8 prorogata\u00a0al 30.04.2025<\/p>\n<p>Al fine di promuovere e incentivare la formazione e la crescita professionale del giornalismo scientifico e tecnologico \u00e8 indetto il bando di UGIS Unione Giornalisti Italiani Scientifici 2025 per un soggiorno-premio, un \u201ctraineeship\u201d di due settimane presso l\u2019ufficio comunicazione, divulgazione ed educazione del CERN di Ginevra (European Organization for Nuclear Research) , il pi\u00f9 grande centro di ricerca mondiale dedicato alla fisica delle particelle, con l\u2019obiettivo di condividere le tecniche di comunicazione utilizzate nel rapporti con la societ\u00e0. Il bando \u00e8 indetto nell\u2019ambito dei Premi e Borse di studio \u201cPaola de Paoli &#8211; Camillo Marchetti\u201d.<\/p>\n<p>Oltre all\u2019eccezionale esperienza lavorativa, al premiato viene fornito vitto, alloggio e rimborso delle spese di viaggio.<\/p>\n<p>&nbsp;<\/p>\n<ol>\n<li>Il bando \u00e8 rivolto a:<br \/>\n&#8211; giornalisti scientifici e tecnologici, professionisti e pubblicisti, che abbiano meno di 40 anni alla data di lancio del bando in oggetto (24 gennaio 2025).<br \/>\nIl bando\u00a0\u00a0\u00e8 aperto anche a soci UGIS.<br \/>\n&#8211; i candidati devono dimostrare una significativa e documentata attivit\u00e0 giornalistica nel settore.<br \/>\n&#8211; \u00e8 richiesta buona conoscenza della lingua inglese, parlata e scritta.<\/li>\n<\/ol>\n<p>&nbsp;<\/p>\n<ol start=\"2\">\n<li>La scadenza delle candidature (inizialmente prevista per il 31.03.2025)\u00a0 \u00e8 prorogata fino al 30.04.2025. Le candidature vanno presentate compilando la scheda allegata, da inviare sia in formato cartaceo che elettronico a: Segreteria tecnica UGIS \u2013 Bando Premi e Borse di studio \u201cPaola de Paoli &#8211; Camillo Marchetti\u201d, piazzale R. Morandi 2, 20121 Milano, <a href=\"mailto:ugis@ugis.it\">ugis@ugis.it<\/a>, unitamente al proprio curriculum vitae, descrizione e sintesi dell\u2019attivit\u00e0 di divulgazione giornalistica, scritti e pubblicazioni di esempio, anche on line e\/o, audio e video on line linkabili.<\/li>\n<\/ol>\n<p>&nbsp;<\/p>\n<ol start=\"3\">\n<li>La valutazione delle candidature \u00e8 affidata ad una Giuria presieduta da un esponente esterno all\u2019associazione e composta da giornalisti UGIS scelti dal Consiglio direttivo UGIS per la competenza e la sensibilit\u00e0. Il supporto operativo \u00e8 assicurato dalla Segreteria tecnica dell\u2019UGIS presso la FAST Federazione delle associazioni scientifiche e tecniche. Il giudizio della Giuria \u00e8 insindacabile.<\/li>\n<\/ol>\n<p>&nbsp;<\/p>\n<ol start=\"4\">\n<li>Esecuzione del tirocinio di due settimane: verr\u00e0 richiesto al vincitore il periodo pi\u00f9 idoneo in base ai propri impegni lavorativi preferibilmente intorno met\u00e0 giugno 2025, periodo particolarmente intenso e produttivo per il CERN.<\/li>\n<\/ol>\n<p>&nbsp;<\/p>\n<ol start=\"5\">\n<li>Il Bando della Borsa di studio UGIS e i suoi risultati sono divulgati da UGIS ai media e al pubblico tramite i canali di comunicazione UGIS. Il bando viene diffuso anche in collaborazione con le realt\u00e0 con cui UGIS opera (come FAST) e altre con cui UGIS \u00e8 in sinergia nella formazione ai colleghi, dal Consiglio Nazionale dell\u2019Ordine dei Giornalisti e dagli Ordini regionali dei Giornalisti.<\/li>\n<\/ol>\n<p>&nbsp;<\/p>\n<p><a href=\"https:\/\/ugis.it\/cms\/wp-content\/uploads\/2025\/03\/bando-borsa-di-studio-UGIS-2025_con-scheda_def2_ok.pdf\"><span style=\"color: #0b5394; font-family: arial, sans-serif;\"><b>Link al pdf ufficiale del bando con scheda candidatura<\/b><\/span><\/a><\/p>\n","protected":false},"excerpt":{"rendered":"<h6>Il bando \u00e8 indetto nell\u2019ambito dei Premi e Borse di studio UGIS \u201cPaola de Paoli &#8211; Camillo Marchetti\u201d .<\/h6>\n","protected":false},"author":16,"featured_media":0,"comment_status":"closed","ping_status":"closed","sticky":false,"template":"","format":"image","meta":{"_et_pb_use_builder":"off","_et_pb_old_content":"","_et_gb_content_width":"","footnotes":""},"categories":[13,1],"tags":[],"class_list":["post-1581607","post","type-post","status-publish","format-image","hentry","category-associazione","category-news","post_format-post-format-image"],"yoast_head":"<!-- This site is optimized with the Yoast SEO plugin v27.2 - https:\/\/yoast.com\/product\/yoast-seo-wordpress\/ -->\n<title>Borsa di studio UGIS per il giornalismo scientifico e tecnologico 2025: un tirocinio presso il CERN di Ginevra - UGIS<\/title>\n<meta name=\"robots\" content=\"index, follow, max-snippet:-1, max-image-preview:large, max-video-preview:-1\" \/>\n<link rel=\"canonical\" href=\"https:\/\/ugis.it\/cms\/borsa-di-studio-ugis-per-il-giornalismo-scientifico-e-tecnologico-2025-un-tirocinio-presso-il-cern-di-ginevra\/\" \/>\n<meta property=\"og:locale\" content=\"it_IT\" \/>\n<meta property=\"og:type\" content=\"article\" \/>\n<meta property=\"og:title\" content=\"Borsa di studio UGIS per il giornalismo scientifico e tecnologico 2025: un tirocinio presso il CERN di Ginevra - UGIS\" \/>\n<meta property=\"og:description\" content=\"Il bando \u00e8 indetto nell\u2019ambito dei Premi e Borse di studio UGIS \u201cPaola de Paoli - Camillo Marchetti\u201d .\" \/>\n<meta property=\"og:url\" content=\"https:\/\/ugis.it\/cms\/borsa-di-studio-ugis-per-il-giornalismo-scientifico-e-tecnologico-2025-un-tirocinio-presso-il-cern-di-ginevra\/\" \/>\n<meta property=\"og:site_name\" content=\"UGIS\" \/>\n<meta property=\"article:published_time\" content=\"2025-01-23T12:09:04+00:00\" \/>\n<meta property=\"article:modified_time\" content=\"2025-03-19T14:01:21+00:00\" \/>\n<meta name=\"author\" content=\"UGIS\" \/>\n<meta name=\"twitter:card\" content=\"summary_large_image\" \/>\n<meta name=\"twitter:label1\" content=\"Scritto da\" \/>\n\t<meta name=\"twitter:data1\" content=\"UGIS\" \/>\n\t<meta name=\"twitter:label2\" content=\"Tempo di lettura stimato\" \/>\n\t<meta name=\"twitter:data2\" content=\"3 minuti\" \/>\n<script type=\"application\/ld+json\" class=\"yoast-schema-graph\">{\"@context\":\"https:\/\/schema.org\",\"@graph\":[{\"@type\":\"Article\",\"@id\":\"https:\/\/ugis.it\/cms\/borsa-di-studio-ugis-per-il-giornalismo-scientifico-e-tecnologico-2025-un-tirocinio-presso-il-cern-di-ginevra\/#article\",\"isPartOf\":{\"@id\":\"https:\/\/ugis.it\/cms\/borsa-di-studio-ugis-per-il-giornalismo-scientifico-e-tecnologico-2025-un-tirocinio-presso-il-cern-di-ginevra\/\"},\"author\":{\"name\":\"UGIS\",\"@id\":\"https:\/\/ugis.it\/cms\/#\/schema\/person\/26f685559166088afc44edd3fe82e851\"},\"headline\":\"Borsa di studio UGIS per il giornalismo scientifico e tecnologico 2025: un tirocinio presso il CERN di Ginevra\",\"datePublished\":\"2025-01-23T12:09:04+00:00\",\"dateModified\":\"2025-03-19T14:01:21+00:00\",\"mainEntityOfPage\":{\"@id\":\"https:\/\/ugis.it\/cms\/borsa-di-studio-ugis-per-il-giornalismo-scientifico-e-tecnologico-2025-un-tirocinio-presso-il-cern-di-ginevra\/\"},\"wordCount\":466,\"publisher\":{\"@id\":\"https:\/\/ugis.it\/cms\/#organization\"},\"articleSection\":[\"Associazione\",\"News\"],\"inLanguage\":\"it-IT\"},{\"@type\":\"WebPage\",\"@id\":\"https:\/\/ugis.it\/cms\/borsa-di-studio-ugis-per-il-giornalismo-scientifico-e-tecnologico-2025-un-tirocinio-presso-il-cern-di-ginevra\/\",\"url\":\"https:\/\/ugis.it\/cms\/borsa-di-studio-ugis-per-il-giornalismo-scientifico-e-tecnologico-2025-un-tirocinio-presso-il-cern-di-ginevra\/\",\"name\":\"Borsa di studio UGIS per il giornalismo scientifico e tecnologico 2025: un tirocinio presso il CERN di Ginevra - UGIS\",\"isPartOf\":{\"@id\":\"https:\/\/ugis.it\/cms\/#website\"},\"datePublished\":\"2025-01-23T12:09:04+00:00\",\"dateModified\":\"2025-03-19T14:01:21+00:00\",\"breadcrumb\":{\"@id\":\"https:\/\/ugis.it\/cms\/borsa-di-studio-ugis-per-il-giornalismo-scientifico-e-tecnologico-2025-un-tirocinio-presso-il-cern-di-ginevra\/#breadcrumb\"},\"inLanguage\":\"it-IT\",\"potentialAction\":[{\"@type\":\"ReadAction\",\"target\":[\"https:\/\/ugis.it\/cms\/borsa-di-studio-ugis-per-il-giornalismo-scientifico-e-tecnologico-2025-un-tirocinio-presso-il-cern-di-ginevra\/\"]}]},{\"@type\":\"BreadcrumbList\",\"@id\":\"https:\/\/ugis.it\/cms\/borsa-di-studio-ugis-per-il-giornalismo-scientifico-e-tecnologico-2025-un-tirocinio-presso-il-cern-di-ginevra\/#breadcrumb\",\"itemListElement\":[{\"@type\":\"ListItem\",\"position\":1,\"name\":\"Home\",\"item\":\"https:\/\/ugis.it\/cms\/\"},{\"@type\":\"ListItem\",\"position\":2,\"name\":\"Borsa di studio UGIS per il giornalismo scientifico e tecnologico 2025: un tirocinio presso il CERN di Ginevra\"}]},{\"@type\":\"WebSite\",\"@id\":\"https:\/\/ugis.it\/cms\/#website\",\"url\":\"https:\/\/ugis.it\/cms\/\",\"name\":\"UGIS\",\"description\":\"Unione Giornalisti Italiani Scientifici\",\"publisher\":{\"@id\":\"https:\/\/ugis.it\/cms\/#organization\"},\"potentialAction\":[{\"@type\":\"SearchAction\",\"target\":{\"@type\":\"EntryPoint\",\"urlTemplate\":\"https:\/\/ugis.it\/cms\/?s={search_term_string}\"},\"query-input\":{\"@type\":\"PropertyValueSpecification\",\"valueRequired\":true,\"valueName\":\"search_term_string\"}}],\"inLanguage\":\"it-IT\"},{\"@type\":\"Organization\",\"@id\":\"https:\/\/ugis.it\/cms\/#organization\",\"name\":\"UGIS\",\"url\":\"https:\/\/ugis.it\/cms\/\",\"logo\":{\"@type\":\"ImageObject\",\"inLanguage\":\"it-IT\",\"@id\":\"https:\/\/ugis.it\/cms\/#\/schema\/logo\/image\/\",\"url\":\"https:\/\/ugis.it\/cms\/wp-content\/uploads\/2015\/04\/logo-UGIS_colori.jpg\",\"contentUrl\":\"https:\/\/ugis.it\/cms\/wp-content\/uploads\/2015\/04\/logo-UGIS_colori.jpg\",\"width\":198,\"height\":91,\"caption\":\"UGIS\"},\"image\":{\"@id\":\"https:\/\/ugis.it\/cms\/#\/schema\/logo\/image\/\"}},{\"@type\":\"Person\",\"@id\":\"https:\/\/ugis.it\/cms\/#\/schema\/person\/26f685559166088afc44edd3fe82e851\",\"name\":\"UGIS\",\"image\":{\"@type\":\"ImageObject\",\"inLanguage\":\"it-IT\",\"@id\":\"https:\/\/secure.gravatar.com\/avatar\/dffd56f6a99e8ed4fdf6a24f3a35afe8112cffe5012a77acfe7b8bd7a60564bb?s=96&d=mm&r=g\",\"url\":\"https:\/\/secure.gravatar.com\/avatar\/dffd56f6a99e8ed4fdf6a24f3a35afe8112cffe5012a77acfe7b8bd7a60564bb?s=96&d=mm&r=g\",\"contentUrl\":\"https:\/\/secure.gravatar.com\/avatar\/dffd56f6a99e8ed4fdf6a24f3a35afe8112cffe5012a77acfe7b8bd7a60564bb?s=96&d=mm&r=g\",\"caption\":\"UGIS\"},\"url\":\"https:\/\/ugis.it\/cms\/author\/webmaster\/\"}]}<\/script>\n<!-- \/ Yoast SEO plugin. -->","yoast_head_json":{"title":"Borsa di studio UGIS per il giornalismo scientifico e tecnologico 2025: un tirocinio presso il CERN di Ginevra - UGIS","robots":{"index":"index","follow":"follow","max-snippet":"max-snippet:-1","max-image-preview":"max-image-preview:large","max-video-preview":"max-video-preview:-1"},"canonical":"https:\/\/ugis.it\/cms\/borsa-di-studio-ugis-per-il-giornalismo-scientifico-e-tecnologico-2025-un-tirocinio-presso-il-cern-di-ginevra\/","og_locale":"it_IT","og_type":"article","og_title":"Borsa di studio UGIS per il giornalismo scientifico e tecnologico 2025: un tirocinio presso il CERN di Ginevra - UGIS","og_description":"Il bando \u00e8 indetto nell\u2019ambito dei Premi e Borse di studio UGIS \u201cPaola de Paoli - Camillo Marchetti\u201d .","og_url":"https:\/\/ugis.it\/cms\/borsa-di-studio-ugis-per-il-giornalismo-scientifico-e-tecnologico-2025-un-tirocinio-presso-il-cern-di-ginevra\/","og_site_name":"UGIS","article_published_time":"2025-01-23T12:09:04+00:00","article_modified_time":"2025-03-19T14:01:21+00:00","author":"UGIS","twitter_card":"summary_large_image","twitter_misc":{"Scritto da":"UGIS","Tempo di lettura stimato":"3 minuti"},"schema":{"@context":"https:\/\/schema.org","@graph":[{"@type":"Article","@id":"https:\/\/ugis.it\/cms\/borsa-di-studio-ugis-per-il-giornalismo-scientifico-e-tecnologico-2025-un-tirocinio-presso-il-cern-di-ginevra\/#article","isPartOf":{"@id":"https:\/\/ugis.it\/cms\/borsa-di-studio-ugis-per-il-giornalismo-scientifico-e-tecnologico-2025-un-tirocinio-presso-il-cern-di-ginevra\/"},"author":{"name":"UGIS","@id":"https:\/\/ugis.it\/cms\/#\/schema\/person\/26f685559166088afc44edd3fe82e851"},"headline":"Borsa di studio UGIS per il giornalismo scientifico e tecnologico 2025: un tirocinio presso il CERN di Ginevra","datePublished":"2025-01-23T12:09:04+00:00","dateModified":"2025-03-19T14:01:21+00:00","mainEntityOfPage":{"@id":"https:\/\/ugis.it\/cms\/borsa-di-studio-ugis-per-il-giornalismo-scientifico-e-tecnologico-2025-un-tirocinio-presso-il-cern-di-ginevra\/"},"wordCount":466,"publisher":{"@id":"https:\/\/ugis.it\/cms\/#organization"},"articleSection":["Associazione","News"],"inLanguage":"it-IT"},{"@type":"WebPage","@id":"https:\/\/ugis.it\/cms\/borsa-di-studio-ugis-per-il-giornalismo-scientifico-e-tecnologico-2025-un-tirocinio-presso-il-cern-di-ginevra\/","url":"https:\/\/ugis.it\/cms\/borsa-di-studio-ugis-per-il-giornalismo-scientifico-e-tecnologico-2025-un-tirocinio-presso-il-cern-di-ginevra\/","name":"Borsa di studio UGIS per il giornalismo scientifico e tecnologico 2025: un tirocinio presso il CERN di Ginevra - UGIS","isPartOf":{"@id":"https:\/\/ugis.it\/cms\/#website"},"datePublished":"2025-01-23T12:09:04+00:00","dateModified":"2025-03-19T14:01:21+00:00","breadcrumb":{"@id":"https:\/\/ugis.it\/cms\/borsa-di-studio-ugis-per-il-giornalismo-scientifico-e-tecnologico-2025-un-tirocinio-presso-il-cern-di-ginevra\/#breadcrumb"},"inLanguage":"it-IT","potentialAction":[{"@type":"ReadAction","target":["https:\/\/ugis.it\/cms\/borsa-di-studio-ugis-per-il-giornalismo-scientifico-e-tecnologico-2025-un-tirocinio-presso-il-cern-di-ginevra\/"]}]},{"@type":"BreadcrumbList","@id":"https:\/\/ugis.it\/cms\/borsa-di-studio-ugis-per-il-giornalismo-scientifico-e-tecnologico-2025-un-tirocinio-presso-il-cern-di-ginevra\/#breadcrumb","itemListElement":[{"@type":"ListItem","position":1,"name":"Home","item":"https:\/\/ugis.it\/cms\/"},{"@type":"ListItem","position":2,"name":"Borsa di studio UGIS per il giornalismo scientifico e tecnologico 2025: un tirocinio presso il CERN di Ginevra"}]},{"@type":"WebSite","@id":"https:\/\/ugis.it\/cms\/#website","url":"https:\/\/ugis.it\/cms\/","name":"UGIS","description":"Unione Giornalisti Italiani Scientifici","publisher":{"@id":"https:\/\/ugis.it\/cms\/#organization"},"potentialAction":[{"@type":"SearchAction","target":{"@type":"EntryPoint","urlTemplate":"https:\/\/ugis.it\/cms\/?s={search_term_string}"},"query-input":{"@type":"PropertyValueSpecification","valueRequired":true,"valueName":"search_term_string"}}],"inLanguage":"it-IT"},{"@type":"Organization","@id":"https:\/\/ugis.it\/cms\/#organization","name":"UGIS","url":"https:\/\/ugis.it\/cms\/","logo":{"@type":"ImageObject","inLanguage":"it-IT","@id":"https:\/\/ugis.it\/cms\/#\/schema\/logo\/image\/","url":"https:\/\/ugis.it\/cms\/wp-content\/uploads\/2015\/04\/logo-UGIS_colori.jpg","contentUrl":"https:\/\/ugis.it\/cms\/wp-content\/uploads\/2015\/04\/logo-UGIS_colori.jpg","width":198,"height":91,"caption":"UGIS"},"image":{"@id":"https:\/\/ugis.it\/cms\/#\/schema\/logo\/image\/"}},{"@type":"Person","@id":"https:\/\/ugis.it\/cms\/#\/schema\/person\/26f685559166088afc44edd3fe82e851","name":"UGIS","image":{"@type":"ImageObject","inLanguage":"it-IT","@id":"https:\/\/secure.gravatar.com\/avatar\/dffd56f6a99e8ed4fdf6a24f3a35afe8112cffe5012a77acfe7b8bd7a60564bb?s=96&d=mm&r=g","url":"https:\/\/secure.gravatar.com\/avatar\/dffd56f6a99e8ed4fdf6a24f3a35afe8112cffe5012a77acfe7b8bd7a60564bb?s=96&d=mm&r=g","contentUrl":"https:\/\/secure.gravatar.com\/avatar\/dffd56f6a99e8ed4fdf6a24f3a35afe8112cffe5012a77acfe7b8bd7a60564bb?s=96&d=mm&r=g","caption":"UGIS"},"url":"https:\/\/ugis.it\/cms\/author\/webmaster\/"}]}},"_links":{"self":[{"href":"https:\/\/ugis.it\/cms\/wp-json\/wp\/v2\/posts\/1581607","targetHints":{"allow":["GET"]}}],"collection":[{"href":"https:\/\/ugis.it\/cms\/wp-json\/wp\/v2\/posts"}],"about":[{"href":"https:\/\/ugis.it\/cms\/wp-json\/wp\/v2\/types\/post"}],"author":[{"embeddable":true,"href":"https:\/\/ugis.it\/cms\/wp-json\/wp\/v2\/users\/16"}],"replies":[{"embeddable":true,"href":"https:\/\/ugis.it\/cms\/wp-json\/wp\/v2\/comments?post=1581607"}],"version-history":[{"count":2,"href":"https:\/\/ugis.it\/cms\/wp-json\/wp\/v2\/posts\/1581607\/revisions"}],"predecessor-version":[{"id":1581787,"href":"https:\/\/ugis.it\/cms\/wp-json\/wp\/v2\/posts\/1581607\/revisions\/1581787"}],"wp:attachment":[{"href":"https:\/\/ugis.it\/cms\/wp-json\/wp\/v2\/media?parent=1581607"}],"wp:term":[{"taxonomy":"category","embeddable":true,"href":"https:\/\/ugis.it\/cms\/wp-json\/wp\/v2\/categories?post=1581607"},{"taxonomy":"post_tag","embeddable":true,"href":"https:\/\/ugis.it\/cms\/wp-json\/wp\/v2\/tags?post=1581607"}],"curies":[{"name":"wp","href":"https:\/\/api.w.org\/{rel}","templated":true}]}}