{"id":1580995,"date":"2016-03-23T00:30:10","date_gmt":"2016-03-22T23:30:10","guid":{"rendered":"https:\/\/ugis.it\/cms\/?p=1580995"},"modified":"2024-08-02T16:13:41","modified_gmt":"2024-08-02T14:13:41","slug":"samanta-sforna","status":"publish","type":"post","link":"https:\/\/ugis.it\/cms\/samanta-sforna\/","title":{"rendered":"Samanta Sforna"},"content":{"rendered":"<p>[et_pb_section fb_built=&#8221;1&#8243; admin_label=&#8221;section&#8221; _builder_version=&#8221;4.16&#8243; global_colors_info=&#8221;{}&#8221;][et_pb_row admin_label=&#8221;row&#8221; _builder_version=&#8221;4.16&#8243; background_size=&#8221;initial&#8221; background_position=&#8221;top_left&#8221; background_repeat=&#8221;repeat&#8221; global_colors_info=&#8221;{}&#8221;][et_pb_column type=&#8221;4_4&#8243; _builder_version=&#8221;4.16&#8243; custom_padding=&#8221;|||&#8221; global_colors_info=&#8221;{}&#8221; custom_padding__hover=&#8221;|||&#8221;][et_pb_text _builder_version=&#8221;4.25.2&#8243; background_size=&#8221;initial&#8221; background_position=&#8221;top_left&#8221; background_repeat=&#8221;repeat&#8221; text_orientation=&#8221;justified&#8221; hover_enabled=&#8221;0&#8243; use_border_color=&#8221;off&#8221; border_color=&#8221;#ffffff&#8221; border_style=&#8221;solid&#8221; global_colors_info=&#8221;{}&#8221; sticky_enabled=&#8221;0&#8243;]<\/p>\n<p><img loading=\"lazy\" decoding=\"async\" class=\"wp-image-1580996 size-full alignleft\" src=\"https:\/\/ugis.it\/cms\/wp-content\/uploads\/2024\/08\/Samanta-Sforna.jpg\" alt=\"\" width=\"227\" height=\"300\" \/>Giornalista Pubblicista iscritta all\u2019Ordine Regionale dei Giornalisti dell\u2019Umbria dal 2021 e Infermiera Professionista iscritta all\u2019Ordine delle Professioni Infermieristiche di Perugia dal 2023, <strong>Samanta Sforna<\/strong>, fin da piccola \u00e8 appassionata di lettura e scrittura. Consegue la maturit\u00e0 linguistica ma, ci\u00f2 nonostante, durante gli studi si appassiona alle materie scientifiche, in particolare biologia e chimica. Subito dopo il diploma inizia a collaborare con diverse testate giornalistiche locali, occupandosi della cronaca del territorio umbro.<br \/>Tuttavia, non dimenticandosi della sua dimensione umanistica, si iscrive alla Croce Rossa Italiana e, dopo un corso di due anni, ottiene il diploma di infermiera volontaria, contribuendo ai servizi di comitato, di rappresentanza e svolgendo assistenza sanitaria durante il reclutamento in caserma.<\/p>\n<p>Sempre pi\u00f9 interessata alla persona e ai suoi bisogni, decide di iscriversi al corso di laurea in Infermieristica presso l&#8217;Universit\u00e0 di Perugia. Dopo l&#8217;esperienza di tirocinio presso l&#8217;Azienda ospedaliera di Perugia e di Terni, presso il presidio ospedaliero di Assisi e anche in ospedale da campo istituito temporaneamente durante l\u2019emergenza covid, si laurea con una tesi riguardante l\u2019\u201dInfermiere scolastico la gestione assistenziale dei bambini affetti da Diabete Mellito di Tipo 1\u201d.<\/p>\n<p>Su \u201cTerrenostre\u201d, giornale e rivista online con supporto cartaceo, ha scritto numerosi articoli riguardanti la salute e la sanit\u00e0, mentre su \u201cNurse Times\u201d ha pubblicato articoli specifici riguardanti la professione infermieristica e l\u2019assistenza.<br \/>Oggi si sta sempre pi\u00f9 appassionando all\u2019infermieristica legale e ai casi di true crime, decidendo, cos\u00ec, di ampliare le sue conoscenze e competenze in questi campi.<\/p>\n<p>[\/et_pb_text][\/et_pb_column][\/et_pb_row][\/et_pb_section]<\/p>\n","protected":false},"excerpt":{"rendered":"<h6>Da anni membro del consiglio direttivo e tesoriere di UGIS Unione Giornalisti Italiani Scientifici. Specializzato nel settore scientifico e aerospaziale, \u00e8 responsabile dell\u2019ufficio stampa SACBO dell\u2019Aeroporto di Milano Bergamo.<\/p>\n","protected":false},"author":16,"featured_media":1580996,"comment_status":"closed","ping_status":"closed","sticky":false,"template":"","format":"image","meta":{"_et_pb_use_builder":"on","_et_pb_old_content":"<p>23<\/p>","_et_gb_content_width":"","footnotes":""},"categories":[35],"tags":[],"class_list":["post-1580995","post","type-post","status-publish","format-image","has-post-thumbnail","hentry","category-biografie-dei-soci","post_format-post-format-image"],"yoast_head":"<!-- This site is optimized with the Yoast SEO plugin v27.4 - https:\/\/yoast.com\/product\/yoast-seo-wordpress\/ -->\n<title>Samanta Sforna - UGIS<\/title>\n<meta name=\"robots\" content=\"index, follow, max-snippet:-1, max-image-preview:large, max-video-preview:-1\" \/>\n<link rel=\"canonical\" href=\"https:\/\/ugis.it\/cms\/samanta-sforna\/\" \/>\n<meta property=\"og:locale\" content=\"it_IT\" \/>\n<meta property=\"og:type\" content=\"article\" \/>\n<meta property=\"og:title\" content=\"Samanta Sforna - UGIS\" \/>\n<meta property=\"og:description\" content=\"Da anni membro del consiglio direttivo e tesoriere di UGIS Unione Giornalisti Italiani Scientifici. Specializzato nel settore scientifico e aerospaziale, \u00e8 responsabile dell\u2019ufficio stampa SACBO dell\u2019Aeroporto di Milano Bergamo.\" \/>\n<meta property=\"og:url\" content=\"https:\/\/ugis.it\/cms\/samanta-sforna\/\" \/>\n<meta property=\"og:site_name\" content=\"UGIS\" \/>\n<meta property=\"article:published_time\" content=\"2016-03-22T23:30:10+00:00\" \/>\n<meta property=\"article:modified_time\" content=\"2024-08-02T14:13:41+00:00\" \/>\n<meta property=\"og:image\" content=\"https:\/\/ugis.it\/cms\/wp-content\/uploads\/2024\/08\/Samanta-Sforna.jpg\" \/>\n\t<meta property=\"og:image:width\" content=\"227\" \/>\n\t<meta property=\"og:image:height\" content=\"300\" \/>\n\t<meta property=\"og:image:type\" content=\"image\/jpeg\" \/>\n<meta name=\"author\" content=\"UGIS\" \/>\n<meta name=\"twitter:card\" content=\"summary_large_image\" \/>\n<meta name=\"twitter:label1\" content=\"Scritto da\" \/>\n\t<meta name=\"twitter:data1\" content=\"UGIS\" \/>\n\t<meta name=\"twitter:label2\" content=\"Tempo di lettura stimato\" \/>\n\t<meta name=\"twitter:data2\" content=\"2 minuti\" \/>\n<script type=\"application\/ld+json\" class=\"yoast-schema-graph\">{\"@context\":\"https:\\\/\\\/schema.org\",\"@graph\":[{\"@type\":\"Article\",\"@id\":\"https:\\\/\\\/ugis.it\\\/cms\\\/samanta-sforna\\\/#article\",\"isPartOf\":{\"@id\":\"https:\\\/\\\/ugis.it\\\/cms\\\/samanta-sforna\\\/\"},\"author\":{\"name\":\"UGIS\",\"@id\":\"https:\\\/\\\/ugis.it\\\/cms\\\/#\\\/schema\\\/person\\\/26f685559166088afc44edd3fe82e851\"},\"headline\":\"Samanta Sforna\",\"datePublished\":\"2016-03-22T23:30:10+00:00\",\"dateModified\":\"2024-08-02T14:13:41+00:00\",\"mainEntityOfPage\":{\"@id\":\"https:\\\/\\\/ugis.it\\\/cms\\\/samanta-sforna\\\/\"},\"wordCount\":346,\"publisher\":{\"@id\":\"https:\\\/\\\/ugis.it\\\/cms\\\/#organization\"},\"image\":{\"@id\":\"https:\\\/\\\/ugis.it\\\/cms\\\/samanta-sforna\\\/#primaryimage\"},\"thumbnailUrl\":\"https:\\\/\\\/ugis.it\\\/cms\\\/wp-content\\\/uploads\\\/2024\\\/08\\\/Samanta-Sforna.jpg\",\"articleSection\":[\"Biografie dei soci\"],\"inLanguage\":\"it-IT\"},{\"@type\":\"WebPage\",\"@id\":\"https:\\\/\\\/ugis.it\\\/cms\\\/samanta-sforna\\\/\",\"url\":\"https:\\\/\\\/ugis.it\\\/cms\\\/samanta-sforna\\\/\",\"name\":\"Samanta Sforna - UGIS\",\"isPartOf\":{\"@id\":\"https:\\\/\\\/ugis.it\\\/cms\\\/#website\"},\"primaryImageOfPage\":{\"@id\":\"https:\\\/\\\/ugis.it\\\/cms\\\/samanta-sforna\\\/#primaryimage\"},\"image\":{\"@id\":\"https:\\\/\\\/ugis.it\\\/cms\\\/samanta-sforna\\\/#primaryimage\"},\"thumbnailUrl\":\"https:\\\/\\\/ugis.it\\\/cms\\\/wp-content\\\/uploads\\\/2024\\\/08\\\/Samanta-Sforna.jpg\",\"datePublished\":\"2016-03-22T23:30:10+00:00\",\"dateModified\":\"2024-08-02T14:13:41+00:00\",\"breadcrumb\":{\"@id\":\"https:\\\/\\\/ugis.it\\\/cms\\\/samanta-sforna\\\/#breadcrumb\"},\"inLanguage\":\"it-IT\",\"potentialAction\":[{\"@type\":\"ReadAction\",\"target\":[\"https:\\\/\\\/ugis.it\\\/cms\\\/samanta-sforna\\\/\"]}]},{\"@type\":\"ImageObject\",\"inLanguage\":\"it-IT\",\"@id\":\"https:\\\/\\\/ugis.it\\\/cms\\\/samanta-sforna\\\/#primaryimage\",\"url\":\"https:\\\/\\\/ugis.it\\\/cms\\\/wp-content\\\/uploads\\\/2024\\\/08\\\/Samanta-Sforna.jpg\",\"contentUrl\":\"https:\\\/\\\/ugis.it\\\/cms\\\/wp-content\\\/uploads\\\/2024\\\/08\\\/Samanta-Sforna.jpg\",\"width\":227,\"height\":300},{\"@type\":\"BreadcrumbList\",\"@id\":\"https:\\\/\\\/ugis.it\\\/cms\\\/samanta-sforna\\\/#breadcrumb\",\"itemListElement\":[{\"@type\":\"ListItem\",\"position\":1,\"name\":\"Home\",\"item\":\"https:\\\/\\\/ugis.it\\\/cms\\\/\"},{\"@type\":\"ListItem\",\"position\":2,\"name\":\"Samanta Sforna\"}]},{\"@type\":\"WebSite\",\"@id\":\"https:\\\/\\\/ugis.it\\\/cms\\\/#website\",\"url\":\"https:\\\/\\\/ugis.it\\\/cms\\\/\",\"name\":\"UGIS\",\"description\":\"Unione Giornalisti Italiani Scientifici\",\"publisher\":{\"@id\":\"https:\\\/\\\/ugis.it\\\/cms\\\/#organization\"},\"potentialAction\":[{\"@type\":\"SearchAction\",\"target\":{\"@type\":\"EntryPoint\",\"urlTemplate\":\"https:\\\/\\\/ugis.it\\\/cms\\\/?s={search_term_string}\"},\"query-input\":{\"@type\":\"PropertyValueSpecification\",\"valueRequired\":true,\"valueName\":\"search_term_string\"}}],\"inLanguage\":\"it-IT\"},{\"@type\":\"Organization\",\"@id\":\"https:\\\/\\\/ugis.it\\\/cms\\\/#organization\",\"name\":\"UGIS\",\"url\":\"https:\\\/\\\/ugis.it\\\/cms\\\/\",\"logo\":{\"@type\":\"ImageObject\",\"inLanguage\":\"it-IT\",\"@id\":\"https:\\\/\\\/ugis.it\\\/cms\\\/#\\\/schema\\\/logo\\\/image\\\/\",\"url\":\"https:\\\/\\\/ugis.it\\\/cms\\\/wp-content\\\/uploads\\\/2015\\\/04\\\/logo-UGIS_colori.jpg\",\"contentUrl\":\"https:\\\/\\\/ugis.it\\\/cms\\\/wp-content\\\/uploads\\\/2015\\\/04\\\/logo-UGIS_colori.jpg\",\"width\":198,\"height\":91,\"caption\":\"UGIS\"},\"image\":{\"@id\":\"https:\\\/\\\/ugis.it\\\/cms\\\/#\\\/schema\\\/logo\\\/image\\\/\"}},{\"@type\":\"Person\",\"@id\":\"https:\\\/\\\/ugis.it\\\/cms\\\/#\\\/schema\\\/person\\\/26f685559166088afc44edd3fe82e851\",\"name\":\"UGIS\",\"image\":{\"@type\":\"ImageObject\",\"inLanguage\":\"it-IT\",\"@id\":\"https:\\\/\\\/secure.gravatar.com\\\/avatar\\\/dffd56f6a99e8ed4fdf6a24f3a35afe8112cffe5012a77acfe7b8bd7a60564bb?s=96&d=mm&r=g\",\"url\":\"https:\\\/\\\/secure.gravatar.com\\\/avatar\\\/dffd56f6a99e8ed4fdf6a24f3a35afe8112cffe5012a77acfe7b8bd7a60564bb?s=96&d=mm&r=g\",\"contentUrl\":\"https:\\\/\\\/secure.gravatar.com\\\/avatar\\\/dffd56f6a99e8ed4fdf6a24f3a35afe8112cffe5012a77acfe7b8bd7a60564bb?s=96&d=mm&r=g\",\"caption\":\"UGIS\"},\"url\":\"https:\\\/\\\/ugis.it\\\/cms\\\/author\\\/webmaster\\\/\"}]}<\/script>\n<!-- \/ Yoast SEO plugin. -->","yoast_head_json":{"title":"Samanta Sforna - UGIS","robots":{"index":"index","follow":"follow","max-snippet":"max-snippet:-1","max-image-preview":"max-image-preview:large","max-video-preview":"max-video-preview:-1"},"canonical":"https:\/\/ugis.it\/cms\/samanta-sforna\/","og_locale":"it_IT","og_type":"article","og_title":"Samanta Sforna - UGIS","og_description":"Da anni membro del consiglio direttivo e tesoriere di UGIS Unione Giornalisti Italiani Scientifici. Specializzato nel settore scientifico e aerospaziale, \u00e8 responsabile dell\u2019ufficio stampa SACBO dell\u2019Aeroporto di Milano Bergamo.","og_url":"https:\/\/ugis.it\/cms\/samanta-sforna\/","og_site_name":"UGIS","article_published_time":"2016-03-22T23:30:10+00:00","article_modified_time":"2024-08-02T14:13:41+00:00","og_image":[{"width":227,"height":300,"url":"https:\/\/ugis.it\/cms\/wp-content\/uploads\/2024\/08\/Samanta-Sforna.jpg","type":"image\/jpeg"}],"author":"UGIS","twitter_card":"summary_large_image","twitter_misc":{"Scritto da":"UGIS","Tempo di lettura stimato":"2 minuti"},"schema":{"@context":"https:\/\/schema.org","@graph":[{"@type":"Article","@id":"https:\/\/ugis.it\/cms\/samanta-sforna\/#article","isPartOf":{"@id":"https:\/\/ugis.it\/cms\/samanta-sforna\/"},"author":{"name":"UGIS","@id":"https:\/\/ugis.it\/cms\/#\/schema\/person\/26f685559166088afc44edd3fe82e851"},"headline":"Samanta Sforna","datePublished":"2016-03-22T23:30:10+00:00","dateModified":"2024-08-02T14:13:41+00:00","mainEntityOfPage":{"@id":"https:\/\/ugis.it\/cms\/samanta-sforna\/"},"wordCount":346,"publisher":{"@id":"https:\/\/ugis.it\/cms\/#organization"},"image":{"@id":"https:\/\/ugis.it\/cms\/samanta-sforna\/#primaryimage"},"thumbnailUrl":"https:\/\/ugis.it\/cms\/wp-content\/uploads\/2024\/08\/Samanta-Sforna.jpg","articleSection":["Biografie dei soci"],"inLanguage":"it-IT"},{"@type":"WebPage","@id":"https:\/\/ugis.it\/cms\/samanta-sforna\/","url":"https:\/\/ugis.it\/cms\/samanta-sforna\/","name":"Samanta Sforna - UGIS","isPartOf":{"@id":"https:\/\/ugis.it\/cms\/#website"},"primaryImageOfPage":{"@id":"https:\/\/ugis.it\/cms\/samanta-sforna\/#primaryimage"},"image":{"@id":"https:\/\/ugis.it\/cms\/samanta-sforna\/#primaryimage"},"thumbnailUrl":"https:\/\/ugis.it\/cms\/wp-content\/uploads\/2024\/08\/Samanta-Sforna.jpg","datePublished":"2016-03-22T23:30:10+00:00","dateModified":"2024-08-02T14:13:41+00:00","breadcrumb":{"@id":"https:\/\/ugis.it\/cms\/samanta-sforna\/#breadcrumb"},"inLanguage":"it-IT","potentialAction":[{"@type":"ReadAction","target":["https:\/\/ugis.it\/cms\/samanta-sforna\/"]}]},{"@type":"ImageObject","inLanguage":"it-IT","@id":"https:\/\/ugis.it\/cms\/samanta-sforna\/#primaryimage","url":"https:\/\/ugis.it\/cms\/wp-content\/uploads\/2024\/08\/Samanta-Sforna.jpg","contentUrl":"https:\/\/ugis.it\/cms\/wp-content\/uploads\/2024\/08\/Samanta-Sforna.jpg","width":227,"height":300},{"@type":"BreadcrumbList","@id":"https:\/\/ugis.it\/cms\/samanta-sforna\/#breadcrumb","itemListElement":[{"@type":"ListItem","position":1,"name":"Home","item":"https:\/\/ugis.it\/cms\/"},{"@type":"ListItem","position":2,"name":"Samanta Sforna"}]},{"@type":"WebSite","@id":"https:\/\/ugis.it\/cms\/#website","url":"https:\/\/ugis.it\/cms\/","name":"UGIS","description":"Unione Giornalisti Italiani Scientifici","publisher":{"@id":"https:\/\/ugis.it\/cms\/#organization"},"potentialAction":[{"@type":"SearchAction","target":{"@type":"EntryPoint","urlTemplate":"https:\/\/ugis.it\/cms\/?s={search_term_string}"},"query-input":{"@type":"PropertyValueSpecification","valueRequired":true,"valueName":"search_term_string"}}],"inLanguage":"it-IT"},{"@type":"Organization","@id":"https:\/\/ugis.it\/cms\/#organization","name":"UGIS","url":"https:\/\/ugis.it\/cms\/","logo":{"@type":"ImageObject","inLanguage":"it-IT","@id":"https:\/\/ugis.it\/cms\/#\/schema\/logo\/image\/","url":"https:\/\/ugis.it\/cms\/wp-content\/uploads\/2015\/04\/logo-UGIS_colori.jpg","contentUrl":"https:\/\/ugis.it\/cms\/wp-content\/uploads\/2015\/04\/logo-UGIS_colori.jpg","width":198,"height":91,"caption":"UGIS"},"image":{"@id":"https:\/\/ugis.it\/cms\/#\/schema\/logo\/image\/"}},{"@type":"Person","@id":"https:\/\/ugis.it\/cms\/#\/schema\/person\/26f685559166088afc44edd3fe82e851","name":"UGIS","image":{"@type":"ImageObject","inLanguage":"it-IT","@id":"https:\/\/secure.gravatar.com\/avatar\/dffd56f6a99e8ed4fdf6a24f3a35afe8112cffe5012a77acfe7b8bd7a60564bb?s=96&d=mm&r=g","url":"https:\/\/secure.gravatar.com\/avatar\/dffd56f6a99e8ed4fdf6a24f3a35afe8112cffe5012a77acfe7b8bd7a60564bb?s=96&d=mm&r=g","contentUrl":"https:\/\/secure.gravatar.com\/avatar\/dffd56f6a99e8ed4fdf6a24f3a35afe8112cffe5012a77acfe7b8bd7a60564bb?s=96&d=mm&r=g","caption":"UGIS"},"url":"https:\/\/ugis.it\/cms\/author\/webmaster\/"}]}},"_links":{"self":[{"href":"https:\/\/ugis.it\/cms\/wp-json\/wp\/v2\/posts\/1580995","targetHints":{"allow":["GET"]}}],"collection":[{"href":"https:\/\/ugis.it\/cms\/wp-json\/wp\/v2\/posts"}],"about":[{"href":"https:\/\/ugis.it\/cms\/wp-json\/wp\/v2\/types\/post"}],"author":[{"embeddable":true,"href":"https:\/\/ugis.it\/cms\/wp-json\/wp\/v2\/users\/16"}],"replies":[{"embeddable":true,"href":"https:\/\/ugis.it\/cms\/wp-json\/wp\/v2\/comments?post=1580995"}],"version-history":[{"count":2,"href":"https:\/\/ugis.it\/cms\/wp-json\/wp\/v2\/posts\/1580995\/revisions"}],"predecessor-version":[{"id":1581003,"href":"https:\/\/ugis.it\/cms\/wp-json\/wp\/v2\/posts\/1580995\/revisions\/1581003"}],"wp:featuredmedia":[{"embeddable":true,"href":"https:\/\/ugis.it\/cms\/wp-json\/wp\/v2\/media\/1580996"}],"wp:attachment":[{"href":"https:\/\/ugis.it\/cms\/wp-json\/wp\/v2\/media?parent=1580995"}],"wp:term":[{"taxonomy":"category","embeddable":true,"href":"https:\/\/ugis.it\/cms\/wp-json\/wp\/v2\/categories?post=1580995"},{"taxonomy":"post_tag","embeddable":true,"href":"https:\/\/ugis.it\/cms\/wp-json\/wp\/v2\/tags?post=1580995"}],"curies":[{"name":"wp","href":"https:\/\/api.w.org\/{rel}","templated":true}]}}