{"id":1580564,"date":"2024-05-22T10:54:47","date_gmt":"2024-05-22T08:54:47","guid":{"rendered":"https:\/\/ugis.it\/cms\/?p=1580564"},"modified":"2024-05-22T11:32:00","modified_gmt":"2024-05-22T09:32:00","slug":"corso-la-deontologia-nellinformazione-scientifica-e-nella-tutela-dei-minori-il-caso-del-bullismo-e-cyberbullismo-ore-14-00-18-00-6-crediti-per-i-giornalisti-24-magg","status":"publish","type":"post","link":"https:\/\/ugis.it\/cms\/corso-la-deontologia-nellinformazione-scientifica-e-nella-tutela-dei-minori-il-caso-del-bullismo-e-cyberbullismo-ore-14-00-18-00-6-crediti-per-i-giornalisti-24-magg\/","title":{"rendered":"Corso \u201cLa deontologia nell&#8217;informazione scientifica  e nella tutela dei minori.  Il caso del bullismo e cyberbullismo\u201d, ore 14.00 \u2013 18.00, 6 crediti per i giornalisti, 24 maggio 2024, Brescia"},"content":{"rendered":"<p>Corso di formazione promosso da UGIS d\u2019intesa con\u00a0Ordine dei Giornalisti Lombardia, FAST\u00a0\u2013 Federazione delle associazioni scientifiche e tecniche e con il patrocinio del Comune di Brescia.<\/p>\n<p>6 CFP per i giornalisti che si iscrivono direttamente sulla piattaforma\u00a0www.formazionegiornalisti.it<\/p>\n<p>Sala del Camino Palazzo Martinengo delle Palle, via San Martino delle Battaglie 18, Brescia<\/p>\n<p><strong>Descrizione<\/strong><br \/>\nI grandi cambiamenti nella scienza e nelle tecnologie coinvolgono direttamente il mondo dei media e il rapporto dei giovani con la tecnologia. La deontologia nell\u2019informazione scientifica \u00e8 sempre pi\u00f9 necessaria in una professione in divenire. UGIS-Unione Giornalisti Italiani Scientifici \u00e8 impegnata con FAST-Federazione delle associazioni scientifiche e tecniche e con l\u2019Ordine dei Giornalisti della Lombardia, in un percorso di formazione su questi temi.<br \/>\nNorme come l\u2019art. 6, sull\u2019informazione scientifica, del \u201cTesto Unico dei doveri del giornalista\u201d, insieme a strumenti metodologici specifici, aiutano i giornalisti nell\u2019affrontare i temi della scienza nelle notizie. Mentre l&#8217;art. 5 affronta la tutela dei minori iniziata con la Carta di Treviso.<br \/>\nC\u2019\u00e8 una emergenza che esplode nel mondo giovanile e si affronta l&#8217;esempio del cyberbullismo: Questa situazione arrivata ormai ad un tale punto di diffusione da rendere necessario un intervento iniziando dalle scuole dell\u2019obbligo e rimettendo al centro la Cultura e anche l\u2019etica, la giustizia, la politica, l\u2019economia e la struttura stessa dello Stato con la Costituzione e le leggi relative. \u00c8 anche responsabilit\u00e0 del giornalista conoscere le modalit\u00e0 di attuazione e le dimensioni di queste nuove realt\u00e0 sociali sui giovani quindi il futuro del nostro paese contribuendo cos\u00ec a ridimensionarle con una informazione incisiva e responsabile.<\/p>\n<p><strong>Programma<\/strong><br \/>\n13.45 Registrazione dei partecipanti<br \/>\n14. 00 Moderano<br \/>\n<strong>Luisa Monini<\/strong>, medico e giornalista scientifica, presidente Fondazione Brunelli, socia UGIS (Unione Giornalisti Italiani Scientifici) e UNAMSI.<br \/>\n<strong>Eugenio Sorrentino<\/strong>, giornalista professionista, ingegnere e membro del consiglio direttivo e segretario UGIS.<\/p>\n<p><strong>Relatori<\/strong><br \/>\n<em>Il valore della deontologia nell&#8217;informazione scientifica<\/em><br \/>\n<strong>Laura Silvia Battaglia<\/strong>, direttrice delle testate della Scuola di giornalismo dell\u2019Universit\u00e0 Cattolica di Milano, giornalista e componente del Consiglio di Disciplina dell\u2019Ordine deli giornalisti della Lombardia.<\/p>\n<p><em>Evoluzione nel digitale, tra vantaggi e criticit\u00e0<\/em><br \/>\n<strong>Emilio Sardini<\/strong>, professore ordinario e direttore del dipartimento di Ingegneria dell&#8217;Informazione dell\u2019Universit\u00e0 degli Studi di Brescia, coordinatore del Dottorato di Ricerca \u201cTechnology for Health\u201d, \u00e8 membro del coordinamento nazionale del Gruppo Misure Elettriche ed Elettroniche.<\/p>\n<p><em>La Scuola: laboratorio di rispetto e di educazione alle relazioni<\/em><br \/>\n<strong>Maria Paola Mostarda<\/strong>, docente di pedagogia della comunicazione e pedagogia del ciclo di vita presso l&#8217;Universit\u00e0 Cattolica di Brescia, \u00e8 preside della scuola secondaria di I grado &#8220;Audio fonetica&#8221;.<\/p>\n<p><em>Genitorialit\u00e0 liquida, adolescenze fragili: paradigmi declinabili?<\/em><br \/>\n<strong>Stefania Crema<\/strong>, avvocato, specialista in criminologia, mediatore dei conflitti familiari, docente universitaria, formatrice e supervisore.<\/p>\n<p><em>Cronache di una prepotenza annunciata<\/em><br \/>\n<strong>Claudio Baroni<\/strong>, giornalista professionista, editorialista e gi\u00e0 vicedirettore del Giornale di Brescia.<\/p>\n<p>17.45 Dibattito<\/p>\n<p>18.00 Chiusura dell\u2019incontro<\/p>\n<p>Aperto anche al pubblico, previa segnalazione a\u00a0<a href=\"mailto:fast@fast.mi.it\">fast@fast.mi.it<\/a><\/p>\n<p>Segreteria organizzativa:\u00a0<a href=\"mailto:ugis@ugis.it\">ugis@ugis.it<\/a><\/p>\n<p><strong><a href=\"https:\/\/ugis.it\/cms\/wp-content\/uploads\/2024\/05\/LOCANDINA_BRESCIA_24_05_2024_UGIS_FAST.pdf\" target=\"_blank\" rel=\"noopener\">Programma grafico in allegato<\/a><\/strong><\/p>\n","protected":false},"excerpt":{"rendered":"<h6>Corso di formazione promosso da UGIS d\u2019intesa con\u00a0Ordine dei Giornalisti Lombardia, FAST\u00a0\u2013 Federazione delle associazioni scientifiche e tecniche e con il patrocinio del Comune di Brescia.<\/h6>\n","protected":false},"author":16,"featured_media":0,"comment_status":"closed","ping_status":"closed","sticky":false,"template":"","format":"image","meta":{"_et_pb_use_builder":"","_et_pb_old_content":"","_et_gb_content_width":"","footnotes":""},"categories":[13,1],"tags":[],"class_list":["post-1580564","post","type-post","status-publish","format-image","hentry","category-associazione","category-news","post_format-post-format-image"],"yoast_head":"<!-- This site is optimized with the Yoast SEO plugin v27.2 - https:\/\/yoast.com\/product\/yoast-seo-wordpress\/ -->\n<title>Corso \u201cLa deontologia nell&#039;informazione scientifica e nella tutela dei minori. Il caso del bullismo e cyberbullismo\u201d, ore 14.00 \u2013 18.00, 6 crediti per i giornalisti, 24 maggio 2024, Brescia - UGIS<\/title>\n<meta name=\"robots\" content=\"index, follow, max-snippet:-1, max-image-preview:large, max-video-preview:-1\" \/>\n<link rel=\"canonical\" href=\"https:\/\/ugis.it\/cms\/corso-la-deontologia-nellinformazione-scientifica-e-nella-tutela-dei-minori-il-caso-del-bullismo-e-cyberbullismo-ore-14-00-18-00-6-crediti-per-i-giornalisti-24-magg\/\" \/>\n<meta property=\"og:locale\" content=\"it_IT\" \/>\n<meta property=\"og:type\" content=\"article\" \/>\n<meta property=\"og:title\" content=\"Corso \u201cLa deontologia nell&#039;informazione scientifica e nella tutela dei minori. Il caso del bullismo e cyberbullismo\u201d, ore 14.00 \u2013 18.00, 6 crediti per i giornalisti, 24 maggio 2024, Brescia - UGIS\" \/>\n<meta property=\"og:description\" content=\"Corso di formazione promosso da UGIS d\u2019intesa con\u00a0Ordine dei Giornalisti Lombardia, FAST\u00a0\u2013 Federazione delle associazioni scientifiche e tecniche e con il patrocinio del Comune di Brescia.\" \/>\n<meta property=\"og:url\" content=\"https:\/\/ugis.it\/cms\/corso-la-deontologia-nellinformazione-scientifica-e-nella-tutela-dei-minori-il-caso-del-bullismo-e-cyberbullismo-ore-14-00-18-00-6-crediti-per-i-giornalisti-24-magg\/\" \/>\n<meta property=\"og:site_name\" content=\"UGIS\" \/>\n<meta property=\"article:published_time\" content=\"2024-05-22T08:54:47+00:00\" \/>\n<meta property=\"article:modified_time\" content=\"2024-05-22T09:32:00+00:00\" \/>\n<meta name=\"author\" content=\"UGIS\" \/>\n<meta name=\"twitter:card\" content=\"summary_large_image\" \/>\n<meta name=\"twitter:label1\" content=\"Scritto da\" \/>\n\t<meta name=\"twitter:data1\" content=\"UGIS\" \/>\n\t<meta name=\"twitter:label2\" content=\"Tempo di lettura stimato\" \/>\n\t<meta name=\"twitter:data2\" content=\"3 minuti\" \/>\n<script type=\"application\/ld+json\" class=\"yoast-schema-graph\">{\"@context\":\"https:\/\/schema.org\",\"@graph\":[{\"@type\":\"Article\",\"@id\":\"https:\/\/ugis.it\/cms\/corso-la-deontologia-nellinformazione-scientifica-e-nella-tutela-dei-minori-il-caso-del-bullismo-e-cyberbullismo-ore-14-00-18-00-6-crediti-per-i-giornalisti-24-magg\/#article\",\"isPartOf\":{\"@id\":\"https:\/\/ugis.it\/cms\/corso-la-deontologia-nellinformazione-scientifica-e-nella-tutela-dei-minori-il-caso-del-bullismo-e-cyberbullismo-ore-14-00-18-00-6-crediti-per-i-giornalisti-24-magg\/\"},\"author\":{\"name\":\"UGIS\",\"@id\":\"https:\/\/ugis.it\/cms\/#\/schema\/person\/26f685559166088afc44edd3fe82e851\"},\"headline\":\"Corso \u201cLa deontologia nell&#8217;informazione scientifica e nella tutela dei minori. Il caso del bullismo e cyberbullismo\u201d, ore 14.00 \u2013 18.00, 6 crediti per i giornalisti, 24 maggio 2024, Brescia\",\"datePublished\":\"2024-05-22T08:54:47+00:00\",\"dateModified\":\"2024-05-22T09:32:00+00:00\",\"mainEntityOfPage\":{\"@id\":\"https:\/\/ugis.it\/cms\/corso-la-deontologia-nellinformazione-scientifica-e-nella-tutela-dei-minori-il-caso-del-bullismo-e-cyberbullismo-ore-14-00-18-00-6-crediti-per-i-giornalisti-24-magg\/\"},\"wordCount\":500,\"publisher\":{\"@id\":\"https:\/\/ugis.it\/cms\/#organization\"},\"articleSection\":[\"Associazione\",\"News\"],\"inLanguage\":\"it-IT\"},{\"@type\":\"WebPage\",\"@id\":\"https:\/\/ugis.it\/cms\/corso-la-deontologia-nellinformazione-scientifica-e-nella-tutela-dei-minori-il-caso-del-bullismo-e-cyberbullismo-ore-14-00-18-00-6-crediti-per-i-giornalisti-24-magg\/\",\"url\":\"https:\/\/ugis.it\/cms\/corso-la-deontologia-nellinformazione-scientifica-e-nella-tutela-dei-minori-il-caso-del-bullismo-e-cyberbullismo-ore-14-00-18-00-6-crediti-per-i-giornalisti-24-magg\/\",\"name\":\"Corso \u201cLa deontologia nell'informazione scientifica e nella tutela dei minori. Il caso del bullismo e cyberbullismo\u201d, ore 14.00 \u2013 18.00, 6 crediti per i giornalisti, 24 maggio 2024, Brescia - UGIS\",\"isPartOf\":{\"@id\":\"https:\/\/ugis.it\/cms\/#website\"},\"datePublished\":\"2024-05-22T08:54:47+00:00\",\"dateModified\":\"2024-05-22T09:32:00+00:00\",\"breadcrumb\":{\"@id\":\"https:\/\/ugis.it\/cms\/corso-la-deontologia-nellinformazione-scientifica-e-nella-tutela-dei-minori-il-caso-del-bullismo-e-cyberbullismo-ore-14-00-18-00-6-crediti-per-i-giornalisti-24-magg\/#breadcrumb\"},\"inLanguage\":\"it-IT\",\"potentialAction\":[{\"@type\":\"ReadAction\",\"target\":[\"https:\/\/ugis.it\/cms\/corso-la-deontologia-nellinformazione-scientifica-e-nella-tutela-dei-minori-il-caso-del-bullismo-e-cyberbullismo-ore-14-00-18-00-6-crediti-per-i-giornalisti-24-magg\/\"]}]},{\"@type\":\"BreadcrumbList\",\"@id\":\"https:\/\/ugis.it\/cms\/corso-la-deontologia-nellinformazione-scientifica-e-nella-tutela-dei-minori-il-caso-del-bullismo-e-cyberbullismo-ore-14-00-18-00-6-crediti-per-i-giornalisti-24-magg\/#breadcrumb\",\"itemListElement\":[{\"@type\":\"ListItem\",\"position\":1,\"name\":\"Home\",\"item\":\"https:\/\/ugis.it\/cms\/\"},{\"@type\":\"ListItem\",\"position\":2,\"name\":\"Corso \u201cLa deontologia nell&#8217;informazione scientifica e nella tutela dei minori. Il caso del bullismo e cyberbullismo\u201d, ore 14.00 \u2013 18.00, 6 crediti per i giornalisti, 24 maggio 2024, Brescia\"}]},{\"@type\":\"WebSite\",\"@id\":\"https:\/\/ugis.it\/cms\/#website\",\"url\":\"https:\/\/ugis.it\/cms\/\",\"name\":\"UGIS\",\"description\":\"Unione Giornalisti Italiani Scientifici\",\"publisher\":{\"@id\":\"https:\/\/ugis.it\/cms\/#organization\"},\"potentialAction\":[{\"@type\":\"SearchAction\",\"target\":{\"@type\":\"EntryPoint\",\"urlTemplate\":\"https:\/\/ugis.it\/cms\/?s={search_term_string}\"},\"query-input\":{\"@type\":\"PropertyValueSpecification\",\"valueRequired\":true,\"valueName\":\"search_term_string\"}}],\"inLanguage\":\"it-IT\"},{\"@type\":\"Organization\",\"@id\":\"https:\/\/ugis.it\/cms\/#organization\",\"name\":\"UGIS\",\"url\":\"https:\/\/ugis.it\/cms\/\",\"logo\":{\"@type\":\"ImageObject\",\"inLanguage\":\"it-IT\",\"@id\":\"https:\/\/ugis.it\/cms\/#\/schema\/logo\/image\/\",\"url\":\"https:\/\/ugis.it\/cms\/wp-content\/uploads\/2015\/04\/logo-UGIS_colori.jpg\",\"contentUrl\":\"https:\/\/ugis.it\/cms\/wp-content\/uploads\/2015\/04\/logo-UGIS_colori.jpg\",\"width\":198,\"height\":91,\"caption\":\"UGIS\"},\"image\":{\"@id\":\"https:\/\/ugis.it\/cms\/#\/schema\/logo\/image\/\"}},{\"@type\":\"Person\",\"@id\":\"https:\/\/ugis.it\/cms\/#\/schema\/person\/26f685559166088afc44edd3fe82e851\",\"name\":\"UGIS\",\"image\":{\"@type\":\"ImageObject\",\"inLanguage\":\"it-IT\",\"@id\":\"https:\/\/secure.gravatar.com\/avatar\/dffd56f6a99e8ed4fdf6a24f3a35afe8112cffe5012a77acfe7b8bd7a60564bb?s=96&d=mm&r=g\",\"url\":\"https:\/\/secure.gravatar.com\/avatar\/dffd56f6a99e8ed4fdf6a24f3a35afe8112cffe5012a77acfe7b8bd7a60564bb?s=96&d=mm&r=g\",\"contentUrl\":\"https:\/\/secure.gravatar.com\/avatar\/dffd56f6a99e8ed4fdf6a24f3a35afe8112cffe5012a77acfe7b8bd7a60564bb?s=96&d=mm&r=g\",\"caption\":\"UGIS\"},\"url\":\"https:\/\/ugis.it\/cms\/author\/webmaster\/\"}]}<\/script>\n<!-- \/ Yoast SEO plugin. -->","yoast_head_json":{"title":"Corso \u201cLa deontologia nell'informazione scientifica e nella tutela dei minori. Il caso del bullismo e cyberbullismo\u201d, ore 14.00 \u2013 18.00, 6 crediti per i giornalisti, 24 maggio 2024, Brescia - UGIS","robots":{"index":"index","follow":"follow","max-snippet":"max-snippet:-1","max-image-preview":"max-image-preview:large","max-video-preview":"max-video-preview:-1"},"canonical":"https:\/\/ugis.it\/cms\/corso-la-deontologia-nellinformazione-scientifica-e-nella-tutela-dei-minori-il-caso-del-bullismo-e-cyberbullismo-ore-14-00-18-00-6-crediti-per-i-giornalisti-24-magg\/","og_locale":"it_IT","og_type":"article","og_title":"Corso \u201cLa deontologia nell'informazione scientifica e nella tutela dei minori. Il caso del bullismo e cyberbullismo\u201d, ore 14.00 \u2013 18.00, 6 crediti per i giornalisti, 24 maggio 2024, Brescia - UGIS","og_description":"Corso di formazione promosso da UGIS d\u2019intesa con\u00a0Ordine dei Giornalisti Lombardia, FAST\u00a0\u2013 Federazione delle associazioni scientifiche e tecniche e con il patrocinio del Comune di Brescia.","og_url":"https:\/\/ugis.it\/cms\/corso-la-deontologia-nellinformazione-scientifica-e-nella-tutela-dei-minori-il-caso-del-bullismo-e-cyberbullismo-ore-14-00-18-00-6-crediti-per-i-giornalisti-24-magg\/","og_site_name":"UGIS","article_published_time":"2024-05-22T08:54:47+00:00","article_modified_time":"2024-05-22T09:32:00+00:00","author":"UGIS","twitter_card":"summary_large_image","twitter_misc":{"Scritto da":"UGIS","Tempo di lettura stimato":"3 minuti"},"schema":{"@context":"https:\/\/schema.org","@graph":[{"@type":"Article","@id":"https:\/\/ugis.it\/cms\/corso-la-deontologia-nellinformazione-scientifica-e-nella-tutela-dei-minori-il-caso-del-bullismo-e-cyberbullismo-ore-14-00-18-00-6-crediti-per-i-giornalisti-24-magg\/#article","isPartOf":{"@id":"https:\/\/ugis.it\/cms\/corso-la-deontologia-nellinformazione-scientifica-e-nella-tutela-dei-minori-il-caso-del-bullismo-e-cyberbullismo-ore-14-00-18-00-6-crediti-per-i-giornalisti-24-magg\/"},"author":{"name":"UGIS","@id":"https:\/\/ugis.it\/cms\/#\/schema\/person\/26f685559166088afc44edd3fe82e851"},"headline":"Corso \u201cLa deontologia nell&#8217;informazione scientifica e nella tutela dei minori. Il caso del bullismo e cyberbullismo\u201d, ore 14.00 \u2013 18.00, 6 crediti per i giornalisti, 24 maggio 2024, Brescia","datePublished":"2024-05-22T08:54:47+00:00","dateModified":"2024-05-22T09:32:00+00:00","mainEntityOfPage":{"@id":"https:\/\/ugis.it\/cms\/corso-la-deontologia-nellinformazione-scientifica-e-nella-tutela-dei-minori-il-caso-del-bullismo-e-cyberbullismo-ore-14-00-18-00-6-crediti-per-i-giornalisti-24-magg\/"},"wordCount":500,"publisher":{"@id":"https:\/\/ugis.it\/cms\/#organization"},"articleSection":["Associazione","News"],"inLanguage":"it-IT"},{"@type":"WebPage","@id":"https:\/\/ugis.it\/cms\/corso-la-deontologia-nellinformazione-scientifica-e-nella-tutela-dei-minori-il-caso-del-bullismo-e-cyberbullismo-ore-14-00-18-00-6-crediti-per-i-giornalisti-24-magg\/","url":"https:\/\/ugis.it\/cms\/corso-la-deontologia-nellinformazione-scientifica-e-nella-tutela-dei-minori-il-caso-del-bullismo-e-cyberbullismo-ore-14-00-18-00-6-crediti-per-i-giornalisti-24-magg\/","name":"Corso \u201cLa deontologia nell'informazione scientifica e nella tutela dei minori. Il caso del bullismo e cyberbullismo\u201d, ore 14.00 \u2013 18.00, 6 crediti per i giornalisti, 24 maggio 2024, Brescia - UGIS","isPartOf":{"@id":"https:\/\/ugis.it\/cms\/#website"},"datePublished":"2024-05-22T08:54:47+00:00","dateModified":"2024-05-22T09:32:00+00:00","breadcrumb":{"@id":"https:\/\/ugis.it\/cms\/corso-la-deontologia-nellinformazione-scientifica-e-nella-tutela-dei-minori-il-caso-del-bullismo-e-cyberbullismo-ore-14-00-18-00-6-crediti-per-i-giornalisti-24-magg\/#breadcrumb"},"inLanguage":"it-IT","potentialAction":[{"@type":"ReadAction","target":["https:\/\/ugis.it\/cms\/corso-la-deontologia-nellinformazione-scientifica-e-nella-tutela-dei-minori-il-caso-del-bullismo-e-cyberbullismo-ore-14-00-18-00-6-crediti-per-i-giornalisti-24-magg\/"]}]},{"@type":"BreadcrumbList","@id":"https:\/\/ugis.it\/cms\/corso-la-deontologia-nellinformazione-scientifica-e-nella-tutela-dei-minori-il-caso-del-bullismo-e-cyberbullismo-ore-14-00-18-00-6-crediti-per-i-giornalisti-24-magg\/#breadcrumb","itemListElement":[{"@type":"ListItem","position":1,"name":"Home","item":"https:\/\/ugis.it\/cms\/"},{"@type":"ListItem","position":2,"name":"Corso \u201cLa deontologia nell&#8217;informazione scientifica e nella tutela dei minori. Il caso del bullismo e cyberbullismo\u201d, ore 14.00 \u2013 18.00, 6 crediti per i giornalisti, 24 maggio 2024, Brescia"}]},{"@type":"WebSite","@id":"https:\/\/ugis.it\/cms\/#website","url":"https:\/\/ugis.it\/cms\/","name":"UGIS","description":"Unione Giornalisti Italiani Scientifici","publisher":{"@id":"https:\/\/ugis.it\/cms\/#organization"},"potentialAction":[{"@type":"SearchAction","target":{"@type":"EntryPoint","urlTemplate":"https:\/\/ugis.it\/cms\/?s={search_term_string}"},"query-input":{"@type":"PropertyValueSpecification","valueRequired":true,"valueName":"search_term_string"}}],"inLanguage":"it-IT"},{"@type":"Organization","@id":"https:\/\/ugis.it\/cms\/#organization","name":"UGIS","url":"https:\/\/ugis.it\/cms\/","logo":{"@type":"ImageObject","inLanguage":"it-IT","@id":"https:\/\/ugis.it\/cms\/#\/schema\/logo\/image\/","url":"https:\/\/ugis.it\/cms\/wp-content\/uploads\/2015\/04\/logo-UGIS_colori.jpg","contentUrl":"https:\/\/ugis.it\/cms\/wp-content\/uploads\/2015\/04\/logo-UGIS_colori.jpg","width":198,"height":91,"caption":"UGIS"},"image":{"@id":"https:\/\/ugis.it\/cms\/#\/schema\/logo\/image\/"}},{"@type":"Person","@id":"https:\/\/ugis.it\/cms\/#\/schema\/person\/26f685559166088afc44edd3fe82e851","name":"UGIS","image":{"@type":"ImageObject","inLanguage":"it-IT","@id":"https:\/\/secure.gravatar.com\/avatar\/dffd56f6a99e8ed4fdf6a24f3a35afe8112cffe5012a77acfe7b8bd7a60564bb?s=96&d=mm&r=g","url":"https:\/\/secure.gravatar.com\/avatar\/dffd56f6a99e8ed4fdf6a24f3a35afe8112cffe5012a77acfe7b8bd7a60564bb?s=96&d=mm&r=g","contentUrl":"https:\/\/secure.gravatar.com\/avatar\/dffd56f6a99e8ed4fdf6a24f3a35afe8112cffe5012a77acfe7b8bd7a60564bb?s=96&d=mm&r=g","caption":"UGIS"},"url":"https:\/\/ugis.it\/cms\/author\/webmaster\/"}]}},"_links":{"self":[{"href":"https:\/\/ugis.it\/cms\/wp-json\/wp\/v2\/posts\/1580564","targetHints":{"allow":["GET"]}}],"collection":[{"href":"https:\/\/ugis.it\/cms\/wp-json\/wp\/v2\/posts"}],"about":[{"href":"https:\/\/ugis.it\/cms\/wp-json\/wp\/v2\/types\/post"}],"author":[{"embeddable":true,"href":"https:\/\/ugis.it\/cms\/wp-json\/wp\/v2\/users\/16"}],"replies":[{"embeddable":true,"href":"https:\/\/ugis.it\/cms\/wp-json\/wp\/v2\/comments?post=1580564"}],"version-history":[{"count":2,"href":"https:\/\/ugis.it\/cms\/wp-json\/wp\/v2\/posts\/1580564\/revisions"}],"predecessor-version":[{"id":1580567,"href":"https:\/\/ugis.it\/cms\/wp-json\/wp\/v2\/posts\/1580564\/revisions\/1580567"}],"wp:attachment":[{"href":"https:\/\/ugis.it\/cms\/wp-json\/wp\/v2\/media?parent=1580564"}],"wp:term":[{"taxonomy":"category","embeddable":true,"href":"https:\/\/ugis.it\/cms\/wp-json\/wp\/v2\/categories?post=1580564"},{"taxonomy":"post_tag","embeddable":true,"href":"https:\/\/ugis.it\/cms\/wp-json\/wp\/v2\/tags?post=1580564"}],"curies":[{"name":"wp","href":"https:\/\/api.w.org\/{rel}","templated":true}]}}