{"id":1580498,"date":"2024-04-10T14:15:47","date_gmt":"2024-04-10T12:15:47","guid":{"rendered":"https:\/\/ugis.it\/cms\/?p=1580498"},"modified":"2024-04-10T15:22:08","modified_gmt":"2024-04-10T13:22:08","slug":"conferenza-esplorazione-spaziale-mobilita-aerea-e-sostenibilita-sfide-e-opportunita-10-aprile-ore-14-30-18-00-e-visita-alle-novita-del-polo-aeronautico-e-spaziale-d","status":"publish","type":"post","link":"https:\/\/ugis.it\/cms\/conferenza-esplorazione-spaziale-mobilita-aerea-e-sostenibilita-sfide-e-opportunita-10-aprile-ore-14-30-18-00-e-visita-alle-novita-del-polo-aeronautico-e-spaziale-d\/","title":{"rendered":"Conferenza \u201cEsplorazione spaziale, mobilit\u00e0 aerea e sostenibilit\u00e0: sfide e opportunit\u00e0 &#8211; \u201d, 10 aprile, ore 14.30 \u2013 18.00, e visita alle novit\u00e0 del Polo Aeronautico e Spaziale della Romagna, 11 aprile 2024, Forl\u00ec"},"content":{"rendered":"<p>Promosso e organizzato da Universit\u00e0 di Bologna, in collaborazione con UGIS, Enav, Forl\u00ec Airport, con il patrocinio di AIDAA Associazione Italiana di Aeronautica e Astronautica.<\/p>\n<p><span style=\"color: #494949; font-family: open sans, arial, sans-serif;\"><b>ESPLORAZIONE SPAZIALE, MOBILIT\u00c0 AEREA E SOSTENIBILIT\u00c0: SFIDE E OPPORTUNIT\u00c0\u00a0\u00a0<\/b><\/span><\/p>\n<p><span style=\"color: #494949; font-family: open sans, arial, sans-serif;\"><b>10 Aprile 2024<\/b>\u00a0 ore 14.30 \u2013 18.00\u00a0 \u00a0<\/span><\/p>\n<p><span style=\"color: #494949; font-family: open sans, arial, sans-serif;\">CONFERENZA APERTA AL PUBBLICO\u00a0<\/span><\/p>\n<p><span style=\"color: #494949; font-family: open sans, arial, sans-serif;\">ENAV Training Center, Via Baldassarre Carnaccini 5, 47121 Forl\u00ec\u00a0\u00a0<\/span><\/p>\n<p><span style=\"color: #494949; font-family: open sans, arial, sans-serif;\">Nel\u00a0<\/span>programma pdf allegato temi ed interventi: tra i relatori del convegno\u00a0 il nostro presidente UGIS\u00a0 Giovanni Caprara.<\/p>\n<p><span style=\"color: #494949; font-family: open sans, arial, sans-serif;\">Si tratta di una due giorni organizzata\u00a0 dall&#8217; Universit\u00e0 di Bologna con cui da alcuni anni collaboriamo,\u00a0 per conoscere\u00a0<\/span>prospettive per il futuro del\u00a0 Polo Tecnologico Aeronautico e Spaziale della Romagna:\u00a0<b>Training Centre ENAV<\/b>\u00a0(Societ\u00e0 che gestisce il traffico aereo civile in Italia) \u2013 Scuola di Formazione Controllori del traffico aereo;\u00a0<b>Universit\u00e0 di Bologna \u2013 Laboratori Tecnopolo,\u00a0CIRI Aerospaziale<\/b>;\u00a0<b>Aeroporto Ridolfi di Forl\u00ec.<\/b><\/p>\n<p>Realt\u00e0 che abbiamo gi\u00e0 conosciuto nella visita tecnica di UGIS alle Eccellenze della Romagna nel febbraio 2022.<\/p>\n<p><span style=\"color: #494949; font-family: open sans, arial, sans-serif;\"><b>PROGRAMMA SECONDA PARTE (RISERVATA AI SOCI UGIS)\u00a0<\/b><\/span><\/p>\n<p><span style=\"color: #494949; font-family: open sans, arial, sans-serif;\">Universit\u00e0 di Bologna e\u00a0<\/span>associazione AIDAA sostengono pernotto e cena la sera del 10 aprile per la delegazione di una decina di soci UGIS ospiti.<span style=\"color: #494949; font-family: open sans, arial, sans-serif;\"><b><br \/>\n<\/b><\/span><\/p>\n<p><span style=\"color: #494949; font-family: open sans, arial, sans-serif;\"><b>11 aprile, <\/b>ore 09:30 &#8211; 12:30\u00a0<\/span><\/p>\n<p><span style=\"color: #494949; font-family: open sans, arial, sans-serif;\">VISITE GUIDATE (punto di incontro via Fontanelle 40, Forl\u00ec)\u00a0<\/span><\/p>\n<p><span style=\"color: #494949; font-family: open sans, arial, sans-serif;\">LABORATORI TECNOPOLO FORL\u00cc \u00b7 Via Baldassarre Carnaccini 12, 47121 Forl\u00ec\u00a0\u00a0<\/span><\/p>\n<p><span style=\"color: #494949; font-family: open sans, arial, sans-serif;\">ENAV TRAINING CENTER FORL\u00cc \u00b7 Via Baldassarre Carnaccini 5, 47121 Forl\u00ec\u00a0 \u00a0<\/span><\/p>\n<p><span style=\"color: #494949; font-family: open sans, arial, sans-serif;\">AEROPORTO DI FORL\u00cc \u00b7 Via Carlo Seganti 103, 47121 Forl\u00ec<\/span><\/p>\n<p><span style=\"color: #494949; font-family: open sans, arial, sans-serif;\">Segue pranzo offerto da Forl\u00ec Airport.\u00a0<\/span><\/p>\n<p>Lo scopo: visitare a\u00a0Forl\u00ec le novit\u00e0 importanti sul fronte della ricerca delle strutture sopra indicate, illustrate nella conferenza del pomeriggio precedente il 10 aprile.<\/p>\n<p><strong><a href=\"https:\/\/ugis.it\/cms\/wp-content\/uploads\/2024\/04\/programma_v6.pdf\" target=\"_blank\" rel=\"noopener\">Vedi programma<\/a><\/strong><\/p>\n","protected":false},"excerpt":{"rendered":"<h6>Promosso e organizzato da Universit\u00e0 di Bologna, in collaborazione con UGIS, Enav, Forl\u00ec Airport, con il patrocinio di AIDAA Associazione Italiana di Aeronautica e Astronautica.<\/h6>\n","protected":false},"author":16,"featured_media":0,"comment_status":"closed","ping_status":"closed","sticky":false,"template":"","format":"image","meta":{"_et_pb_use_builder":"","_et_pb_old_content":"","_et_gb_content_width":"","footnotes":""},"categories":[13,1],"tags":[],"class_list":["post-1580498","post","type-post","status-publish","format-image","hentry","category-associazione","category-news","post_format-post-format-image"],"yoast_head":"<!-- This site is optimized with the Yoast SEO plugin v27.4 - https:\/\/yoast.com\/product\/yoast-seo-wordpress\/ -->\n<title>Conferenza \u201cEsplorazione spaziale, mobilit\u00e0 aerea e sostenibilit\u00e0: sfide e opportunit\u00e0 - \u201d, 10 aprile, ore 14.30 \u2013 18.00, e visita alle novit\u00e0 del Polo Aeronautico e Spaziale della Romagna, 11 aprile 2024, Forl\u00ec - UGIS<\/title>\n<meta name=\"robots\" content=\"index, follow, max-snippet:-1, max-image-preview:large, max-video-preview:-1\" \/>\n<link rel=\"canonical\" href=\"https:\/\/ugis.it\/cms\/conferenza-esplorazione-spaziale-mobilita-aerea-e-sostenibilita-sfide-e-opportunita-10-aprile-ore-14-30-18-00-e-visita-alle-novita-del-polo-aeronautico-e-spaziale-d\/\" \/>\n<meta property=\"og:locale\" content=\"it_IT\" \/>\n<meta property=\"og:type\" content=\"article\" \/>\n<meta property=\"og:title\" content=\"Conferenza \u201cEsplorazione spaziale, mobilit\u00e0 aerea e sostenibilit\u00e0: sfide e opportunit\u00e0 - \u201d, 10 aprile, ore 14.30 \u2013 18.00, e visita alle novit\u00e0 del Polo Aeronautico e Spaziale della Romagna, 11 aprile 2024, Forl\u00ec - UGIS\" \/>\n<meta property=\"og:description\" content=\"Promosso e organizzato da Universit\u00e0 di Bologna, in collaborazione con UGIS, Enav, Forl\u00ec Airport, con il patrocinio di AIDAA Associazione Italiana di Aeronautica e Astronautica.\" \/>\n<meta property=\"og:url\" content=\"https:\/\/ugis.it\/cms\/conferenza-esplorazione-spaziale-mobilita-aerea-e-sostenibilita-sfide-e-opportunita-10-aprile-ore-14-30-18-00-e-visita-alle-novita-del-polo-aeronautico-e-spaziale-d\/\" \/>\n<meta property=\"og:site_name\" content=\"UGIS\" \/>\n<meta property=\"article:published_time\" content=\"2024-04-10T12:15:47+00:00\" \/>\n<meta property=\"article:modified_time\" content=\"2024-04-10T13:22:08+00:00\" \/>\n<meta name=\"author\" content=\"UGIS\" \/>\n<meta name=\"twitter:card\" content=\"summary_large_image\" \/>\n<meta name=\"twitter:label1\" content=\"Scritto da\" \/>\n\t<meta name=\"twitter:data1\" content=\"UGIS\" \/>\n\t<meta name=\"twitter:label2\" content=\"Tempo di lettura stimato\" \/>\n\t<meta name=\"twitter:data2\" content=\"2 minuti\" \/>\n<script type=\"application\/ld+json\" class=\"yoast-schema-graph\">{\"@context\":\"https:\\\/\\\/schema.org\",\"@graph\":[{\"@type\":\"Article\",\"@id\":\"https:\\\/\\\/ugis.it\\\/cms\\\/conferenza-esplorazione-spaziale-mobilita-aerea-e-sostenibilita-sfide-e-opportunita-10-aprile-ore-14-30-18-00-e-visita-alle-novita-del-polo-aeronautico-e-spaziale-d\\\/#article\",\"isPartOf\":{\"@id\":\"https:\\\/\\\/ugis.it\\\/cms\\\/conferenza-esplorazione-spaziale-mobilita-aerea-e-sostenibilita-sfide-e-opportunita-10-aprile-ore-14-30-18-00-e-visita-alle-novita-del-polo-aeronautico-e-spaziale-d\\\/\"},\"author\":{\"name\":\"UGIS\",\"@id\":\"https:\\\/\\\/ugis.it\\\/cms\\\/#\\\/schema\\\/person\\\/26f685559166088afc44edd3fe82e851\"},\"headline\":\"Conferenza \u201cEsplorazione spaziale, mobilit\u00e0 aerea e sostenibilit\u00e0: sfide e opportunit\u00e0 &#8211; \u201d, 10 aprile, ore 14.30 \u2013 18.00, e visita alle novit\u00e0 del Polo Aeronautico e Spaziale della Romagna, 11 aprile 2024, Forl\u00ec\",\"datePublished\":\"2024-04-10T12:15:47+00:00\",\"dateModified\":\"2024-04-10T13:22:08+00:00\",\"mainEntityOfPage\":{\"@id\":\"https:\\\/\\\/ugis.it\\\/cms\\\/conferenza-esplorazione-spaziale-mobilita-aerea-e-sostenibilita-sfide-e-opportunita-10-aprile-ore-14-30-18-00-e-visita-alle-novita-del-polo-aeronautico-e-spaziale-d\\\/\"},\"wordCount\":264,\"publisher\":{\"@id\":\"https:\\\/\\\/ugis.it\\\/cms\\\/#organization\"},\"articleSection\":[\"Associazione\",\"News\"],\"inLanguage\":\"it-IT\"},{\"@type\":\"WebPage\",\"@id\":\"https:\\\/\\\/ugis.it\\\/cms\\\/conferenza-esplorazione-spaziale-mobilita-aerea-e-sostenibilita-sfide-e-opportunita-10-aprile-ore-14-30-18-00-e-visita-alle-novita-del-polo-aeronautico-e-spaziale-d\\\/\",\"url\":\"https:\\\/\\\/ugis.it\\\/cms\\\/conferenza-esplorazione-spaziale-mobilita-aerea-e-sostenibilita-sfide-e-opportunita-10-aprile-ore-14-30-18-00-e-visita-alle-novita-del-polo-aeronautico-e-spaziale-d\\\/\",\"name\":\"Conferenza \u201cEsplorazione spaziale, mobilit\u00e0 aerea e sostenibilit\u00e0: sfide e opportunit\u00e0 - \u201d, 10 aprile, ore 14.30 \u2013 18.00, e visita alle novit\u00e0 del Polo Aeronautico e Spaziale della Romagna, 11 aprile 2024, Forl\u00ec - UGIS\",\"isPartOf\":{\"@id\":\"https:\\\/\\\/ugis.it\\\/cms\\\/#website\"},\"datePublished\":\"2024-04-10T12:15:47+00:00\",\"dateModified\":\"2024-04-10T13:22:08+00:00\",\"breadcrumb\":{\"@id\":\"https:\\\/\\\/ugis.it\\\/cms\\\/conferenza-esplorazione-spaziale-mobilita-aerea-e-sostenibilita-sfide-e-opportunita-10-aprile-ore-14-30-18-00-e-visita-alle-novita-del-polo-aeronautico-e-spaziale-d\\\/#breadcrumb\"},\"inLanguage\":\"it-IT\",\"potentialAction\":[{\"@type\":\"ReadAction\",\"target\":[\"https:\\\/\\\/ugis.it\\\/cms\\\/conferenza-esplorazione-spaziale-mobilita-aerea-e-sostenibilita-sfide-e-opportunita-10-aprile-ore-14-30-18-00-e-visita-alle-novita-del-polo-aeronautico-e-spaziale-d\\\/\"]}]},{\"@type\":\"BreadcrumbList\",\"@id\":\"https:\\\/\\\/ugis.it\\\/cms\\\/conferenza-esplorazione-spaziale-mobilita-aerea-e-sostenibilita-sfide-e-opportunita-10-aprile-ore-14-30-18-00-e-visita-alle-novita-del-polo-aeronautico-e-spaziale-d\\\/#breadcrumb\",\"itemListElement\":[{\"@type\":\"ListItem\",\"position\":1,\"name\":\"Home\",\"item\":\"https:\\\/\\\/ugis.it\\\/cms\\\/\"},{\"@type\":\"ListItem\",\"position\":2,\"name\":\"Conferenza \u201cEsplorazione spaziale, mobilit\u00e0 aerea e sostenibilit\u00e0: sfide e opportunit\u00e0 &#8211; \u201d, 10 aprile, ore 14.30 \u2013 18.00, e visita alle novit\u00e0 del Polo Aeronautico e Spaziale della Romagna, 11 aprile 2024, Forl\u00ec\"}]},{\"@type\":\"WebSite\",\"@id\":\"https:\\\/\\\/ugis.it\\\/cms\\\/#website\",\"url\":\"https:\\\/\\\/ugis.it\\\/cms\\\/\",\"name\":\"UGIS\",\"description\":\"Unione Giornalisti Italiani Scientifici\",\"publisher\":{\"@id\":\"https:\\\/\\\/ugis.it\\\/cms\\\/#organization\"},\"potentialAction\":[{\"@type\":\"SearchAction\",\"target\":{\"@type\":\"EntryPoint\",\"urlTemplate\":\"https:\\\/\\\/ugis.it\\\/cms\\\/?s={search_term_string}\"},\"query-input\":{\"@type\":\"PropertyValueSpecification\",\"valueRequired\":true,\"valueName\":\"search_term_string\"}}],\"inLanguage\":\"it-IT\"},{\"@type\":\"Organization\",\"@id\":\"https:\\\/\\\/ugis.it\\\/cms\\\/#organization\",\"name\":\"UGIS\",\"url\":\"https:\\\/\\\/ugis.it\\\/cms\\\/\",\"logo\":{\"@type\":\"ImageObject\",\"inLanguage\":\"it-IT\",\"@id\":\"https:\\\/\\\/ugis.it\\\/cms\\\/#\\\/schema\\\/logo\\\/image\\\/\",\"url\":\"https:\\\/\\\/ugis.it\\\/cms\\\/wp-content\\\/uploads\\\/2015\\\/04\\\/logo-UGIS_colori.jpg\",\"contentUrl\":\"https:\\\/\\\/ugis.it\\\/cms\\\/wp-content\\\/uploads\\\/2015\\\/04\\\/logo-UGIS_colori.jpg\",\"width\":198,\"height\":91,\"caption\":\"UGIS\"},\"image\":{\"@id\":\"https:\\\/\\\/ugis.it\\\/cms\\\/#\\\/schema\\\/logo\\\/image\\\/\"}},{\"@type\":\"Person\",\"@id\":\"https:\\\/\\\/ugis.it\\\/cms\\\/#\\\/schema\\\/person\\\/26f685559166088afc44edd3fe82e851\",\"name\":\"UGIS\",\"image\":{\"@type\":\"ImageObject\",\"inLanguage\":\"it-IT\",\"@id\":\"https:\\\/\\\/secure.gravatar.com\\\/avatar\\\/dffd56f6a99e8ed4fdf6a24f3a35afe8112cffe5012a77acfe7b8bd7a60564bb?s=96&d=mm&r=g\",\"url\":\"https:\\\/\\\/secure.gravatar.com\\\/avatar\\\/dffd56f6a99e8ed4fdf6a24f3a35afe8112cffe5012a77acfe7b8bd7a60564bb?s=96&d=mm&r=g\",\"contentUrl\":\"https:\\\/\\\/secure.gravatar.com\\\/avatar\\\/dffd56f6a99e8ed4fdf6a24f3a35afe8112cffe5012a77acfe7b8bd7a60564bb?s=96&d=mm&r=g\",\"caption\":\"UGIS\"},\"url\":\"https:\\\/\\\/ugis.it\\\/cms\\\/author\\\/webmaster\\\/\"}]}<\/script>\n<!-- \/ Yoast SEO plugin. -->","yoast_head_json":{"title":"Conferenza \u201cEsplorazione spaziale, mobilit\u00e0 aerea e sostenibilit\u00e0: sfide e opportunit\u00e0 - \u201d, 10 aprile, ore 14.30 \u2013 18.00, e visita alle novit\u00e0 del Polo Aeronautico e Spaziale della Romagna, 11 aprile 2024, Forl\u00ec - UGIS","robots":{"index":"index","follow":"follow","max-snippet":"max-snippet:-1","max-image-preview":"max-image-preview:large","max-video-preview":"max-video-preview:-1"},"canonical":"https:\/\/ugis.it\/cms\/conferenza-esplorazione-spaziale-mobilita-aerea-e-sostenibilita-sfide-e-opportunita-10-aprile-ore-14-30-18-00-e-visita-alle-novita-del-polo-aeronautico-e-spaziale-d\/","og_locale":"it_IT","og_type":"article","og_title":"Conferenza \u201cEsplorazione spaziale, mobilit\u00e0 aerea e sostenibilit\u00e0: sfide e opportunit\u00e0 - \u201d, 10 aprile, ore 14.30 \u2013 18.00, e visita alle novit\u00e0 del Polo Aeronautico e Spaziale della Romagna, 11 aprile 2024, Forl\u00ec - UGIS","og_description":"Promosso e organizzato da Universit\u00e0 di Bologna, in collaborazione con UGIS, Enav, Forl\u00ec Airport, con il patrocinio di AIDAA Associazione Italiana di Aeronautica e Astronautica.","og_url":"https:\/\/ugis.it\/cms\/conferenza-esplorazione-spaziale-mobilita-aerea-e-sostenibilita-sfide-e-opportunita-10-aprile-ore-14-30-18-00-e-visita-alle-novita-del-polo-aeronautico-e-spaziale-d\/","og_site_name":"UGIS","article_published_time":"2024-04-10T12:15:47+00:00","article_modified_time":"2024-04-10T13:22:08+00:00","author":"UGIS","twitter_card":"summary_large_image","twitter_misc":{"Scritto da":"UGIS","Tempo di lettura stimato":"2 minuti"},"schema":{"@context":"https:\/\/schema.org","@graph":[{"@type":"Article","@id":"https:\/\/ugis.it\/cms\/conferenza-esplorazione-spaziale-mobilita-aerea-e-sostenibilita-sfide-e-opportunita-10-aprile-ore-14-30-18-00-e-visita-alle-novita-del-polo-aeronautico-e-spaziale-d\/#article","isPartOf":{"@id":"https:\/\/ugis.it\/cms\/conferenza-esplorazione-spaziale-mobilita-aerea-e-sostenibilita-sfide-e-opportunita-10-aprile-ore-14-30-18-00-e-visita-alle-novita-del-polo-aeronautico-e-spaziale-d\/"},"author":{"name":"UGIS","@id":"https:\/\/ugis.it\/cms\/#\/schema\/person\/26f685559166088afc44edd3fe82e851"},"headline":"Conferenza \u201cEsplorazione spaziale, mobilit\u00e0 aerea e sostenibilit\u00e0: sfide e opportunit\u00e0 &#8211; \u201d, 10 aprile, ore 14.30 \u2013 18.00, e visita alle novit\u00e0 del Polo Aeronautico e Spaziale della Romagna, 11 aprile 2024, Forl\u00ec","datePublished":"2024-04-10T12:15:47+00:00","dateModified":"2024-04-10T13:22:08+00:00","mainEntityOfPage":{"@id":"https:\/\/ugis.it\/cms\/conferenza-esplorazione-spaziale-mobilita-aerea-e-sostenibilita-sfide-e-opportunita-10-aprile-ore-14-30-18-00-e-visita-alle-novita-del-polo-aeronautico-e-spaziale-d\/"},"wordCount":264,"publisher":{"@id":"https:\/\/ugis.it\/cms\/#organization"},"articleSection":["Associazione","News"],"inLanguage":"it-IT"},{"@type":"WebPage","@id":"https:\/\/ugis.it\/cms\/conferenza-esplorazione-spaziale-mobilita-aerea-e-sostenibilita-sfide-e-opportunita-10-aprile-ore-14-30-18-00-e-visita-alle-novita-del-polo-aeronautico-e-spaziale-d\/","url":"https:\/\/ugis.it\/cms\/conferenza-esplorazione-spaziale-mobilita-aerea-e-sostenibilita-sfide-e-opportunita-10-aprile-ore-14-30-18-00-e-visita-alle-novita-del-polo-aeronautico-e-spaziale-d\/","name":"Conferenza \u201cEsplorazione spaziale, mobilit\u00e0 aerea e sostenibilit\u00e0: sfide e opportunit\u00e0 - \u201d, 10 aprile, ore 14.30 \u2013 18.00, e visita alle novit\u00e0 del Polo Aeronautico e Spaziale della Romagna, 11 aprile 2024, Forl\u00ec - UGIS","isPartOf":{"@id":"https:\/\/ugis.it\/cms\/#website"},"datePublished":"2024-04-10T12:15:47+00:00","dateModified":"2024-04-10T13:22:08+00:00","breadcrumb":{"@id":"https:\/\/ugis.it\/cms\/conferenza-esplorazione-spaziale-mobilita-aerea-e-sostenibilita-sfide-e-opportunita-10-aprile-ore-14-30-18-00-e-visita-alle-novita-del-polo-aeronautico-e-spaziale-d\/#breadcrumb"},"inLanguage":"it-IT","potentialAction":[{"@type":"ReadAction","target":["https:\/\/ugis.it\/cms\/conferenza-esplorazione-spaziale-mobilita-aerea-e-sostenibilita-sfide-e-opportunita-10-aprile-ore-14-30-18-00-e-visita-alle-novita-del-polo-aeronautico-e-spaziale-d\/"]}]},{"@type":"BreadcrumbList","@id":"https:\/\/ugis.it\/cms\/conferenza-esplorazione-spaziale-mobilita-aerea-e-sostenibilita-sfide-e-opportunita-10-aprile-ore-14-30-18-00-e-visita-alle-novita-del-polo-aeronautico-e-spaziale-d\/#breadcrumb","itemListElement":[{"@type":"ListItem","position":1,"name":"Home","item":"https:\/\/ugis.it\/cms\/"},{"@type":"ListItem","position":2,"name":"Conferenza \u201cEsplorazione spaziale, mobilit\u00e0 aerea e sostenibilit\u00e0: sfide e opportunit\u00e0 &#8211; \u201d, 10 aprile, ore 14.30 \u2013 18.00, e visita alle novit\u00e0 del Polo Aeronautico e Spaziale della Romagna, 11 aprile 2024, Forl\u00ec"}]},{"@type":"WebSite","@id":"https:\/\/ugis.it\/cms\/#website","url":"https:\/\/ugis.it\/cms\/","name":"UGIS","description":"Unione Giornalisti Italiani Scientifici","publisher":{"@id":"https:\/\/ugis.it\/cms\/#organization"},"potentialAction":[{"@type":"SearchAction","target":{"@type":"EntryPoint","urlTemplate":"https:\/\/ugis.it\/cms\/?s={search_term_string}"},"query-input":{"@type":"PropertyValueSpecification","valueRequired":true,"valueName":"search_term_string"}}],"inLanguage":"it-IT"},{"@type":"Organization","@id":"https:\/\/ugis.it\/cms\/#organization","name":"UGIS","url":"https:\/\/ugis.it\/cms\/","logo":{"@type":"ImageObject","inLanguage":"it-IT","@id":"https:\/\/ugis.it\/cms\/#\/schema\/logo\/image\/","url":"https:\/\/ugis.it\/cms\/wp-content\/uploads\/2015\/04\/logo-UGIS_colori.jpg","contentUrl":"https:\/\/ugis.it\/cms\/wp-content\/uploads\/2015\/04\/logo-UGIS_colori.jpg","width":198,"height":91,"caption":"UGIS"},"image":{"@id":"https:\/\/ugis.it\/cms\/#\/schema\/logo\/image\/"}},{"@type":"Person","@id":"https:\/\/ugis.it\/cms\/#\/schema\/person\/26f685559166088afc44edd3fe82e851","name":"UGIS","image":{"@type":"ImageObject","inLanguage":"it-IT","@id":"https:\/\/secure.gravatar.com\/avatar\/dffd56f6a99e8ed4fdf6a24f3a35afe8112cffe5012a77acfe7b8bd7a60564bb?s=96&d=mm&r=g","url":"https:\/\/secure.gravatar.com\/avatar\/dffd56f6a99e8ed4fdf6a24f3a35afe8112cffe5012a77acfe7b8bd7a60564bb?s=96&d=mm&r=g","contentUrl":"https:\/\/secure.gravatar.com\/avatar\/dffd56f6a99e8ed4fdf6a24f3a35afe8112cffe5012a77acfe7b8bd7a60564bb?s=96&d=mm&r=g","caption":"UGIS"},"url":"https:\/\/ugis.it\/cms\/author\/webmaster\/"}]}},"_links":{"self":[{"href":"https:\/\/ugis.it\/cms\/wp-json\/wp\/v2\/posts\/1580498","targetHints":{"allow":["GET"]}}],"collection":[{"href":"https:\/\/ugis.it\/cms\/wp-json\/wp\/v2\/posts"}],"about":[{"href":"https:\/\/ugis.it\/cms\/wp-json\/wp\/v2\/types\/post"}],"author":[{"embeddable":true,"href":"https:\/\/ugis.it\/cms\/wp-json\/wp\/v2\/users\/16"}],"replies":[{"embeddable":true,"href":"https:\/\/ugis.it\/cms\/wp-json\/wp\/v2\/comments?post=1580498"}],"version-history":[{"count":2,"href":"https:\/\/ugis.it\/cms\/wp-json\/wp\/v2\/posts\/1580498\/revisions"}],"predecessor-version":[{"id":1580511,"href":"https:\/\/ugis.it\/cms\/wp-json\/wp\/v2\/posts\/1580498\/revisions\/1580511"}],"wp:attachment":[{"href":"https:\/\/ugis.it\/cms\/wp-json\/wp\/v2\/media?parent=1580498"}],"wp:term":[{"taxonomy":"category","embeddable":true,"href":"https:\/\/ugis.it\/cms\/wp-json\/wp\/v2\/categories?post=1580498"},{"taxonomy":"post_tag","embeddable":true,"href":"https:\/\/ugis.it\/cms\/wp-json\/wp\/v2\/tags?post=1580498"}],"curies":[{"name":"wp","href":"https:\/\/api.w.org\/{rel}","templated":true}]}}