{"id":1580400,"date":"2024-01-17T13:07:42","date_gmt":"2024-01-17T12:07:42","guid":{"rendered":"https:\/\/ugis.it\/cms\/?p=1580400"},"modified":"2024-01-17T13:10:34","modified_gmt":"2024-01-17T12:10:34","slug":"corso-agenda-onu-2030-le-citta-della-salute-per-tutti-tra-resilienza-e-sostenibilita-ore-14-00-18-00-4-crediti-per-i-giornalisti-16-febbraio-2024-brescia","status":"publish","type":"post","link":"https:\/\/ugis.it\/cms\/corso-agenda-onu-2030-le-citta-della-salute-per-tutti-tra-resilienza-e-sostenibilita-ore-14-00-18-00-4-crediti-per-i-giornalisti-16-febbraio-2024-brescia\/","title":{"rendered":"Corso &#8220;Agenda ONU 2030: le citt\u00e0 della salute per tutti, tra resilienza e sostenibilit\u00e0&#8221;, ore 14.00-18.00, 4 crediti per i giornalisti,  16 febbraio 2024, Brescia"},"content":{"rendered":"<p>Corso di formazione promosso\u00a0 da UGIS e FAST\u00a0 d&#8217;intesa con Ordine dei Giornalisti della Lombardia nell\u2019ambito del ciclo di incontri \u201cSalute in Comune\u201d con la collaborazione di<br \/>\nComune di Brescia, Fondazione Giorgio Brunelli Onlus<\/p>\n<p>Corso in presenza, Brescia, Sala del Camino, Via S. Martino della Battaglia, 18.<\/p>\n<p>4 crediti formativi ai giornalisti che si iscrivono direttamente sulla piattaforma <a href=\"http:\/\/www.formazionegiornalisti.it\" target=\"_blank\" rel=\"noopener noreferrer\">formazionegiornalisti.it<\/a><\/p>\n<p><b>Presentazione<\/b><\/p>\n<p>Le citt\u00e0 sono chiamate a diventare Smart, luoghi cio\u00e8 in cui gli investimenti in capitale umano e sociale, nelle infrastrutture tradizionali e moderne (ICT) favoriscano la qualit\u00e0 della vita, la crescita economica sostenibile e la gestione consapevole delle risorse naturali con il coinvolgimento attivo dei cittadini. Ai centri urbani si chiede di diventare Friendly: vale a dire pi\u00f9 vicini a tutti, soprattutto a quelli disabili, facilitandone attivit\u00e0 e spostamenti.<br \/>\nEntro il 2030 le citt\u00e0 devono seguire alcuni dei 17 obiettivi di sviluppo sostenibili siglati nel 2015 da 150 Paesi delle Nazioni Unite; in particolare l\u2019obiettivo N. 3: Assicurare la salute e il benessere per tutti e per tutte le et\u00e0 e il N. 11: Rendere le citt\u00e0 e gli insediamenti umani inclusivi, duraturi, sicuri e sostenibili. E tali realt\u00e0 devono pure essere Healthy; con decisori politici consapevoli dell\u2019importanza della salute come bene collettivo e che mettano in atto strategie chiare per tutelarla e migliorarla.<br \/>\nIl corso vuole spiegare l\u2019Agenda ONU 2030 per migliorare energia, trasporti, pianificazione urbana e per mitigare gli effetti del clima e dell\u2019ambiente sulla salute; apprendere la visione 2018-2024 dell\u2019organizzazione internazionale delle Citt\u00e0 e delle Regioni, modellata su cinque percorsi: basse emissioni, natura, economia circolare, resilienza e attenzione alle persone.<\/p>\n<p><b>Programma<\/b><\/p>\n<p>13.45 Registrazione dei partecipanti<br \/>\n14.00 Introduzione ai lavori<\/p>\n<ul>\n<li dir=\"auto\">Alberto Pieri, giornalista, segretario generale FAST, socio UGIS<\/li>\n<li dir=\"auto\">Luisa Monini, giornalista scientifico, presidente Fondazione Brunelli, socia UGIS<\/li>\n<\/ul>\n<p>14.30 Contributi<\/p>\n<ul>\n<li dir=\"auto\">La sostenibilit\u00e0 in sanit\u00e0: valore culturale ed impegno del presente e del futuro<\/li>\n<\/ul>\n<p>Claudio Vito Sileo, direttore generale ATS Brescia<\/p>\n<ul>\n<li dir=\"auto\">La citt\u00e0 come luogo di relazioni per la salute<\/li>\n<\/ul>\n<p>Ottavio Di Stefano, primario di Medicina generale Azienda Spedali Civili di Brescia Presidio ospedaliero di Montichiari, presidente Ordine Medici Chirurghi e Odontoiatri della Provincia di Brescia<\/p>\n<ul>\n<li dir=\"auto\">Sostenibilit\u00e0, qualit\u00e0 e sicurezza degli alimenti<\/li>\n<\/ul>\n<p>Paolo Boni, laurea in Medicina veterinaria, presidente Consorzio De Alimentaria Qualitate<\/p>\n<ul>\n<li dir=\"auto\">Riciclare, si \u2026 ma come? Riscrivere il ruolo della chimica nella societ\u00e0<\/li>\n<\/ul>\n<p>Laura Eleonora Depero, ordinario di Fondamenti chimici delle tecnologie e responsabile del Laboratorio di Chimica per le tecnologie Universit\u00e0 degli studi di Brescia<\/p>\n<ul>\n<li dir=\"auto\">La Mobilit\u00e0 sostenibile: una buona ricetta per la salute della citt\u00e0<\/li>\n<\/ul>\n<p>Flavio Pasotti, presidente di Metro Brescia, Gruppo Brescia Mobilit\u00e0<\/p>\n<ul>\n<li dir=\"auto\">Tutela della risorsa idrica, bene scarso e prezioso, nel rispetto della sostenibilit\u00e0 ambientale<\/li>\n<\/ul>\n<p>Tullio Montagnoli, laurea in Ingegneria idraulica al Politecnico di Milano, amministratore delegato di A2A Ciclo Idrico<br \/>\n17.30 Dibattito<br \/>\n18.00 Chiusura dell\u2019incontro<\/p>\n<p><b>Informazioni generali<\/b><\/p>\n<p><em>Modalit\u00e0 di partecipazione<\/em><br \/>\nCorso in presenza. I giornalisti interessati ad acquisire i 4 crediti sono invitati a registrarsi sulla piattaforma <a href=\"http:\/\/www.formazionegiornalisti.it\" target=\"_blank\" rel=\"noopener noreferrer\">formazionegiornalisti.it<\/a>. L\u2019evento \u00e8 aperto gratuitamente anche al pubblico, previo invio mail a <a href=\"mailto:fast@fast.mi.it\" rel=\"noreferrer noreferrer\">fast@fast.mi.it<\/a>.<\/p>\n<p><em>Sede<\/em><br \/>\nSala del Camino, Via S. Martino della Battaglia, 18 &#8211; Brescia<\/p>\n<p><em>Segreteria organizzativa<\/em><br \/>\nPer informazioni: <a href=\"mailto:ugis@ugis.it\" rel=\"noreferrer noreferrer\">ugis@ugis.it<\/a><\/p>\n","protected":false},"excerpt":{"rendered":"<h6>Corso di formazione  promosso da UGIS e FAST  d&#8217;intesa con Ordine dei Giornalisti della Lombardia nell\u2019ambito del ciclo di incontri \u201cSalute in Comune\u201d, con la collaborazione di Comune di Brescia, Fondazione Giorgio Brunelli Onlus.<\/h6>\n","protected":false},"author":16,"featured_media":0,"comment_status":"closed","ping_status":"closed","sticky":false,"template":"","format":"image","meta":{"_et_pb_use_builder":"","_et_pb_old_content":"","_et_gb_content_width":"","footnotes":""},"categories":[13,1],"tags":[],"class_list":["post-1580400","post","type-post","status-publish","format-image","hentry","category-associazione","category-news","post_format-post-format-image"],"yoast_head":"<!-- This site is optimized with the Yoast SEO plugin v27.4 - https:\/\/yoast.com\/product\/yoast-seo-wordpress\/ -->\n<title>Corso &quot;Agenda ONU 2030: le citt\u00e0 della salute per tutti, tra resilienza e sostenibilit\u00e0&quot;, ore 14.00-18.00, 4 crediti per i giornalisti, 16 febbraio 2024, Brescia - UGIS<\/title>\n<meta name=\"robots\" content=\"index, follow, max-snippet:-1, max-image-preview:large, max-video-preview:-1\" \/>\n<link rel=\"canonical\" href=\"https:\/\/ugis.it\/cms\/corso-agenda-onu-2030-le-citta-della-salute-per-tutti-tra-resilienza-e-sostenibilita-ore-14-00-18-00-4-crediti-per-i-giornalisti-16-febbraio-2024-brescia\/\" \/>\n<meta property=\"og:locale\" content=\"it_IT\" \/>\n<meta property=\"og:type\" content=\"article\" \/>\n<meta property=\"og:title\" content=\"Corso &quot;Agenda ONU 2030: le citt\u00e0 della salute per tutti, tra resilienza e sostenibilit\u00e0&quot;, ore 14.00-18.00, 4 crediti per i giornalisti, 16 febbraio 2024, Brescia - UGIS\" \/>\n<meta property=\"og:description\" content=\"Corso di formazione promosso da UGIS e FAST d&#039;intesa con Ordine dei Giornalisti della Lombardia nell\u2019ambito del ciclo di incontri \u201cSalute in Comune\u201d, con la collaborazione di Comune di Brescia, Fondazione Giorgio Brunelli Onlus.\" \/>\n<meta property=\"og:url\" content=\"https:\/\/ugis.it\/cms\/corso-agenda-onu-2030-le-citta-della-salute-per-tutti-tra-resilienza-e-sostenibilita-ore-14-00-18-00-4-crediti-per-i-giornalisti-16-febbraio-2024-brescia\/\" \/>\n<meta property=\"og:site_name\" content=\"UGIS\" \/>\n<meta property=\"article:published_time\" content=\"2024-01-17T12:07:42+00:00\" \/>\n<meta property=\"article:modified_time\" content=\"2024-01-17T12:10:34+00:00\" \/>\n<meta name=\"author\" content=\"UGIS\" \/>\n<meta name=\"twitter:card\" content=\"summary_large_image\" \/>\n<meta name=\"twitter:label1\" content=\"Scritto da\" \/>\n\t<meta name=\"twitter:data1\" content=\"UGIS\" \/>\n\t<meta name=\"twitter:label2\" content=\"Tempo di lettura stimato\" \/>\n\t<meta name=\"twitter:data2\" content=\"3 minuti\" \/>\n<script type=\"application\/ld+json\" class=\"yoast-schema-graph\">{\"@context\":\"https:\\\/\\\/schema.org\",\"@graph\":[{\"@type\":\"Article\",\"@id\":\"https:\\\/\\\/ugis.it\\\/cms\\\/corso-agenda-onu-2030-le-citta-della-salute-per-tutti-tra-resilienza-e-sostenibilita-ore-14-00-18-00-4-crediti-per-i-giornalisti-16-febbraio-2024-brescia\\\/#article\",\"isPartOf\":{\"@id\":\"https:\\\/\\\/ugis.it\\\/cms\\\/corso-agenda-onu-2030-le-citta-della-salute-per-tutti-tra-resilienza-e-sostenibilita-ore-14-00-18-00-4-crediti-per-i-giornalisti-16-febbraio-2024-brescia\\\/\"},\"author\":{\"name\":\"UGIS\",\"@id\":\"https:\\\/\\\/ugis.it\\\/cms\\\/#\\\/schema\\\/person\\\/26f685559166088afc44edd3fe82e851\"},\"headline\":\"Corso &#8220;Agenda ONU 2030: le citt\u00e0 della salute per tutti, tra resilienza e sostenibilit\u00e0&#8221;, ore 14.00-18.00, 4 crediti per i giornalisti, 16 febbraio 2024, Brescia\",\"datePublished\":\"2024-01-17T12:07:42+00:00\",\"dateModified\":\"2024-01-17T12:10:34+00:00\",\"mainEntityOfPage\":{\"@id\":\"https:\\\/\\\/ugis.it\\\/cms\\\/corso-agenda-onu-2030-le-citta-della-salute-per-tutti-tra-resilienza-e-sostenibilita-ore-14-00-18-00-4-crediti-per-i-giornalisti-16-febbraio-2024-brescia\\\/\"},\"wordCount\":524,\"publisher\":{\"@id\":\"https:\\\/\\\/ugis.it\\\/cms\\\/#organization\"},\"articleSection\":[\"Associazione\",\"News\"],\"inLanguage\":\"it-IT\"},{\"@type\":\"WebPage\",\"@id\":\"https:\\\/\\\/ugis.it\\\/cms\\\/corso-agenda-onu-2030-le-citta-della-salute-per-tutti-tra-resilienza-e-sostenibilita-ore-14-00-18-00-4-crediti-per-i-giornalisti-16-febbraio-2024-brescia\\\/\",\"url\":\"https:\\\/\\\/ugis.it\\\/cms\\\/corso-agenda-onu-2030-le-citta-della-salute-per-tutti-tra-resilienza-e-sostenibilita-ore-14-00-18-00-4-crediti-per-i-giornalisti-16-febbraio-2024-brescia\\\/\",\"name\":\"Corso \\\"Agenda ONU 2030: le citt\u00e0 della salute per tutti, tra resilienza e sostenibilit\u00e0\\\", ore 14.00-18.00, 4 crediti per i giornalisti, 16 febbraio 2024, Brescia - UGIS\",\"isPartOf\":{\"@id\":\"https:\\\/\\\/ugis.it\\\/cms\\\/#website\"},\"datePublished\":\"2024-01-17T12:07:42+00:00\",\"dateModified\":\"2024-01-17T12:10:34+00:00\",\"breadcrumb\":{\"@id\":\"https:\\\/\\\/ugis.it\\\/cms\\\/corso-agenda-onu-2030-le-citta-della-salute-per-tutti-tra-resilienza-e-sostenibilita-ore-14-00-18-00-4-crediti-per-i-giornalisti-16-febbraio-2024-brescia\\\/#breadcrumb\"},\"inLanguage\":\"it-IT\",\"potentialAction\":[{\"@type\":\"ReadAction\",\"target\":[\"https:\\\/\\\/ugis.it\\\/cms\\\/corso-agenda-onu-2030-le-citta-della-salute-per-tutti-tra-resilienza-e-sostenibilita-ore-14-00-18-00-4-crediti-per-i-giornalisti-16-febbraio-2024-brescia\\\/\"]}]},{\"@type\":\"BreadcrumbList\",\"@id\":\"https:\\\/\\\/ugis.it\\\/cms\\\/corso-agenda-onu-2030-le-citta-della-salute-per-tutti-tra-resilienza-e-sostenibilita-ore-14-00-18-00-4-crediti-per-i-giornalisti-16-febbraio-2024-brescia\\\/#breadcrumb\",\"itemListElement\":[{\"@type\":\"ListItem\",\"position\":1,\"name\":\"Home\",\"item\":\"https:\\\/\\\/ugis.it\\\/cms\\\/\"},{\"@type\":\"ListItem\",\"position\":2,\"name\":\"Corso &#8220;Agenda ONU 2030: le citt\u00e0 della salute per tutti, tra resilienza e sostenibilit\u00e0&#8221;, ore 14.00-18.00, 4 crediti per i giornalisti, 16 febbraio 2024, Brescia\"}]},{\"@type\":\"WebSite\",\"@id\":\"https:\\\/\\\/ugis.it\\\/cms\\\/#website\",\"url\":\"https:\\\/\\\/ugis.it\\\/cms\\\/\",\"name\":\"UGIS\",\"description\":\"Unione Giornalisti Italiani Scientifici\",\"publisher\":{\"@id\":\"https:\\\/\\\/ugis.it\\\/cms\\\/#organization\"},\"potentialAction\":[{\"@type\":\"SearchAction\",\"target\":{\"@type\":\"EntryPoint\",\"urlTemplate\":\"https:\\\/\\\/ugis.it\\\/cms\\\/?s={search_term_string}\"},\"query-input\":{\"@type\":\"PropertyValueSpecification\",\"valueRequired\":true,\"valueName\":\"search_term_string\"}}],\"inLanguage\":\"it-IT\"},{\"@type\":\"Organization\",\"@id\":\"https:\\\/\\\/ugis.it\\\/cms\\\/#organization\",\"name\":\"UGIS\",\"url\":\"https:\\\/\\\/ugis.it\\\/cms\\\/\",\"logo\":{\"@type\":\"ImageObject\",\"inLanguage\":\"it-IT\",\"@id\":\"https:\\\/\\\/ugis.it\\\/cms\\\/#\\\/schema\\\/logo\\\/image\\\/\",\"url\":\"https:\\\/\\\/ugis.it\\\/cms\\\/wp-content\\\/uploads\\\/2015\\\/04\\\/logo-UGIS_colori.jpg\",\"contentUrl\":\"https:\\\/\\\/ugis.it\\\/cms\\\/wp-content\\\/uploads\\\/2015\\\/04\\\/logo-UGIS_colori.jpg\",\"width\":198,\"height\":91,\"caption\":\"UGIS\"},\"image\":{\"@id\":\"https:\\\/\\\/ugis.it\\\/cms\\\/#\\\/schema\\\/logo\\\/image\\\/\"}},{\"@type\":\"Person\",\"@id\":\"https:\\\/\\\/ugis.it\\\/cms\\\/#\\\/schema\\\/person\\\/26f685559166088afc44edd3fe82e851\",\"name\":\"UGIS\",\"image\":{\"@type\":\"ImageObject\",\"inLanguage\":\"it-IT\",\"@id\":\"https:\\\/\\\/secure.gravatar.com\\\/avatar\\\/dffd56f6a99e8ed4fdf6a24f3a35afe8112cffe5012a77acfe7b8bd7a60564bb?s=96&d=mm&r=g\",\"url\":\"https:\\\/\\\/secure.gravatar.com\\\/avatar\\\/dffd56f6a99e8ed4fdf6a24f3a35afe8112cffe5012a77acfe7b8bd7a60564bb?s=96&d=mm&r=g\",\"contentUrl\":\"https:\\\/\\\/secure.gravatar.com\\\/avatar\\\/dffd56f6a99e8ed4fdf6a24f3a35afe8112cffe5012a77acfe7b8bd7a60564bb?s=96&d=mm&r=g\",\"caption\":\"UGIS\"},\"url\":\"https:\\\/\\\/ugis.it\\\/cms\\\/author\\\/webmaster\\\/\"}]}<\/script>\n<!-- \/ Yoast SEO plugin. -->","yoast_head_json":{"title":"Corso \"Agenda ONU 2030: le citt\u00e0 della salute per tutti, tra resilienza e sostenibilit\u00e0\", ore 14.00-18.00, 4 crediti per i giornalisti, 16 febbraio 2024, Brescia - UGIS","robots":{"index":"index","follow":"follow","max-snippet":"max-snippet:-1","max-image-preview":"max-image-preview:large","max-video-preview":"max-video-preview:-1"},"canonical":"https:\/\/ugis.it\/cms\/corso-agenda-onu-2030-le-citta-della-salute-per-tutti-tra-resilienza-e-sostenibilita-ore-14-00-18-00-4-crediti-per-i-giornalisti-16-febbraio-2024-brescia\/","og_locale":"it_IT","og_type":"article","og_title":"Corso \"Agenda ONU 2030: le citt\u00e0 della salute per tutti, tra resilienza e sostenibilit\u00e0\", ore 14.00-18.00, 4 crediti per i giornalisti, 16 febbraio 2024, Brescia - UGIS","og_description":"Corso di formazione promosso da UGIS e FAST d'intesa con Ordine dei Giornalisti della Lombardia nell\u2019ambito del ciclo di incontri \u201cSalute in Comune\u201d, con la collaborazione di Comune di Brescia, Fondazione Giorgio Brunelli Onlus.","og_url":"https:\/\/ugis.it\/cms\/corso-agenda-onu-2030-le-citta-della-salute-per-tutti-tra-resilienza-e-sostenibilita-ore-14-00-18-00-4-crediti-per-i-giornalisti-16-febbraio-2024-brescia\/","og_site_name":"UGIS","article_published_time":"2024-01-17T12:07:42+00:00","article_modified_time":"2024-01-17T12:10:34+00:00","author":"UGIS","twitter_card":"summary_large_image","twitter_misc":{"Scritto da":"UGIS","Tempo di lettura stimato":"3 minuti"},"schema":{"@context":"https:\/\/schema.org","@graph":[{"@type":"Article","@id":"https:\/\/ugis.it\/cms\/corso-agenda-onu-2030-le-citta-della-salute-per-tutti-tra-resilienza-e-sostenibilita-ore-14-00-18-00-4-crediti-per-i-giornalisti-16-febbraio-2024-brescia\/#article","isPartOf":{"@id":"https:\/\/ugis.it\/cms\/corso-agenda-onu-2030-le-citta-della-salute-per-tutti-tra-resilienza-e-sostenibilita-ore-14-00-18-00-4-crediti-per-i-giornalisti-16-febbraio-2024-brescia\/"},"author":{"name":"UGIS","@id":"https:\/\/ugis.it\/cms\/#\/schema\/person\/26f685559166088afc44edd3fe82e851"},"headline":"Corso &#8220;Agenda ONU 2030: le citt\u00e0 della salute per tutti, tra resilienza e sostenibilit\u00e0&#8221;, ore 14.00-18.00, 4 crediti per i giornalisti, 16 febbraio 2024, Brescia","datePublished":"2024-01-17T12:07:42+00:00","dateModified":"2024-01-17T12:10:34+00:00","mainEntityOfPage":{"@id":"https:\/\/ugis.it\/cms\/corso-agenda-onu-2030-le-citta-della-salute-per-tutti-tra-resilienza-e-sostenibilita-ore-14-00-18-00-4-crediti-per-i-giornalisti-16-febbraio-2024-brescia\/"},"wordCount":524,"publisher":{"@id":"https:\/\/ugis.it\/cms\/#organization"},"articleSection":["Associazione","News"],"inLanguage":"it-IT"},{"@type":"WebPage","@id":"https:\/\/ugis.it\/cms\/corso-agenda-onu-2030-le-citta-della-salute-per-tutti-tra-resilienza-e-sostenibilita-ore-14-00-18-00-4-crediti-per-i-giornalisti-16-febbraio-2024-brescia\/","url":"https:\/\/ugis.it\/cms\/corso-agenda-onu-2030-le-citta-della-salute-per-tutti-tra-resilienza-e-sostenibilita-ore-14-00-18-00-4-crediti-per-i-giornalisti-16-febbraio-2024-brescia\/","name":"Corso \"Agenda ONU 2030: le citt\u00e0 della salute per tutti, tra resilienza e sostenibilit\u00e0\", ore 14.00-18.00, 4 crediti per i giornalisti, 16 febbraio 2024, Brescia - UGIS","isPartOf":{"@id":"https:\/\/ugis.it\/cms\/#website"},"datePublished":"2024-01-17T12:07:42+00:00","dateModified":"2024-01-17T12:10:34+00:00","breadcrumb":{"@id":"https:\/\/ugis.it\/cms\/corso-agenda-onu-2030-le-citta-della-salute-per-tutti-tra-resilienza-e-sostenibilita-ore-14-00-18-00-4-crediti-per-i-giornalisti-16-febbraio-2024-brescia\/#breadcrumb"},"inLanguage":"it-IT","potentialAction":[{"@type":"ReadAction","target":["https:\/\/ugis.it\/cms\/corso-agenda-onu-2030-le-citta-della-salute-per-tutti-tra-resilienza-e-sostenibilita-ore-14-00-18-00-4-crediti-per-i-giornalisti-16-febbraio-2024-brescia\/"]}]},{"@type":"BreadcrumbList","@id":"https:\/\/ugis.it\/cms\/corso-agenda-onu-2030-le-citta-della-salute-per-tutti-tra-resilienza-e-sostenibilita-ore-14-00-18-00-4-crediti-per-i-giornalisti-16-febbraio-2024-brescia\/#breadcrumb","itemListElement":[{"@type":"ListItem","position":1,"name":"Home","item":"https:\/\/ugis.it\/cms\/"},{"@type":"ListItem","position":2,"name":"Corso &#8220;Agenda ONU 2030: le citt\u00e0 della salute per tutti, tra resilienza e sostenibilit\u00e0&#8221;, ore 14.00-18.00, 4 crediti per i giornalisti, 16 febbraio 2024, Brescia"}]},{"@type":"WebSite","@id":"https:\/\/ugis.it\/cms\/#website","url":"https:\/\/ugis.it\/cms\/","name":"UGIS","description":"Unione Giornalisti Italiani Scientifici","publisher":{"@id":"https:\/\/ugis.it\/cms\/#organization"},"potentialAction":[{"@type":"SearchAction","target":{"@type":"EntryPoint","urlTemplate":"https:\/\/ugis.it\/cms\/?s={search_term_string}"},"query-input":{"@type":"PropertyValueSpecification","valueRequired":true,"valueName":"search_term_string"}}],"inLanguage":"it-IT"},{"@type":"Organization","@id":"https:\/\/ugis.it\/cms\/#organization","name":"UGIS","url":"https:\/\/ugis.it\/cms\/","logo":{"@type":"ImageObject","inLanguage":"it-IT","@id":"https:\/\/ugis.it\/cms\/#\/schema\/logo\/image\/","url":"https:\/\/ugis.it\/cms\/wp-content\/uploads\/2015\/04\/logo-UGIS_colori.jpg","contentUrl":"https:\/\/ugis.it\/cms\/wp-content\/uploads\/2015\/04\/logo-UGIS_colori.jpg","width":198,"height":91,"caption":"UGIS"},"image":{"@id":"https:\/\/ugis.it\/cms\/#\/schema\/logo\/image\/"}},{"@type":"Person","@id":"https:\/\/ugis.it\/cms\/#\/schema\/person\/26f685559166088afc44edd3fe82e851","name":"UGIS","image":{"@type":"ImageObject","inLanguage":"it-IT","@id":"https:\/\/secure.gravatar.com\/avatar\/dffd56f6a99e8ed4fdf6a24f3a35afe8112cffe5012a77acfe7b8bd7a60564bb?s=96&d=mm&r=g","url":"https:\/\/secure.gravatar.com\/avatar\/dffd56f6a99e8ed4fdf6a24f3a35afe8112cffe5012a77acfe7b8bd7a60564bb?s=96&d=mm&r=g","contentUrl":"https:\/\/secure.gravatar.com\/avatar\/dffd56f6a99e8ed4fdf6a24f3a35afe8112cffe5012a77acfe7b8bd7a60564bb?s=96&d=mm&r=g","caption":"UGIS"},"url":"https:\/\/ugis.it\/cms\/author\/webmaster\/"}]}},"_links":{"self":[{"href":"https:\/\/ugis.it\/cms\/wp-json\/wp\/v2\/posts\/1580400","targetHints":{"allow":["GET"]}}],"collection":[{"href":"https:\/\/ugis.it\/cms\/wp-json\/wp\/v2\/posts"}],"about":[{"href":"https:\/\/ugis.it\/cms\/wp-json\/wp\/v2\/types\/post"}],"author":[{"embeddable":true,"href":"https:\/\/ugis.it\/cms\/wp-json\/wp\/v2\/users\/16"}],"replies":[{"embeddable":true,"href":"https:\/\/ugis.it\/cms\/wp-json\/wp\/v2\/comments?post=1580400"}],"version-history":[{"count":2,"href":"https:\/\/ugis.it\/cms\/wp-json\/wp\/v2\/posts\/1580400\/revisions"}],"predecessor-version":[{"id":1580406,"href":"https:\/\/ugis.it\/cms\/wp-json\/wp\/v2\/posts\/1580400\/revisions\/1580406"}],"wp:attachment":[{"href":"https:\/\/ugis.it\/cms\/wp-json\/wp\/v2\/media?parent=1580400"}],"wp:term":[{"taxonomy":"category","embeddable":true,"href":"https:\/\/ugis.it\/cms\/wp-json\/wp\/v2\/categories?post=1580400"},{"taxonomy":"post_tag","embeddable":true,"href":"https:\/\/ugis.it\/cms\/wp-json\/wp\/v2\/tags?post=1580400"}],"curies":[{"name":"wp","href":"https:\/\/api.w.org\/{rel}","templated":true}]}}