{"id":1580239,"date":"2023-05-23T16:07:43","date_gmt":"2023-05-23T14:07:43","guid":{"rendered":"https:\/\/ugis.it\/cms\/?p=1580239"},"modified":"2023-11-23T16:11:25","modified_gmt":"2023-11-23T15:11:25","slug":"corso-neuroscienze-psichiatria-e-scienze-umane-ore-09-00-13-00-4-crediti-per-i-giornalisti-18-maggio-2023-verona","status":"publish","type":"post","link":"https:\/\/ugis.it\/cms\/corso-neuroscienze-psichiatria-e-scienze-umane-ore-09-00-13-00-4-crediti-per-i-giornalisti-18-maggio-2023-verona\/","title":{"rendered":"Corso &#8220;Neuroscienze, psichiatria e scienze umane&#8221;,  ore 09.00-13.00, 4 crediti per i giornalisti, 18 maggio 2023, Verona"},"content":{"rendered":"<div>\n<p><span style=\"color: #000000;\">Corso di formazione\u00a0 promosso da UGIS\u00a0con l\u2019Ordine dei Giornalisti del Veneto, in collaborazione con\u00a0FAST\u00a0 Federazione delle associazioni scientifiche e tecniche e con l&#8217;Universit\u00e0 di Verona.<\/span><\/p>\n<p><span style=\"color: #000000; font-family: arial, sans-serif;\">Presso l&#8217;Universit\u00e0 di Verona, Facolt\u00e0 di Medicina e Chirurgia, Istituti Biologici, Str. le Grazie, 8\u00a0<\/span><\/p>\n<\/div>\n<div>\n<p><span style=\"color: #000000;\"><span style=\"font-family: arial, sans-serif;\">Il corso Neuroscienze, Psichiatria e Scienze umane: un sodalizio inderogabile per fronteggiare il preoccupante incremento della diffusione dei disturbi inerenti alla salute mentale sul territorio nazionale e regionale veneto\u201d, ha avuto un buon esito e attenzione del pubblico. La videoregistrazione dell&#8217;evento al sito web Scienzaveneto:\u00a0\u00a0<\/span><a href=\"https:\/\/www.scienzaveneto.it\/blog\/attualita\/la-finta-comunicazione-dai-social-alla-solitudine\/\" target=\"_blank\" rel=\"noopener\">https:\/\/www.scienzaveneto.it\/blog\/attualita\/la-finta-comunicazione-dai-social-alla-solitudine\/<\/a><\/span><\/p>\n<p><span style=\"color: #000000;\">E\u2019 l\u2019ambiente in cui si nasce e si cresce che induce la simultanea e\u00a0perfettamente coerente formazione nel cervello di hardware biologico e\u00a0software culturale.\u00a0L\u2019architettura del cervello (hardware biologico) si forma seguendo gli stimoli\u00a0che arrivano dall\u2019ambiente esterno attraverso i sensi, i quali predicono quali\u00a0sistemi (software) saranno necessari per gestire la vita in armonia con\u00a0quell\u2019ambiente.<\/span><\/p>\n<p><span style=\"color: #000000; font-family: arial, sans-serif;\">Delle reti si formano quindi progressivamente per affrontare la realt\u00e0, e interagiscono con gli equilibri ormonali, il contesto esterno, e la memoria che intanto si stabilizza in ragione della rilevanza attribuita agli eventi a rappresentare l\u2019identit\u00e0 della persona. Neurobiologia e psicologia si intrecciano dunque a generare un mondo virtuale interno a ogni persona. Intimo. Talora difficile da penetrare anche per chi lo possiede e conosce le proprie esperienze. All\u2019interno di quel mondo possono accadere cose strane, anche terribili. Incidenti di percorso, anche gravi, possono accadere a chiunque, e a qualsiasi et\u00e0. Bisogna quindi accostarsi a quel mondo con prudenza e delicatezza sociale.<br \/>\nIl corso intende accennare a esperienze e metodi di approccio e cura dei disturbi mentali, che indicano cosa e come si pu\u00f2 fare oggi, secondo le pi\u00f9 attuali conoscenze scientifiche, alla luce delle quali \u00e8 ormai pi\u00f9 che necessario sfatare credenze, dogmi, stigmatizzazioni ancestrali quanto indegne della societ\u00e0 civile contemporanea.<br \/>\nI giornalisti che parteciperanno al corso potranno cos\u00ec ottenere in anticipo un prezioso approfondimento, che consentir\u00e0 di meglio comprendere e valutare le istanze che emergeranno dalla conclusione della Conferenza della Regione Veneto sulla Salute mentale, iniziata lo scorso mese di novembre, e che si concluder\u00e0 a Padova il 7 giugno prossimo. Da tale Conferenza partir\u00e0 un percorso di riattualizzazione delle normative regionali inerenti alla Salute mentale.<\/span><\/p>\n<p>&nbsp;<\/p>\n<p><span style=\"color: #000000; font-family: arial, sans-serif;\"><b>Il Programma<\/b><br \/>\n<strong>Riccardo Panigada<\/strong>\u00a0(nel video: apertura lavori; inizio relazione 0h4\u2032)<br \/>\n(Giornalista scientifico, saggista)<br \/>\n<strong>\u201cNeuroscienze e Salute mentale una recente rivoluzione epocale di cui non si \u00e8 ancora presa coscienza\u201d<\/strong><\/span><\/p>\n<p><span style=\"color: #000000; font-family: arial, sans-serif;\"><strong>Andrea Sbarbati<\/strong>\u00a0(nel video: inizio relazione a 1h11\u2032)<br \/>\n(Professore ordinario Anatomia umana \u2013 Univr)<br \/>\n<strong>\u201cPer non vivere come stranieri all\u2019interno della nostra mente: le aree del controllo mentale e loro rapporti con i nuclei degli istinti\u201d<\/strong><\/span><\/p>\n<p><span style=\"color: #000000; font-family: arial, sans-serif;\"><strong>Antonio Lasalvia<\/strong>\u00a0(nel video: inizio relazione a 1h43\u2032)<br \/>\n(Professore associato Psichiatria \u2013 Univr)<br \/>\n<strong>\u201cStigmatizzazione sociale: serve una maggiore conoscenza culturale e diretta per comunicare correttamente e combatterla\u201d<\/strong><\/span><\/p>\n<p><span style=\"color: #000000; font-family: arial, sans-serif;\"><strong>Erica Francesca Poli<\/strong>\u00a0(nel video: inizio relazione a 2h36\u2032)<br \/>\n(Psichiatra, saggista)<br \/>\n<strong>\u201cLa finta comunicazione: dai social alla solitudine. Mondo virtuale, neuroscienze e salute mentale\u201d<\/strong><\/span><\/p>\n<\/div>\n<div><\/div>\n","protected":false},"excerpt":{"rendered":"<h6>Corso di formazione  promosso da UGIS con l\u2019Ordine dei Giornalisti del Veneto, in collaborazione con FAST Federazione delle associazioni scientifiche e tecniche e con l&#8217;Universit\u00e0 di Verona.<\/h6>\n","protected":false},"author":16,"featured_media":0,"comment_status":"closed","ping_status":"closed","sticky":false,"template":"","format":"image","meta":{"_et_pb_use_builder":"","_et_pb_old_content":"","_et_gb_content_width":"","footnotes":""},"categories":[13,1],"tags":[],"class_list":["post-1580239","post","type-post","status-publish","format-image","hentry","category-associazione","category-news","post_format-post-format-image"],"yoast_head":"<!-- This site is optimized with the Yoast SEO plugin v27.4 - https:\/\/yoast.com\/product\/yoast-seo-wordpress\/ -->\n<title>Corso &quot;Neuroscienze, psichiatria e scienze umane&quot;, ore 09.00-13.00, 4 crediti per i giornalisti, 18 maggio 2023, Verona - UGIS<\/title>\n<meta name=\"robots\" content=\"index, follow, max-snippet:-1, max-image-preview:large, max-video-preview:-1\" \/>\n<link rel=\"canonical\" href=\"https:\/\/ugis.it\/cms\/corso-neuroscienze-psichiatria-e-scienze-umane-ore-09-00-13-00-4-crediti-per-i-giornalisti-18-maggio-2023-verona\/\" \/>\n<meta property=\"og:locale\" content=\"it_IT\" \/>\n<meta property=\"og:type\" content=\"article\" \/>\n<meta property=\"og:title\" content=\"Corso &quot;Neuroscienze, psichiatria e scienze umane&quot;, ore 09.00-13.00, 4 crediti per i giornalisti, 18 maggio 2023, Verona - UGIS\" \/>\n<meta property=\"og:description\" content=\"Corso di formazione promosso da UGIS con l\u2019Ordine dei Giornalisti del Veneto, in collaborazione con FAST Federazione delle associazioni scientifiche e tecniche e con l&#039;Universit\u00e0 di Verona.\" \/>\n<meta property=\"og:url\" content=\"https:\/\/ugis.it\/cms\/corso-neuroscienze-psichiatria-e-scienze-umane-ore-09-00-13-00-4-crediti-per-i-giornalisti-18-maggio-2023-verona\/\" \/>\n<meta property=\"og:site_name\" content=\"UGIS\" \/>\n<meta property=\"article:published_time\" content=\"2023-05-23T14:07:43+00:00\" \/>\n<meta property=\"article:modified_time\" content=\"2023-11-23T15:11:25+00:00\" \/>\n<meta name=\"author\" content=\"UGIS\" \/>\n<meta name=\"twitter:card\" content=\"summary_large_image\" \/>\n<meta name=\"twitter:label1\" content=\"Scritto da\" \/>\n\t<meta name=\"twitter:data1\" content=\"UGIS\" \/>\n\t<meta name=\"twitter:label2\" content=\"Tempo di lettura stimato\" \/>\n\t<meta name=\"twitter:data2\" content=\"2 minuti\" \/>\n<script type=\"application\/ld+json\" class=\"yoast-schema-graph\">{\"@context\":\"https:\\\/\\\/schema.org\",\"@graph\":[{\"@type\":\"Article\",\"@id\":\"https:\\\/\\\/ugis.it\\\/cms\\\/corso-neuroscienze-psichiatria-e-scienze-umane-ore-09-00-13-00-4-crediti-per-i-giornalisti-18-maggio-2023-verona\\\/#article\",\"isPartOf\":{\"@id\":\"https:\\\/\\\/ugis.it\\\/cms\\\/corso-neuroscienze-psichiatria-e-scienze-umane-ore-09-00-13-00-4-crediti-per-i-giornalisti-18-maggio-2023-verona\\\/\"},\"author\":{\"name\":\"UGIS\",\"@id\":\"https:\\\/\\\/ugis.it\\\/cms\\\/#\\\/schema\\\/person\\\/26f685559166088afc44edd3fe82e851\"},\"headline\":\"Corso &#8220;Neuroscienze, psichiatria e scienze umane&#8221;, ore 09.00-13.00, 4 crediti per i giornalisti, 18 maggio 2023, Verona\",\"datePublished\":\"2023-05-23T14:07:43+00:00\",\"dateModified\":\"2023-11-23T15:11:25+00:00\",\"mainEntityOfPage\":{\"@id\":\"https:\\\/\\\/ugis.it\\\/cms\\\/corso-neuroscienze-psichiatria-e-scienze-umane-ore-09-00-13-00-4-crediti-per-i-giornalisti-18-maggio-2023-verona\\\/\"},\"wordCount\":507,\"publisher\":{\"@id\":\"https:\\\/\\\/ugis.it\\\/cms\\\/#organization\"},\"articleSection\":[\"Associazione\",\"News\"],\"inLanguage\":\"it-IT\"},{\"@type\":\"WebPage\",\"@id\":\"https:\\\/\\\/ugis.it\\\/cms\\\/corso-neuroscienze-psichiatria-e-scienze-umane-ore-09-00-13-00-4-crediti-per-i-giornalisti-18-maggio-2023-verona\\\/\",\"url\":\"https:\\\/\\\/ugis.it\\\/cms\\\/corso-neuroscienze-psichiatria-e-scienze-umane-ore-09-00-13-00-4-crediti-per-i-giornalisti-18-maggio-2023-verona\\\/\",\"name\":\"Corso \\\"Neuroscienze, psichiatria e scienze umane\\\", ore 09.00-13.00, 4 crediti per i giornalisti, 18 maggio 2023, Verona - UGIS\",\"isPartOf\":{\"@id\":\"https:\\\/\\\/ugis.it\\\/cms\\\/#website\"},\"datePublished\":\"2023-05-23T14:07:43+00:00\",\"dateModified\":\"2023-11-23T15:11:25+00:00\",\"breadcrumb\":{\"@id\":\"https:\\\/\\\/ugis.it\\\/cms\\\/corso-neuroscienze-psichiatria-e-scienze-umane-ore-09-00-13-00-4-crediti-per-i-giornalisti-18-maggio-2023-verona\\\/#breadcrumb\"},\"inLanguage\":\"it-IT\",\"potentialAction\":[{\"@type\":\"ReadAction\",\"target\":[\"https:\\\/\\\/ugis.it\\\/cms\\\/corso-neuroscienze-psichiatria-e-scienze-umane-ore-09-00-13-00-4-crediti-per-i-giornalisti-18-maggio-2023-verona\\\/\"]}]},{\"@type\":\"BreadcrumbList\",\"@id\":\"https:\\\/\\\/ugis.it\\\/cms\\\/corso-neuroscienze-psichiatria-e-scienze-umane-ore-09-00-13-00-4-crediti-per-i-giornalisti-18-maggio-2023-verona\\\/#breadcrumb\",\"itemListElement\":[{\"@type\":\"ListItem\",\"position\":1,\"name\":\"Home\",\"item\":\"https:\\\/\\\/ugis.it\\\/cms\\\/\"},{\"@type\":\"ListItem\",\"position\":2,\"name\":\"Corso &#8220;Neuroscienze, psichiatria e scienze umane&#8221;, ore 09.00-13.00, 4 crediti per i giornalisti, 18 maggio 2023, Verona\"}]},{\"@type\":\"WebSite\",\"@id\":\"https:\\\/\\\/ugis.it\\\/cms\\\/#website\",\"url\":\"https:\\\/\\\/ugis.it\\\/cms\\\/\",\"name\":\"UGIS\",\"description\":\"Unione Giornalisti Italiani Scientifici\",\"publisher\":{\"@id\":\"https:\\\/\\\/ugis.it\\\/cms\\\/#organization\"},\"potentialAction\":[{\"@type\":\"SearchAction\",\"target\":{\"@type\":\"EntryPoint\",\"urlTemplate\":\"https:\\\/\\\/ugis.it\\\/cms\\\/?s={search_term_string}\"},\"query-input\":{\"@type\":\"PropertyValueSpecification\",\"valueRequired\":true,\"valueName\":\"search_term_string\"}}],\"inLanguage\":\"it-IT\"},{\"@type\":\"Organization\",\"@id\":\"https:\\\/\\\/ugis.it\\\/cms\\\/#organization\",\"name\":\"UGIS\",\"url\":\"https:\\\/\\\/ugis.it\\\/cms\\\/\",\"logo\":{\"@type\":\"ImageObject\",\"inLanguage\":\"it-IT\",\"@id\":\"https:\\\/\\\/ugis.it\\\/cms\\\/#\\\/schema\\\/logo\\\/image\\\/\",\"url\":\"https:\\\/\\\/ugis.it\\\/cms\\\/wp-content\\\/uploads\\\/2015\\\/04\\\/logo-UGIS_colori.jpg\",\"contentUrl\":\"https:\\\/\\\/ugis.it\\\/cms\\\/wp-content\\\/uploads\\\/2015\\\/04\\\/logo-UGIS_colori.jpg\",\"width\":198,\"height\":91,\"caption\":\"UGIS\"},\"image\":{\"@id\":\"https:\\\/\\\/ugis.it\\\/cms\\\/#\\\/schema\\\/logo\\\/image\\\/\"}},{\"@type\":\"Person\",\"@id\":\"https:\\\/\\\/ugis.it\\\/cms\\\/#\\\/schema\\\/person\\\/26f685559166088afc44edd3fe82e851\",\"name\":\"UGIS\",\"image\":{\"@type\":\"ImageObject\",\"inLanguage\":\"it-IT\",\"@id\":\"https:\\\/\\\/secure.gravatar.com\\\/avatar\\\/dffd56f6a99e8ed4fdf6a24f3a35afe8112cffe5012a77acfe7b8bd7a60564bb?s=96&d=mm&r=g\",\"url\":\"https:\\\/\\\/secure.gravatar.com\\\/avatar\\\/dffd56f6a99e8ed4fdf6a24f3a35afe8112cffe5012a77acfe7b8bd7a60564bb?s=96&d=mm&r=g\",\"contentUrl\":\"https:\\\/\\\/secure.gravatar.com\\\/avatar\\\/dffd56f6a99e8ed4fdf6a24f3a35afe8112cffe5012a77acfe7b8bd7a60564bb?s=96&d=mm&r=g\",\"caption\":\"UGIS\"},\"url\":\"https:\\\/\\\/ugis.it\\\/cms\\\/author\\\/webmaster\\\/\"}]}<\/script>\n<!-- \/ Yoast SEO plugin. -->","yoast_head_json":{"title":"Corso \"Neuroscienze, psichiatria e scienze umane\", ore 09.00-13.00, 4 crediti per i giornalisti, 18 maggio 2023, Verona - UGIS","robots":{"index":"index","follow":"follow","max-snippet":"max-snippet:-1","max-image-preview":"max-image-preview:large","max-video-preview":"max-video-preview:-1"},"canonical":"https:\/\/ugis.it\/cms\/corso-neuroscienze-psichiatria-e-scienze-umane-ore-09-00-13-00-4-crediti-per-i-giornalisti-18-maggio-2023-verona\/","og_locale":"it_IT","og_type":"article","og_title":"Corso \"Neuroscienze, psichiatria e scienze umane\", ore 09.00-13.00, 4 crediti per i giornalisti, 18 maggio 2023, Verona - UGIS","og_description":"Corso di formazione promosso da UGIS con l\u2019Ordine dei Giornalisti del Veneto, in collaborazione con FAST Federazione delle associazioni scientifiche e tecniche e con l'Universit\u00e0 di Verona.","og_url":"https:\/\/ugis.it\/cms\/corso-neuroscienze-psichiatria-e-scienze-umane-ore-09-00-13-00-4-crediti-per-i-giornalisti-18-maggio-2023-verona\/","og_site_name":"UGIS","article_published_time":"2023-05-23T14:07:43+00:00","article_modified_time":"2023-11-23T15:11:25+00:00","author":"UGIS","twitter_card":"summary_large_image","twitter_misc":{"Scritto da":"UGIS","Tempo di lettura stimato":"2 minuti"},"schema":{"@context":"https:\/\/schema.org","@graph":[{"@type":"Article","@id":"https:\/\/ugis.it\/cms\/corso-neuroscienze-psichiatria-e-scienze-umane-ore-09-00-13-00-4-crediti-per-i-giornalisti-18-maggio-2023-verona\/#article","isPartOf":{"@id":"https:\/\/ugis.it\/cms\/corso-neuroscienze-psichiatria-e-scienze-umane-ore-09-00-13-00-4-crediti-per-i-giornalisti-18-maggio-2023-verona\/"},"author":{"name":"UGIS","@id":"https:\/\/ugis.it\/cms\/#\/schema\/person\/26f685559166088afc44edd3fe82e851"},"headline":"Corso &#8220;Neuroscienze, psichiatria e scienze umane&#8221;, ore 09.00-13.00, 4 crediti per i giornalisti, 18 maggio 2023, Verona","datePublished":"2023-05-23T14:07:43+00:00","dateModified":"2023-11-23T15:11:25+00:00","mainEntityOfPage":{"@id":"https:\/\/ugis.it\/cms\/corso-neuroscienze-psichiatria-e-scienze-umane-ore-09-00-13-00-4-crediti-per-i-giornalisti-18-maggio-2023-verona\/"},"wordCount":507,"publisher":{"@id":"https:\/\/ugis.it\/cms\/#organization"},"articleSection":["Associazione","News"],"inLanguage":"it-IT"},{"@type":"WebPage","@id":"https:\/\/ugis.it\/cms\/corso-neuroscienze-psichiatria-e-scienze-umane-ore-09-00-13-00-4-crediti-per-i-giornalisti-18-maggio-2023-verona\/","url":"https:\/\/ugis.it\/cms\/corso-neuroscienze-psichiatria-e-scienze-umane-ore-09-00-13-00-4-crediti-per-i-giornalisti-18-maggio-2023-verona\/","name":"Corso \"Neuroscienze, psichiatria e scienze umane\", ore 09.00-13.00, 4 crediti per i giornalisti, 18 maggio 2023, Verona - UGIS","isPartOf":{"@id":"https:\/\/ugis.it\/cms\/#website"},"datePublished":"2023-05-23T14:07:43+00:00","dateModified":"2023-11-23T15:11:25+00:00","breadcrumb":{"@id":"https:\/\/ugis.it\/cms\/corso-neuroscienze-psichiatria-e-scienze-umane-ore-09-00-13-00-4-crediti-per-i-giornalisti-18-maggio-2023-verona\/#breadcrumb"},"inLanguage":"it-IT","potentialAction":[{"@type":"ReadAction","target":["https:\/\/ugis.it\/cms\/corso-neuroscienze-psichiatria-e-scienze-umane-ore-09-00-13-00-4-crediti-per-i-giornalisti-18-maggio-2023-verona\/"]}]},{"@type":"BreadcrumbList","@id":"https:\/\/ugis.it\/cms\/corso-neuroscienze-psichiatria-e-scienze-umane-ore-09-00-13-00-4-crediti-per-i-giornalisti-18-maggio-2023-verona\/#breadcrumb","itemListElement":[{"@type":"ListItem","position":1,"name":"Home","item":"https:\/\/ugis.it\/cms\/"},{"@type":"ListItem","position":2,"name":"Corso &#8220;Neuroscienze, psichiatria e scienze umane&#8221;, ore 09.00-13.00, 4 crediti per i giornalisti, 18 maggio 2023, Verona"}]},{"@type":"WebSite","@id":"https:\/\/ugis.it\/cms\/#website","url":"https:\/\/ugis.it\/cms\/","name":"UGIS","description":"Unione Giornalisti Italiani Scientifici","publisher":{"@id":"https:\/\/ugis.it\/cms\/#organization"},"potentialAction":[{"@type":"SearchAction","target":{"@type":"EntryPoint","urlTemplate":"https:\/\/ugis.it\/cms\/?s={search_term_string}"},"query-input":{"@type":"PropertyValueSpecification","valueRequired":true,"valueName":"search_term_string"}}],"inLanguage":"it-IT"},{"@type":"Organization","@id":"https:\/\/ugis.it\/cms\/#organization","name":"UGIS","url":"https:\/\/ugis.it\/cms\/","logo":{"@type":"ImageObject","inLanguage":"it-IT","@id":"https:\/\/ugis.it\/cms\/#\/schema\/logo\/image\/","url":"https:\/\/ugis.it\/cms\/wp-content\/uploads\/2015\/04\/logo-UGIS_colori.jpg","contentUrl":"https:\/\/ugis.it\/cms\/wp-content\/uploads\/2015\/04\/logo-UGIS_colori.jpg","width":198,"height":91,"caption":"UGIS"},"image":{"@id":"https:\/\/ugis.it\/cms\/#\/schema\/logo\/image\/"}},{"@type":"Person","@id":"https:\/\/ugis.it\/cms\/#\/schema\/person\/26f685559166088afc44edd3fe82e851","name":"UGIS","image":{"@type":"ImageObject","inLanguage":"it-IT","@id":"https:\/\/secure.gravatar.com\/avatar\/dffd56f6a99e8ed4fdf6a24f3a35afe8112cffe5012a77acfe7b8bd7a60564bb?s=96&d=mm&r=g","url":"https:\/\/secure.gravatar.com\/avatar\/dffd56f6a99e8ed4fdf6a24f3a35afe8112cffe5012a77acfe7b8bd7a60564bb?s=96&d=mm&r=g","contentUrl":"https:\/\/secure.gravatar.com\/avatar\/dffd56f6a99e8ed4fdf6a24f3a35afe8112cffe5012a77acfe7b8bd7a60564bb?s=96&d=mm&r=g","caption":"UGIS"},"url":"https:\/\/ugis.it\/cms\/author\/webmaster\/"}]}},"_links":{"self":[{"href":"https:\/\/ugis.it\/cms\/wp-json\/wp\/v2\/posts\/1580239","targetHints":{"allow":["GET"]}}],"collection":[{"href":"https:\/\/ugis.it\/cms\/wp-json\/wp\/v2\/posts"}],"about":[{"href":"https:\/\/ugis.it\/cms\/wp-json\/wp\/v2\/types\/post"}],"author":[{"embeddable":true,"href":"https:\/\/ugis.it\/cms\/wp-json\/wp\/v2\/users\/16"}],"replies":[{"embeddable":true,"href":"https:\/\/ugis.it\/cms\/wp-json\/wp\/v2\/comments?post=1580239"}],"version-history":[{"count":0,"href":"https:\/\/ugis.it\/cms\/wp-json\/wp\/v2\/posts\/1580239\/revisions"}],"wp:attachment":[{"href":"https:\/\/ugis.it\/cms\/wp-json\/wp\/v2\/media?parent=1580239"}],"wp:term":[{"taxonomy":"category","embeddable":true,"href":"https:\/\/ugis.it\/cms\/wp-json\/wp\/v2\/categories?post=1580239"},{"taxonomy":"post_tag","embeddable":true,"href":"https:\/\/ugis.it\/cms\/wp-json\/wp\/v2\/tags?post=1580239"}],"curies":[{"name":"wp","href":"https:\/\/api.w.org\/{rel}","templated":true}]}}