{"id":1579900,"date":"2023-06-16T15:02:34","date_gmt":"2023-06-16T13:02:34","guid":{"rendered":"https:\/\/ugis.it\/cms\/?p=1579900"},"modified":"2023-11-23T16:10:15","modified_gmt":"2023-11-23T15:10:15","slug":"ugis-e-il-corso-di-formazione-su-salute-ed-etica-pubblica-brescia-16-giugno-2023","status":"publish","type":"post","link":"https:\/\/ugis.it\/cms\/ugis-e-il-corso-di-formazione-su-salute-ed-etica-pubblica-brescia-16-giugno-2023\/","title":{"rendered":"UGIS e il corso di formazione su Salute ed etica pubblica, Brescia, 16 giugno 2023"},"content":{"rendered":"<p>\u00c8 organizzato d\u2019intesa tra UGIS e Ordine dei Giornalisti della Lombardia nell\u2019ambito del ciclo di incontri \u201cSalute in Comune\u201d, con la collaborazione del Comune di Brescia, Fondazione Giorgio Brunelli Onlus e FAST &#8211; Federazione delle associazioni scientifiche e tecniche.<\/p>\n<p>Il corso <b>&#8220;Salute ed etica pubblica&#8221;<\/b> \u00e8\u00a0 in presenza, il 16 giugno 2023, dalle ore 14.00 alle 18.00 (Sala del Camino, Via S. Martino della Battaglia18 , Brescia) per un totale di 4 crediti\u00a0 formativi ai giornalisti che si iscrivono direttamente sulla piattaforma <a href=\"http:\/\/formazionegiornalisti.it\" target=\"_blank\" rel=\"noopener noreferrer\">formazionegiornalisti.it<\/a><\/p>\n<p><b>Presentazione<\/b><br \/>\nCome coniugare sanit\u00e0 pubblica ed etica? La prima mira a promuovere e proteggere la salute fisica, mentale e sociale ed a ridurre la diffusione delle malattie, adottando una prospettiva collettiva. L\u2019etica \u00e8 attenta alla diversa relazione che le persone hanno con la sanit\u00e0 pubblica e con il medico. E cos\u00ec mentre la sanit\u00e0 pubblica coinvolge personale medico e richiede una forte base biomedica, allo stesso modo la professione dei singoli medici \u00e8 inserita in una realt\u00e0 regolata da politiche e normative definite. Tutto ci\u00f2 conduce ad un aspetto centrale per quanto riguarda l\u2019etica riferita alla sanit\u00e0 pubblica e, precisamente, la relazione tra quest\u2019ultima e la bioetica propriamente detta con il riconoscimento del ruolo fondamentale ricoperto dal contesto sociale e comunitario sia per la promozione della salute individuale, sia per la qualit\u00e0 della salute pubblica.<\/p>\n<p><b>Programma<\/b><\/p>\n<p>13.45 Registrazione dei partecipanti<br \/>\n14.00 Introduzione al corso e moderatrici<br \/>\n\u2022Luisa Monini, giornalista, socia UGIS e UNAMSI, medico, presidente Fondazione Brunelli Onlus<br \/>\n\u2022Adriana Albini, giornalista, socia UGIS, collaboratrice scientifica IRCCS IEO Istituto Europeo di Oncologia di Milano<br \/>\n14.30 Contributi<br \/>\n\u2022La salute come bene comune<br \/>\nMaria Pia Garavaglia, docente Facolt\u00e0 di psicologia dell\u2019Universit\u00e0 della Sapienza di Roma<br \/>\n\u2022Relazione di cura e intelligenza artificiale<br \/>\nLucio Romano, docente di Bioetica presso la Pontificia facolt\u00e0 teologica di Napoli, gi\u00e0 membro del Comitato nazionale per la Bioetica presso la Presidenza del Consiglio dei ministri<br \/>\n\u2022Lavorare per la cura dell\u2019uomo<br \/>\nCamillo Rossi, direttore sanitario Spedali civili di Brescia, specializzazione in Pediatria e igiene<br \/>\n\u2022Il difficile equilibrio tra corretta informazione, fake news e infodemia<br \/>\nNicola Miglino, biologo e giornalista, presidente UNAMSI, esperienza nel giornalismo medico-scientifico<br \/>\n17.30 Dibattito<br \/>\n18.00 Chiusura del corso<\/p>\n<p>Modalit\u00e0 di partecipazione:<br \/>\nI giornalisti interessati ad acquisire i 4 crediti sono invitati a registrarsi sulla piattaforma <a href=\"http:\/\/formazionegiornalisti.it\" target=\"_blank\" rel=\"noopener noreferrer\">formazionegiornalisti.it<\/a> per partecipare al corso in presenza. L\u2019evento \u00e8 aperto gratuitamente anche al pubblico, previo invio mail a <a href=\"mailto:fast@fast.mi.it\" rel=\"noreferrer noreferrer\">fast@fast.mi.it<\/a>.<\/p>\n<p>Per informazioni: <a href=\"mailto:ugis@ugis.it\" rel=\"noreferrer noreferrer\">ugis@ugis.it<\/a><\/p>\n<p><strong><a href=\"https:\/\/ugis.it\/cms\/wp-content\/uploads\/2023\/05\/Depliant_16_6_2023_BS.pdf\" target=\"_blank\" rel=\"noopener\">In allegato il programma completo scaricabile in pdf<\/a><\/strong><\/p>\n","protected":false},"excerpt":{"rendered":"<h6>\u00c8 organizzato d\u2019intesa tra UGIS e Ordine dei Giornalisti della Lombardia nell\u2019ambito del ciclo di incontri \u201cSalute in Comune\u201d.<\/h6>\n","protected":false},"author":16,"featured_media":0,"comment_status":"closed","ping_status":"closed","sticky":false,"template":"","format":"image","meta":{"_et_pb_use_builder":"","_et_pb_old_content":"","_et_gb_content_width":"","footnotes":""},"categories":[13,1],"tags":[],"class_list":["post-1579900","post","type-post","status-publish","format-image","hentry","category-associazione","category-news","post_format-post-format-image"],"yoast_head":"<!-- This site is optimized with the Yoast SEO plugin v27.4 - https:\/\/yoast.com\/product\/yoast-seo-wordpress\/ -->\n<title>UGIS e il corso di formazione su Salute ed etica pubblica, Brescia, 16 giugno 2023 - UGIS<\/title>\n<meta name=\"robots\" content=\"index, follow, max-snippet:-1, max-image-preview:large, max-video-preview:-1\" \/>\n<link rel=\"canonical\" href=\"https:\/\/ugis.it\/cms\/ugis-e-il-corso-di-formazione-su-salute-ed-etica-pubblica-brescia-16-giugno-2023\/\" \/>\n<meta property=\"og:locale\" content=\"it_IT\" \/>\n<meta property=\"og:type\" content=\"article\" \/>\n<meta property=\"og:title\" content=\"UGIS e il corso di formazione su Salute ed etica pubblica, Brescia, 16 giugno 2023 - UGIS\" \/>\n<meta property=\"og:description\" content=\"\u00c8 organizzato d\u2019intesa tra UGIS e Ordine dei Giornalisti della Lombardia nell\u2019ambito del ciclo di incontri \u201cSalute in Comune\u201d.\" \/>\n<meta property=\"og:url\" content=\"https:\/\/ugis.it\/cms\/ugis-e-il-corso-di-formazione-su-salute-ed-etica-pubblica-brescia-16-giugno-2023\/\" \/>\n<meta property=\"og:site_name\" content=\"UGIS\" \/>\n<meta property=\"article:published_time\" content=\"2023-06-16T13:02:34+00:00\" \/>\n<meta property=\"article:modified_time\" content=\"2023-11-23T15:10:15+00:00\" \/>\n<meta name=\"author\" content=\"UGIS\" \/>\n<meta name=\"twitter:card\" content=\"summary_large_image\" \/>\n<meta name=\"twitter:label1\" content=\"Scritto da\" \/>\n\t<meta name=\"twitter:data1\" content=\"UGIS\" \/>\n\t<meta name=\"twitter:label2\" content=\"Tempo di lettura stimato\" \/>\n\t<meta name=\"twitter:data2\" content=\"2 minuti\" \/>\n<script type=\"application\/ld+json\" class=\"yoast-schema-graph\">{\"@context\":\"https:\\\/\\\/schema.org\",\"@graph\":[{\"@type\":\"Article\",\"@id\":\"https:\\\/\\\/ugis.it\\\/cms\\\/ugis-e-il-corso-di-formazione-su-salute-ed-etica-pubblica-brescia-16-giugno-2023\\\/#article\",\"isPartOf\":{\"@id\":\"https:\\\/\\\/ugis.it\\\/cms\\\/ugis-e-il-corso-di-formazione-su-salute-ed-etica-pubblica-brescia-16-giugno-2023\\\/\"},\"author\":{\"name\":\"UGIS\",\"@id\":\"https:\\\/\\\/ugis.it\\\/cms\\\/#\\\/schema\\\/person\\\/26f685559166088afc44edd3fe82e851\"},\"headline\":\"UGIS e il corso di formazione su Salute ed etica pubblica, Brescia, 16 giugno 2023\",\"datePublished\":\"2023-06-16T13:02:34+00:00\",\"dateModified\":\"2023-11-23T15:10:15+00:00\",\"mainEntityOfPage\":{\"@id\":\"https:\\\/\\\/ugis.it\\\/cms\\\/ugis-e-il-corso-di-formazione-su-salute-ed-etica-pubblica-brescia-16-giugno-2023\\\/\"},\"wordCount\":411,\"publisher\":{\"@id\":\"https:\\\/\\\/ugis.it\\\/cms\\\/#organization\"},\"articleSection\":[\"Associazione\",\"News\"],\"inLanguage\":\"it-IT\"},{\"@type\":\"WebPage\",\"@id\":\"https:\\\/\\\/ugis.it\\\/cms\\\/ugis-e-il-corso-di-formazione-su-salute-ed-etica-pubblica-brescia-16-giugno-2023\\\/\",\"url\":\"https:\\\/\\\/ugis.it\\\/cms\\\/ugis-e-il-corso-di-formazione-su-salute-ed-etica-pubblica-brescia-16-giugno-2023\\\/\",\"name\":\"UGIS e il corso di formazione su Salute ed etica pubblica, Brescia, 16 giugno 2023 - UGIS\",\"isPartOf\":{\"@id\":\"https:\\\/\\\/ugis.it\\\/cms\\\/#website\"},\"datePublished\":\"2023-06-16T13:02:34+00:00\",\"dateModified\":\"2023-11-23T15:10:15+00:00\",\"breadcrumb\":{\"@id\":\"https:\\\/\\\/ugis.it\\\/cms\\\/ugis-e-il-corso-di-formazione-su-salute-ed-etica-pubblica-brescia-16-giugno-2023\\\/#breadcrumb\"},\"inLanguage\":\"it-IT\",\"potentialAction\":[{\"@type\":\"ReadAction\",\"target\":[\"https:\\\/\\\/ugis.it\\\/cms\\\/ugis-e-il-corso-di-formazione-su-salute-ed-etica-pubblica-brescia-16-giugno-2023\\\/\"]}]},{\"@type\":\"BreadcrumbList\",\"@id\":\"https:\\\/\\\/ugis.it\\\/cms\\\/ugis-e-il-corso-di-formazione-su-salute-ed-etica-pubblica-brescia-16-giugno-2023\\\/#breadcrumb\",\"itemListElement\":[{\"@type\":\"ListItem\",\"position\":1,\"name\":\"Home\",\"item\":\"https:\\\/\\\/ugis.it\\\/cms\\\/\"},{\"@type\":\"ListItem\",\"position\":2,\"name\":\"UGIS e il corso di formazione su Salute ed etica pubblica, Brescia, 16 giugno 2023\"}]},{\"@type\":\"WebSite\",\"@id\":\"https:\\\/\\\/ugis.it\\\/cms\\\/#website\",\"url\":\"https:\\\/\\\/ugis.it\\\/cms\\\/\",\"name\":\"UGIS\",\"description\":\"Unione Giornalisti Italiani Scientifici\",\"publisher\":{\"@id\":\"https:\\\/\\\/ugis.it\\\/cms\\\/#organization\"},\"potentialAction\":[{\"@type\":\"SearchAction\",\"target\":{\"@type\":\"EntryPoint\",\"urlTemplate\":\"https:\\\/\\\/ugis.it\\\/cms\\\/?s={search_term_string}\"},\"query-input\":{\"@type\":\"PropertyValueSpecification\",\"valueRequired\":true,\"valueName\":\"search_term_string\"}}],\"inLanguage\":\"it-IT\"},{\"@type\":\"Organization\",\"@id\":\"https:\\\/\\\/ugis.it\\\/cms\\\/#organization\",\"name\":\"UGIS\",\"url\":\"https:\\\/\\\/ugis.it\\\/cms\\\/\",\"logo\":{\"@type\":\"ImageObject\",\"inLanguage\":\"it-IT\",\"@id\":\"https:\\\/\\\/ugis.it\\\/cms\\\/#\\\/schema\\\/logo\\\/image\\\/\",\"url\":\"https:\\\/\\\/ugis.it\\\/cms\\\/wp-content\\\/uploads\\\/2015\\\/04\\\/logo-UGIS_colori.jpg\",\"contentUrl\":\"https:\\\/\\\/ugis.it\\\/cms\\\/wp-content\\\/uploads\\\/2015\\\/04\\\/logo-UGIS_colori.jpg\",\"width\":198,\"height\":91,\"caption\":\"UGIS\"},\"image\":{\"@id\":\"https:\\\/\\\/ugis.it\\\/cms\\\/#\\\/schema\\\/logo\\\/image\\\/\"}},{\"@type\":\"Person\",\"@id\":\"https:\\\/\\\/ugis.it\\\/cms\\\/#\\\/schema\\\/person\\\/26f685559166088afc44edd3fe82e851\",\"name\":\"UGIS\",\"image\":{\"@type\":\"ImageObject\",\"inLanguage\":\"it-IT\",\"@id\":\"https:\\\/\\\/secure.gravatar.com\\\/avatar\\\/dffd56f6a99e8ed4fdf6a24f3a35afe8112cffe5012a77acfe7b8bd7a60564bb?s=96&d=mm&r=g\",\"url\":\"https:\\\/\\\/secure.gravatar.com\\\/avatar\\\/dffd56f6a99e8ed4fdf6a24f3a35afe8112cffe5012a77acfe7b8bd7a60564bb?s=96&d=mm&r=g\",\"contentUrl\":\"https:\\\/\\\/secure.gravatar.com\\\/avatar\\\/dffd56f6a99e8ed4fdf6a24f3a35afe8112cffe5012a77acfe7b8bd7a60564bb?s=96&d=mm&r=g\",\"caption\":\"UGIS\"},\"url\":\"https:\\\/\\\/ugis.it\\\/cms\\\/author\\\/webmaster\\\/\"}]}<\/script>\n<!-- \/ Yoast SEO plugin. -->","yoast_head_json":{"title":"UGIS e il corso di formazione su Salute ed etica pubblica, Brescia, 16 giugno 2023 - UGIS","robots":{"index":"index","follow":"follow","max-snippet":"max-snippet:-1","max-image-preview":"max-image-preview:large","max-video-preview":"max-video-preview:-1"},"canonical":"https:\/\/ugis.it\/cms\/ugis-e-il-corso-di-formazione-su-salute-ed-etica-pubblica-brescia-16-giugno-2023\/","og_locale":"it_IT","og_type":"article","og_title":"UGIS e il corso di formazione su Salute ed etica pubblica, Brescia, 16 giugno 2023 - UGIS","og_description":"\u00c8 organizzato d\u2019intesa tra UGIS e Ordine dei Giornalisti della Lombardia nell\u2019ambito del ciclo di incontri \u201cSalute in Comune\u201d.","og_url":"https:\/\/ugis.it\/cms\/ugis-e-il-corso-di-formazione-su-salute-ed-etica-pubblica-brescia-16-giugno-2023\/","og_site_name":"UGIS","article_published_time":"2023-06-16T13:02:34+00:00","article_modified_time":"2023-11-23T15:10:15+00:00","author":"UGIS","twitter_card":"summary_large_image","twitter_misc":{"Scritto da":"UGIS","Tempo di lettura stimato":"2 minuti"},"schema":{"@context":"https:\/\/schema.org","@graph":[{"@type":"Article","@id":"https:\/\/ugis.it\/cms\/ugis-e-il-corso-di-formazione-su-salute-ed-etica-pubblica-brescia-16-giugno-2023\/#article","isPartOf":{"@id":"https:\/\/ugis.it\/cms\/ugis-e-il-corso-di-formazione-su-salute-ed-etica-pubblica-brescia-16-giugno-2023\/"},"author":{"name":"UGIS","@id":"https:\/\/ugis.it\/cms\/#\/schema\/person\/26f685559166088afc44edd3fe82e851"},"headline":"UGIS e il corso di formazione su Salute ed etica pubblica, Brescia, 16 giugno 2023","datePublished":"2023-06-16T13:02:34+00:00","dateModified":"2023-11-23T15:10:15+00:00","mainEntityOfPage":{"@id":"https:\/\/ugis.it\/cms\/ugis-e-il-corso-di-formazione-su-salute-ed-etica-pubblica-brescia-16-giugno-2023\/"},"wordCount":411,"publisher":{"@id":"https:\/\/ugis.it\/cms\/#organization"},"articleSection":["Associazione","News"],"inLanguage":"it-IT"},{"@type":"WebPage","@id":"https:\/\/ugis.it\/cms\/ugis-e-il-corso-di-formazione-su-salute-ed-etica-pubblica-brescia-16-giugno-2023\/","url":"https:\/\/ugis.it\/cms\/ugis-e-il-corso-di-formazione-su-salute-ed-etica-pubblica-brescia-16-giugno-2023\/","name":"UGIS e il corso di formazione su Salute ed etica pubblica, Brescia, 16 giugno 2023 - UGIS","isPartOf":{"@id":"https:\/\/ugis.it\/cms\/#website"},"datePublished":"2023-06-16T13:02:34+00:00","dateModified":"2023-11-23T15:10:15+00:00","breadcrumb":{"@id":"https:\/\/ugis.it\/cms\/ugis-e-il-corso-di-formazione-su-salute-ed-etica-pubblica-brescia-16-giugno-2023\/#breadcrumb"},"inLanguage":"it-IT","potentialAction":[{"@type":"ReadAction","target":["https:\/\/ugis.it\/cms\/ugis-e-il-corso-di-formazione-su-salute-ed-etica-pubblica-brescia-16-giugno-2023\/"]}]},{"@type":"BreadcrumbList","@id":"https:\/\/ugis.it\/cms\/ugis-e-il-corso-di-formazione-su-salute-ed-etica-pubblica-brescia-16-giugno-2023\/#breadcrumb","itemListElement":[{"@type":"ListItem","position":1,"name":"Home","item":"https:\/\/ugis.it\/cms\/"},{"@type":"ListItem","position":2,"name":"UGIS e il corso di formazione su Salute ed etica pubblica, Brescia, 16 giugno 2023"}]},{"@type":"WebSite","@id":"https:\/\/ugis.it\/cms\/#website","url":"https:\/\/ugis.it\/cms\/","name":"UGIS","description":"Unione Giornalisti Italiani Scientifici","publisher":{"@id":"https:\/\/ugis.it\/cms\/#organization"},"potentialAction":[{"@type":"SearchAction","target":{"@type":"EntryPoint","urlTemplate":"https:\/\/ugis.it\/cms\/?s={search_term_string}"},"query-input":{"@type":"PropertyValueSpecification","valueRequired":true,"valueName":"search_term_string"}}],"inLanguage":"it-IT"},{"@type":"Organization","@id":"https:\/\/ugis.it\/cms\/#organization","name":"UGIS","url":"https:\/\/ugis.it\/cms\/","logo":{"@type":"ImageObject","inLanguage":"it-IT","@id":"https:\/\/ugis.it\/cms\/#\/schema\/logo\/image\/","url":"https:\/\/ugis.it\/cms\/wp-content\/uploads\/2015\/04\/logo-UGIS_colori.jpg","contentUrl":"https:\/\/ugis.it\/cms\/wp-content\/uploads\/2015\/04\/logo-UGIS_colori.jpg","width":198,"height":91,"caption":"UGIS"},"image":{"@id":"https:\/\/ugis.it\/cms\/#\/schema\/logo\/image\/"}},{"@type":"Person","@id":"https:\/\/ugis.it\/cms\/#\/schema\/person\/26f685559166088afc44edd3fe82e851","name":"UGIS","image":{"@type":"ImageObject","inLanguage":"it-IT","@id":"https:\/\/secure.gravatar.com\/avatar\/dffd56f6a99e8ed4fdf6a24f3a35afe8112cffe5012a77acfe7b8bd7a60564bb?s=96&d=mm&r=g","url":"https:\/\/secure.gravatar.com\/avatar\/dffd56f6a99e8ed4fdf6a24f3a35afe8112cffe5012a77acfe7b8bd7a60564bb?s=96&d=mm&r=g","contentUrl":"https:\/\/secure.gravatar.com\/avatar\/dffd56f6a99e8ed4fdf6a24f3a35afe8112cffe5012a77acfe7b8bd7a60564bb?s=96&d=mm&r=g","caption":"UGIS"},"url":"https:\/\/ugis.it\/cms\/author\/webmaster\/"}]}},"_links":{"self":[{"href":"https:\/\/ugis.it\/cms\/wp-json\/wp\/v2\/posts\/1579900","targetHints":{"allow":["GET"]}}],"collection":[{"href":"https:\/\/ugis.it\/cms\/wp-json\/wp\/v2\/posts"}],"about":[{"href":"https:\/\/ugis.it\/cms\/wp-json\/wp\/v2\/types\/post"}],"author":[{"embeddable":true,"href":"https:\/\/ugis.it\/cms\/wp-json\/wp\/v2\/users\/16"}],"replies":[{"embeddable":true,"href":"https:\/\/ugis.it\/cms\/wp-json\/wp\/v2\/comments?post=1579900"}],"version-history":[{"count":0,"href":"https:\/\/ugis.it\/cms\/wp-json\/wp\/v2\/posts\/1579900\/revisions"}],"wp:attachment":[{"href":"https:\/\/ugis.it\/cms\/wp-json\/wp\/v2\/media?parent=1579900"}],"wp:term":[{"taxonomy":"category","embeddable":true,"href":"https:\/\/ugis.it\/cms\/wp-json\/wp\/v2\/categories?post=1579900"},{"taxonomy":"post_tag","embeddable":true,"href":"https:\/\/ugis.it\/cms\/wp-json\/wp\/v2\/tags?post=1579900"}],"curies":[{"name":"wp","href":"https:\/\/api.w.org\/{rel}","templated":true}]}}