{"id":1579867,"date":"2023-05-31T10:16:57","date_gmt":"2023-05-31T08:16:57","guid":{"rendered":"https:\/\/ugis.it\/cms\/?p=1579867"},"modified":"2023-11-23T16:09:25","modified_gmt":"2023-11-23T15:09:25","slug":"ugis-visita-le-eccellenze-scientifiche-di-bergamo-in-occasione-di-bergamo-brescia-capitale-della-cultura-2023","status":"publish","type":"post","link":"https:\/\/ugis.it\/cms\/ugis-visita-le-eccellenze-scientifiche-di-bergamo-in-occasione-di-bergamo-brescia-capitale-della-cultura-2023\/","title":{"rendered":"UGIS visita le eccellenze scientifiche di Bergamo in occasione di Bergamo Brescia Capitale della Cultura 2023, 30-31 maggio 2023"},"content":{"rendered":"<p>Una nuova importante visita dei soci UGIS-Unione Giornalisti Italiani Scientifici alle eccellenze della scienza italiana, dalla sostenibilit\u00e0 in ambito del mondo del trasporto aeroportuale, fino ad aziende che fanno ricerca e innovazioni nella medicina.<br \/>\nSi ringrazia SACBO, societ\u00e0 di gestione dell\u2019Aeroporto Milano Bergamo, per il sostegno all\u2019organizzazione del viaggio studi UGIS e per il supporto ai contenuti.<\/p>\n<p>Il tour incomincia il 30 maggio 2023 con l\u2019arrivo all\u2019aeroporto Milano Bergamo a met\u00e0 mattina. La delegazione sar\u00e0 accolta da Giovanni Sanga, presidente SACBO, e dal direttore generale Emilio Bellingardi. Seguir\u00e0 presentazione a cura di SACBO su materie di sostenibilit\u00e0, digitalizzazione, transizione green; successiva visita all&#8217;hangar di manutenzione dei nuovi B737. Segue pranzo leggero nel ristorante dell\u2019aerostazione.<\/p>\n<p>Trasferimento nel primo pomeriggio al Centro di ricerche Mario Negri al Km Rosso e briefing al polo innovazione di Brembo. Km Rosso \u00e8 uno spazio che riunisce enti, istituti e aziende in un universo reale di innovazione italiana in vari campi del sapere. Queste visite rientrano nella tradizione decennale delle attivit\u00e0 di conoscenza e divulgazione di UGIS.<\/p>\n<p>Nella serata, i soci UGIS sono ospitati con la forma del Interclub da Rotary club Dalmine Centenario con una cena e una relazione sul tema \u201cLeggere la scienza\u201d.<br \/>\nIl 31 maggio si visita l&#8217;ospedale Papa Giovanni XXIII: focus su FROM &#8211; fondazione per la ricerca dell\u2019Ospedale di Bergamo, e con il tema del Clinical trial center.<\/p>\n<p>A seguire, trasferimento al Polo della Facolt\u00e0 di Ingegneria dell&#8217;Universit\u00e0 di Bergamo a Dalmine, con illustrazione delle attivit\u00e0 di studi e ricerche e conclusione con finger food.<br \/>\nNel primo pomeriggio, transfer all\u2019aerostazione di Milano Bergamo per il rientro nelle rispettive sedi, carichi di energia e nuove esperienze.<\/p>\n<p><a href=\"https:\/\/ugis.it\/cms\/wp-content\/uploads\/2023\/05\/BANNER-SITO-scaled.jpg\"><img loading=\"lazy\" decoding=\"async\" class=\"alignnone wp-image-1579868 size-large\" src=\"https:\/\/ugis.it\/cms\/wp-content\/uploads\/2023\/05\/BANNER-SITO-1024x311.jpg\" alt=\"\" width=\"1024\" height=\"311\" srcset=\"https:\/\/ugis.it\/cms\/wp-content\/uploads\/2023\/05\/BANNER-SITO-980x297.jpg 980w, https:\/\/ugis.it\/cms\/wp-content\/uploads\/2023\/05\/BANNER-SITO-480x146.jpg 480w\" sizes=\"(min-width: 0px) and (max-width: 480px) 480px, (min-width: 481px) and (max-width: 980px) 980px, (min-width: 981px) 1024px, 100vw\" \/><\/a><\/p>\n","protected":false},"excerpt":{"rendered":"<h6>Una nuova importante visita dei soci UGIS-Unione Giornalisti Italiani Scientifici alle eccellenze della scienza italiana.<\/h6>\n","protected":false},"author":16,"featured_media":0,"comment_status":"closed","ping_status":"closed","sticky":false,"template":"","format":"image","meta":{"_et_pb_use_builder":"","_et_pb_old_content":"","_et_gb_content_width":"","footnotes":""},"categories":[13,1],"tags":[],"class_list":["post-1579867","post","type-post","status-publish","format-image","hentry","category-associazione","category-news","post_format-post-format-image"],"yoast_head":"<!-- This site is optimized with the Yoast SEO plugin v27.4 - https:\/\/yoast.com\/product\/yoast-seo-wordpress\/ -->\n<title>UGIS visita le eccellenze scientifiche di Bergamo in occasione di Bergamo Brescia Capitale della Cultura 2023, 30-31 maggio 2023 - UGIS<\/title>\n<meta name=\"robots\" content=\"index, follow, max-snippet:-1, max-image-preview:large, max-video-preview:-1\" \/>\n<link rel=\"canonical\" href=\"https:\/\/ugis.it\/cms\/ugis-visita-le-eccellenze-scientifiche-di-bergamo-in-occasione-di-bergamo-brescia-capitale-della-cultura-2023\/\" \/>\n<meta property=\"og:locale\" content=\"it_IT\" \/>\n<meta property=\"og:type\" content=\"article\" \/>\n<meta property=\"og:title\" content=\"UGIS visita le eccellenze scientifiche di Bergamo in occasione di Bergamo Brescia Capitale della Cultura 2023, 30-31 maggio 2023 - UGIS\" \/>\n<meta property=\"og:description\" content=\"Una nuova importante visita dei soci UGIS-Unione Giornalisti Italiani Scientifici alle eccellenze della scienza italiana.\" \/>\n<meta property=\"og:url\" content=\"https:\/\/ugis.it\/cms\/ugis-visita-le-eccellenze-scientifiche-di-bergamo-in-occasione-di-bergamo-brescia-capitale-della-cultura-2023\/\" \/>\n<meta property=\"og:site_name\" content=\"UGIS\" \/>\n<meta property=\"article:published_time\" content=\"2023-05-31T08:16:57+00:00\" \/>\n<meta property=\"article:modified_time\" content=\"2023-11-23T15:09:25+00:00\" \/>\n<meta property=\"og:image\" content=\"https:\/\/ugis.it\/cms\/wp-content\/uploads\/2023\/05\/BANNER-SITO-1024x311.jpg\" \/>\n<meta name=\"author\" content=\"UGIS\" \/>\n<meta name=\"twitter:card\" content=\"summary_large_image\" \/>\n<meta name=\"twitter:label1\" content=\"Scritto da\" \/>\n\t<meta name=\"twitter:data1\" content=\"UGIS\" \/>\n\t<meta name=\"twitter:label2\" content=\"Tempo di lettura stimato\" \/>\n\t<meta name=\"twitter:data2\" content=\"1 minuto\" \/>\n<script type=\"application\/ld+json\" class=\"yoast-schema-graph\">{\"@context\":\"https:\\\/\\\/schema.org\",\"@graph\":[{\"@type\":\"Article\",\"@id\":\"https:\\\/\\\/ugis.it\\\/cms\\\/ugis-visita-le-eccellenze-scientifiche-di-bergamo-in-occasione-di-bergamo-brescia-capitale-della-cultura-2023\\\/#article\",\"isPartOf\":{\"@id\":\"https:\\\/\\\/ugis.it\\\/cms\\\/ugis-visita-le-eccellenze-scientifiche-di-bergamo-in-occasione-di-bergamo-brescia-capitale-della-cultura-2023\\\/\"},\"author\":{\"name\":\"UGIS\",\"@id\":\"https:\\\/\\\/ugis.it\\\/cms\\\/#\\\/schema\\\/person\\\/26f685559166088afc44edd3fe82e851\"},\"headline\":\"UGIS visita le eccellenze scientifiche di Bergamo in occasione di Bergamo Brescia Capitale della Cultura 2023, 30-31 maggio 2023\",\"datePublished\":\"2023-05-31T08:16:57+00:00\",\"dateModified\":\"2023-11-23T15:09:25+00:00\",\"mainEntityOfPage\":{\"@id\":\"https:\\\/\\\/ugis.it\\\/cms\\\/ugis-visita-le-eccellenze-scientifiche-di-bergamo-in-occasione-di-bergamo-brescia-capitale-della-cultura-2023\\\/\"},\"wordCount\":297,\"publisher\":{\"@id\":\"https:\\\/\\\/ugis.it\\\/cms\\\/#organization\"},\"image\":{\"@id\":\"https:\\\/\\\/ugis.it\\\/cms\\\/ugis-visita-le-eccellenze-scientifiche-di-bergamo-in-occasione-di-bergamo-brescia-capitale-della-cultura-2023\\\/#primaryimage\"},\"thumbnailUrl\":\"https:\\\/\\\/ugis.it\\\/cms\\\/wp-content\\\/uploads\\\/2023\\\/05\\\/BANNER-SITO-1024x311.jpg\",\"articleSection\":[\"Associazione\",\"News\"],\"inLanguage\":\"it-IT\"},{\"@type\":\"WebPage\",\"@id\":\"https:\\\/\\\/ugis.it\\\/cms\\\/ugis-visita-le-eccellenze-scientifiche-di-bergamo-in-occasione-di-bergamo-brescia-capitale-della-cultura-2023\\\/\",\"url\":\"https:\\\/\\\/ugis.it\\\/cms\\\/ugis-visita-le-eccellenze-scientifiche-di-bergamo-in-occasione-di-bergamo-brescia-capitale-della-cultura-2023\\\/\",\"name\":\"UGIS visita le eccellenze scientifiche di Bergamo in occasione di Bergamo Brescia Capitale della Cultura 2023, 30-31 maggio 2023 - UGIS\",\"isPartOf\":{\"@id\":\"https:\\\/\\\/ugis.it\\\/cms\\\/#website\"},\"primaryImageOfPage\":{\"@id\":\"https:\\\/\\\/ugis.it\\\/cms\\\/ugis-visita-le-eccellenze-scientifiche-di-bergamo-in-occasione-di-bergamo-brescia-capitale-della-cultura-2023\\\/#primaryimage\"},\"image\":{\"@id\":\"https:\\\/\\\/ugis.it\\\/cms\\\/ugis-visita-le-eccellenze-scientifiche-di-bergamo-in-occasione-di-bergamo-brescia-capitale-della-cultura-2023\\\/#primaryimage\"},\"thumbnailUrl\":\"https:\\\/\\\/ugis.it\\\/cms\\\/wp-content\\\/uploads\\\/2023\\\/05\\\/BANNER-SITO-1024x311.jpg\",\"datePublished\":\"2023-05-31T08:16:57+00:00\",\"dateModified\":\"2023-11-23T15:09:25+00:00\",\"breadcrumb\":{\"@id\":\"https:\\\/\\\/ugis.it\\\/cms\\\/ugis-visita-le-eccellenze-scientifiche-di-bergamo-in-occasione-di-bergamo-brescia-capitale-della-cultura-2023\\\/#breadcrumb\"},\"inLanguage\":\"it-IT\",\"potentialAction\":[{\"@type\":\"ReadAction\",\"target\":[\"https:\\\/\\\/ugis.it\\\/cms\\\/ugis-visita-le-eccellenze-scientifiche-di-bergamo-in-occasione-di-bergamo-brescia-capitale-della-cultura-2023\\\/\"]}]},{\"@type\":\"ImageObject\",\"inLanguage\":\"it-IT\",\"@id\":\"https:\\\/\\\/ugis.it\\\/cms\\\/ugis-visita-le-eccellenze-scientifiche-di-bergamo-in-occasione-di-bergamo-brescia-capitale-della-cultura-2023\\\/#primaryimage\",\"url\":\"https:\\\/\\\/ugis.it\\\/cms\\\/wp-content\\\/uploads\\\/2023\\\/05\\\/BANNER-SITO-scaled.jpg\",\"contentUrl\":\"https:\\\/\\\/ugis.it\\\/cms\\\/wp-content\\\/uploads\\\/2023\\\/05\\\/BANNER-SITO-scaled.jpg\",\"width\":2560,\"height\":777},{\"@type\":\"BreadcrumbList\",\"@id\":\"https:\\\/\\\/ugis.it\\\/cms\\\/ugis-visita-le-eccellenze-scientifiche-di-bergamo-in-occasione-di-bergamo-brescia-capitale-della-cultura-2023\\\/#breadcrumb\",\"itemListElement\":[{\"@type\":\"ListItem\",\"position\":1,\"name\":\"Home\",\"item\":\"https:\\\/\\\/ugis.it\\\/cms\\\/\"},{\"@type\":\"ListItem\",\"position\":2,\"name\":\"UGIS visita le eccellenze scientifiche di Bergamo in occasione di Bergamo Brescia Capitale della Cultura 2023, 30-31 maggio 2023\"}]},{\"@type\":\"WebSite\",\"@id\":\"https:\\\/\\\/ugis.it\\\/cms\\\/#website\",\"url\":\"https:\\\/\\\/ugis.it\\\/cms\\\/\",\"name\":\"UGIS\",\"description\":\"Unione Giornalisti Italiani Scientifici\",\"publisher\":{\"@id\":\"https:\\\/\\\/ugis.it\\\/cms\\\/#organization\"},\"potentialAction\":[{\"@type\":\"SearchAction\",\"target\":{\"@type\":\"EntryPoint\",\"urlTemplate\":\"https:\\\/\\\/ugis.it\\\/cms\\\/?s={search_term_string}\"},\"query-input\":{\"@type\":\"PropertyValueSpecification\",\"valueRequired\":true,\"valueName\":\"search_term_string\"}}],\"inLanguage\":\"it-IT\"},{\"@type\":\"Organization\",\"@id\":\"https:\\\/\\\/ugis.it\\\/cms\\\/#organization\",\"name\":\"UGIS\",\"url\":\"https:\\\/\\\/ugis.it\\\/cms\\\/\",\"logo\":{\"@type\":\"ImageObject\",\"inLanguage\":\"it-IT\",\"@id\":\"https:\\\/\\\/ugis.it\\\/cms\\\/#\\\/schema\\\/logo\\\/image\\\/\",\"url\":\"https:\\\/\\\/ugis.it\\\/cms\\\/wp-content\\\/uploads\\\/2015\\\/04\\\/logo-UGIS_colori.jpg\",\"contentUrl\":\"https:\\\/\\\/ugis.it\\\/cms\\\/wp-content\\\/uploads\\\/2015\\\/04\\\/logo-UGIS_colori.jpg\",\"width\":198,\"height\":91,\"caption\":\"UGIS\"},\"image\":{\"@id\":\"https:\\\/\\\/ugis.it\\\/cms\\\/#\\\/schema\\\/logo\\\/image\\\/\"}},{\"@type\":\"Person\",\"@id\":\"https:\\\/\\\/ugis.it\\\/cms\\\/#\\\/schema\\\/person\\\/26f685559166088afc44edd3fe82e851\",\"name\":\"UGIS\",\"image\":{\"@type\":\"ImageObject\",\"inLanguage\":\"it-IT\",\"@id\":\"https:\\\/\\\/secure.gravatar.com\\\/avatar\\\/dffd56f6a99e8ed4fdf6a24f3a35afe8112cffe5012a77acfe7b8bd7a60564bb?s=96&d=mm&r=g\",\"url\":\"https:\\\/\\\/secure.gravatar.com\\\/avatar\\\/dffd56f6a99e8ed4fdf6a24f3a35afe8112cffe5012a77acfe7b8bd7a60564bb?s=96&d=mm&r=g\",\"contentUrl\":\"https:\\\/\\\/secure.gravatar.com\\\/avatar\\\/dffd56f6a99e8ed4fdf6a24f3a35afe8112cffe5012a77acfe7b8bd7a60564bb?s=96&d=mm&r=g\",\"caption\":\"UGIS\"},\"url\":\"https:\\\/\\\/ugis.it\\\/cms\\\/author\\\/webmaster\\\/\"}]}<\/script>\n<!-- \/ Yoast SEO plugin. -->","yoast_head_json":{"title":"UGIS visita le eccellenze scientifiche di Bergamo in occasione di Bergamo Brescia Capitale della Cultura 2023, 30-31 maggio 2023 - UGIS","robots":{"index":"index","follow":"follow","max-snippet":"max-snippet:-1","max-image-preview":"max-image-preview:large","max-video-preview":"max-video-preview:-1"},"canonical":"https:\/\/ugis.it\/cms\/ugis-visita-le-eccellenze-scientifiche-di-bergamo-in-occasione-di-bergamo-brescia-capitale-della-cultura-2023\/","og_locale":"it_IT","og_type":"article","og_title":"UGIS visita le eccellenze scientifiche di Bergamo in occasione di Bergamo Brescia Capitale della Cultura 2023, 30-31 maggio 2023 - UGIS","og_description":"Una nuova importante visita dei soci UGIS-Unione Giornalisti Italiani Scientifici alle eccellenze della scienza italiana.","og_url":"https:\/\/ugis.it\/cms\/ugis-visita-le-eccellenze-scientifiche-di-bergamo-in-occasione-di-bergamo-brescia-capitale-della-cultura-2023\/","og_site_name":"UGIS","article_published_time":"2023-05-31T08:16:57+00:00","article_modified_time":"2023-11-23T15:09:25+00:00","og_image":[{"url":"https:\/\/ugis.it\/cms\/wp-content\/uploads\/2023\/05\/BANNER-SITO-1024x311.jpg","type":"","width":"","height":""}],"author":"UGIS","twitter_card":"summary_large_image","twitter_misc":{"Scritto da":"UGIS","Tempo di lettura stimato":"1 minuto"},"schema":{"@context":"https:\/\/schema.org","@graph":[{"@type":"Article","@id":"https:\/\/ugis.it\/cms\/ugis-visita-le-eccellenze-scientifiche-di-bergamo-in-occasione-di-bergamo-brescia-capitale-della-cultura-2023\/#article","isPartOf":{"@id":"https:\/\/ugis.it\/cms\/ugis-visita-le-eccellenze-scientifiche-di-bergamo-in-occasione-di-bergamo-brescia-capitale-della-cultura-2023\/"},"author":{"name":"UGIS","@id":"https:\/\/ugis.it\/cms\/#\/schema\/person\/26f685559166088afc44edd3fe82e851"},"headline":"UGIS visita le eccellenze scientifiche di Bergamo in occasione di Bergamo Brescia Capitale della Cultura 2023, 30-31 maggio 2023","datePublished":"2023-05-31T08:16:57+00:00","dateModified":"2023-11-23T15:09:25+00:00","mainEntityOfPage":{"@id":"https:\/\/ugis.it\/cms\/ugis-visita-le-eccellenze-scientifiche-di-bergamo-in-occasione-di-bergamo-brescia-capitale-della-cultura-2023\/"},"wordCount":297,"publisher":{"@id":"https:\/\/ugis.it\/cms\/#organization"},"image":{"@id":"https:\/\/ugis.it\/cms\/ugis-visita-le-eccellenze-scientifiche-di-bergamo-in-occasione-di-bergamo-brescia-capitale-della-cultura-2023\/#primaryimage"},"thumbnailUrl":"https:\/\/ugis.it\/cms\/wp-content\/uploads\/2023\/05\/BANNER-SITO-1024x311.jpg","articleSection":["Associazione","News"],"inLanguage":"it-IT"},{"@type":"WebPage","@id":"https:\/\/ugis.it\/cms\/ugis-visita-le-eccellenze-scientifiche-di-bergamo-in-occasione-di-bergamo-brescia-capitale-della-cultura-2023\/","url":"https:\/\/ugis.it\/cms\/ugis-visita-le-eccellenze-scientifiche-di-bergamo-in-occasione-di-bergamo-brescia-capitale-della-cultura-2023\/","name":"UGIS visita le eccellenze scientifiche di Bergamo in occasione di Bergamo Brescia Capitale della Cultura 2023, 30-31 maggio 2023 - UGIS","isPartOf":{"@id":"https:\/\/ugis.it\/cms\/#website"},"primaryImageOfPage":{"@id":"https:\/\/ugis.it\/cms\/ugis-visita-le-eccellenze-scientifiche-di-bergamo-in-occasione-di-bergamo-brescia-capitale-della-cultura-2023\/#primaryimage"},"image":{"@id":"https:\/\/ugis.it\/cms\/ugis-visita-le-eccellenze-scientifiche-di-bergamo-in-occasione-di-bergamo-brescia-capitale-della-cultura-2023\/#primaryimage"},"thumbnailUrl":"https:\/\/ugis.it\/cms\/wp-content\/uploads\/2023\/05\/BANNER-SITO-1024x311.jpg","datePublished":"2023-05-31T08:16:57+00:00","dateModified":"2023-11-23T15:09:25+00:00","breadcrumb":{"@id":"https:\/\/ugis.it\/cms\/ugis-visita-le-eccellenze-scientifiche-di-bergamo-in-occasione-di-bergamo-brescia-capitale-della-cultura-2023\/#breadcrumb"},"inLanguage":"it-IT","potentialAction":[{"@type":"ReadAction","target":["https:\/\/ugis.it\/cms\/ugis-visita-le-eccellenze-scientifiche-di-bergamo-in-occasione-di-bergamo-brescia-capitale-della-cultura-2023\/"]}]},{"@type":"ImageObject","inLanguage":"it-IT","@id":"https:\/\/ugis.it\/cms\/ugis-visita-le-eccellenze-scientifiche-di-bergamo-in-occasione-di-bergamo-brescia-capitale-della-cultura-2023\/#primaryimage","url":"https:\/\/ugis.it\/cms\/wp-content\/uploads\/2023\/05\/BANNER-SITO-scaled.jpg","contentUrl":"https:\/\/ugis.it\/cms\/wp-content\/uploads\/2023\/05\/BANNER-SITO-scaled.jpg","width":2560,"height":777},{"@type":"BreadcrumbList","@id":"https:\/\/ugis.it\/cms\/ugis-visita-le-eccellenze-scientifiche-di-bergamo-in-occasione-di-bergamo-brescia-capitale-della-cultura-2023\/#breadcrumb","itemListElement":[{"@type":"ListItem","position":1,"name":"Home","item":"https:\/\/ugis.it\/cms\/"},{"@type":"ListItem","position":2,"name":"UGIS visita le eccellenze scientifiche di Bergamo in occasione di Bergamo Brescia Capitale della Cultura 2023, 30-31 maggio 2023"}]},{"@type":"WebSite","@id":"https:\/\/ugis.it\/cms\/#website","url":"https:\/\/ugis.it\/cms\/","name":"UGIS","description":"Unione Giornalisti Italiani Scientifici","publisher":{"@id":"https:\/\/ugis.it\/cms\/#organization"},"potentialAction":[{"@type":"SearchAction","target":{"@type":"EntryPoint","urlTemplate":"https:\/\/ugis.it\/cms\/?s={search_term_string}"},"query-input":{"@type":"PropertyValueSpecification","valueRequired":true,"valueName":"search_term_string"}}],"inLanguage":"it-IT"},{"@type":"Organization","@id":"https:\/\/ugis.it\/cms\/#organization","name":"UGIS","url":"https:\/\/ugis.it\/cms\/","logo":{"@type":"ImageObject","inLanguage":"it-IT","@id":"https:\/\/ugis.it\/cms\/#\/schema\/logo\/image\/","url":"https:\/\/ugis.it\/cms\/wp-content\/uploads\/2015\/04\/logo-UGIS_colori.jpg","contentUrl":"https:\/\/ugis.it\/cms\/wp-content\/uploads\/2015\/04\/logo-UGIS_colori.jpg","width":198,"height":91,"caption":"UGIS"},"image":{"@id":"https:\/\/ugis.it\/cms\/#\/schema\/logo\/image\/"}},{"@type":"Person","@id":"https:\/\/ugis.it\/cms\/#\/schema\/person\/26f685559166088afc44edd3fe82e851","name":"UGIS","image":{"@type":"ImageObject","inLanguage":"it-IT","@id":"https:\/\/secure.gravatar.com\/avatar\/dffd56f6a99e8ed4fdf6a24f3a35afe8112cffe5012a77acfe7b8bd7a60564bb?s=96&d=mm&r=g","url":"https:\/\/secure.gravatar.com\/avatar\/dffd56f6a99e8ed4fdf6a24f3a35afe8112cffe5012a77acfe7b8bd7a60564bb?s=96&d=mm&r=g","contentUrl":"https:\/\/secure.gravatar.com\/avatar\/dffd56f6a99e8ed4fdf6a24f3a35afe8112cffe5012a77acfe7b8bd7a60564bb?s=96&d=mm&r=g","caption":"UGIS"},"url":"https:\/\/ugis.it\/cms\/author\/webmaster\/"}]}},"_links":{"self":[{"href":"https:\/\/ugis.it\/cms\/wp-json\/wp\/v2\/posts\/1579867","targetHints":{"allow":["GET"]}}],"collection":[{"href":"https:\/\/ugis.it\/cms\/wp-json\/wp\/v2\/posts"}],"about":[{"href":"https:\/\/ugis.it\/cms\/wp-json\/wp\/v2\/types\/post"}],"author":[{"embeddable":true,"href":"https:\/\/ugis.it\/cms\/wp-json\/wp\/v2\/users\/16"}],"replies":[{"embeddable":true,"href":"https:\/\/ugis.it\/cms\/wp-json\/wp\/v2\/comments?post=1579867"}],"version-history":[{"count":0,"href":"https:\/\/ugis.it\/cms\/wp-json\/wp\/v2\/posts\/1579867\/revisions"}],"wp:attachment":[{"href":"https:\/\/ugis.it\/cms\/wp-json\/wp\/v2\/media?parent=1579867"}],"wp:term":[{"taxonomy":"category","embeddable":true,"href":"https:\/\/ugis.it\/cms\/wp-json\/wp\/v2\/categories?post=1579867"},{"taxonomy":"post_tag","embeddable":true,"href":"https:\/\/ugis.it\/cms\/wp-json\/wp\/v2\/tags?post=1579867"}],"curies":[{"name":"wp","href":"https:\/\/api.w.org\/{rel}","templated":true}]}}