{"id":1579744,"date":"2022-11-22T11:20:36","date_gmt":"2022-11-22T10:20:36","guid":{"rendered":"https:\/\/ugis.it\/cms\/?p=1579744"},"modified":"2022-11-22T11:20:50","modified_gmt":"2022-11-22T10:20:50","slug":"corso-di-formazione-salute-clima-spazio-etica-per-un-mondo-di-notizie-responsabili-6-crediti-deontologici-ore-14-00-18-00-26-novembre-2022-pomeriggio-piacenza","status":"publish","type":"post","link":"https:\/\/ugis.it\/cms\/corso-di-formazione-salute-clima-spazio-etica-per-un-mondo-di-notizie-responsabili-6-crediti-deontologici-ore-14-00-18-00-26-novembre-2022-pomeriggio-piacenza\/","title":{"rendered":"Corso di formazione \u201cSalute, clima, spazio: etica per un mondo di notizie responsabili\u201d, 6 crediti deontologici, ore 14.00-18.00, 26 novembre 2022 Pomeriggio, Piacenza"},"content":{"rendered":"<p>Organizzato da UGIS, d\u2019intesa con l\u2019Ordine e Fondazione Ordine dei Giornalisti dell\u2019Emilia Romagna, con la collaborazione di FAST \u2013 Federazione delle Associazioni Scientifiche e Tecniche e il sostegno della Fondazione di Piacenza e di Vigevano.<\/p>\n<p>Presso Spazio XNL, via Santa Franca 36- Piacenza<\/p>\n<p><b>Presentazione e Programma<\/b><\/p>\n<p>E \u2018arrivato al sesto anno l\u2019appuntamento in Emilia-Romagna di UGIS &#8211; Unione Giornalisti Italiani Scientifici con eminenti personalit\u00e0 del mondo della ricerca, per conoscere e comunicare la scienza e le innovazioni nei media. L\u2019iniziativa \u00e8 nata come parte di un programma pluriennale sulla divulgazione e la corretta ed equilibrata informazione scientifica, insieme alla Fondazione dell\u2019Ordine dei Giornalisti dell\u2019Emilia Romagna.<\/p>\n<p>Con i relatori giornalisti anche quest\u2019anno sono protagonisti personalit\u00e0 che stimolano lo sviluppo dell\u2019Umanit\u00e0 in vari settori: spazio, clima e salute. Grandi temi di attualit\u00e0 che per la loro complessit\u00e0 implicano un approccio etico e responsabile del giornalista su questi temi, per comunicarli nelle notizie con una metodologia che mette in campo l\u2019approfondimento anche di vari articoli del Testo unico dei doveri del giornalista: dai fondamenti deontologici all\u2019 art.6 sull\u2019informazione scientifica e sanitaria, fino all\u2019 art. 11 sui doveri in tema di informazione economica, poich\u00e9 i risultati o le correlazioni che gravitano attorno al mondo della ricerca possono avere ricadute economiche da considerare.<\/p>\n<p>I giornalisti Giovanni Caprara (presidente UGIS ed editorialista scientifico del Corriere della Sera), Silvestro Ramunno e Giovanni Rossi (presidente e past president dell\u2019Ordine dei Giornalisti dell\u2019Emilia-Romagna) muovono il dialogo su questo filo conduttore parlandone con Paolo Nespoli (ex astronauta ESA \u2013 European Space Agency ed ingegnere), Carlo Barbante (direttore dell\u2019Istituto di Scienze Polari del CNR e referente per l&#8217;Italia del Progetto Ice Memory) e Giuseppe Remuzzi (direttore dell\u2019Istituto di Ricerche Farmacologiche Mario Negri IRCCS).<\/p>\n<p>Hanno aperto il ciclo nel 2016 personaggi di primo piano della scena scientifica: da Piero Angela, decano della divulgazione scientifica in Italia al 2017 con l\u2019astronauta Luca Parmitano; da Fabiola Gianotti, direttrice generale del CERN di Ginevra, nel 2018 al 2019 con tre \u201ceccellenze internazionali\u201d che hanno indagato i misteri del Cosmo (Lucia Votano, fisica delle particelle ed ex direttore del Laboratorio del Gran Sasso; l\u2019astrofisica Marica Branchesi e Roberto Ragazzoni, direttore Osservatorio astronomico INAF di Padova-Asiago); fino al 2021 con Umberto Guidoni, ex astronauta, astrofisico e divulgatore scientifico, Alessandra Sciutti, ricercatrice di robotica dell\u2019Istituto Italiano di Tecnologia di Genova, Sandra Savaglio, astrofisica docente all\u2019Universit\u00e0 della Calabria e scienziata presso varie realt\u00e0 in Germania e Stati Uniti.<\/p>\n<p>L\u2019incontro inizia con i saluti di <b>Marco Perini<\/b>, vice sindaco di Piacenza, e di <b>Roberto Reggi<\/b>, presidente Fondazione di Piacenza e Vigevano. Apre e modera l\u2019incontro <b>Giovanni Caprara<\/b>, presidente UGIS, editorialista scientifico Corriere della Sera e docente al Politecnico di Milano, che nel suo intervento affronta \u201cEtica per una professione responsabile: affrontare i grandi temi scientifici di attualit\u00e0 e le correlazioni economiche\u201d, mentre <b>Silvestro Ramunno<\/b> (presidente dell\u2019Ordine dei Giornalisti dell\u2019Emilia-Romagna) e <b>Giovanni Rossi<\/b> (past president dell\u2019Ordine dei Giornalisti dell\u2019Emilia-Romagna) riflettono su \u201cLa formazione e la deontologia nell\u2019avventura di informare, per una societ\u00e0 pi\u00f9 consapevole\u201d.<\/p>\n<p><b>Paolo Nespoli<\/b>, ex astronauta ESA \u2013 European Space Agency, ingegnere e militare italiano, divulgatore descrive cosa significa vivere \u201cDalla Terra allo Spazio e ritorno\u201d.<\/p>\n<p>\u201cViaggio nel ghiaccio: il clima che cambia. Come comunicarlo\u201d \u00e8 un tema epocale illustrato da <b>Carlo Barbante<\/b>,\u00a0professore ordinario all\u2019Universit\u00e0 Ca\u2019 Foscari di Venezia, direttore dell&#8217;Istituto Scienze Polari del CNR e referente per l&#8217;Italia del Progetto Ice Memory, CNR-Universit\u00e0 Ca&#8217; Foscari.<\/p>\n<p>I nuovi traguardi della \u201cSalute, medici e buona informazione\u201d vengono raccontati da <b>Giuseppe Remuzzi<\/b>, professore di Nefrologia all\u2019Universit\u00e0 degli Studi di Milano, direttore dell\u2019Istituto di Ricerche Farmacologiche Mario Negri IRCCS, editorialista del Corriere della Sera.<\/p>\n<p><a href=\"https:\/\/ugis.it\/cms\/wp-content\/uploads\/2022\/11\/UGIS-Piacenza_26_11_2022_pom_Locandina.pdf\" target=\"_blank\" rel=\"noopener\"><strong>In allegato Locandina &#8211; programma in pdf<\/strong><\/a><\/p>\n","protected":false},"excerpt":{"rendered":"<h6>Pomeriggio 26 novembre 2022 &#8211; Corso di formazione \u201cSalute, clima, spazio: etica per un mondo di notizie responsabili\u201d<\/h6>\n","protected":false},"author":6,"featured_media":0,"comment_status":"closed","ping_status":"closed","sticky":false,"template":"","format":"image","meta":{"_et_pb_use_builder":"","_et_pb_old_content":"","_et_gb_content_width":"","footnotes":""},"categories":[13,1],"tags":[],"class_list":["post-1579744","post","type-post","status-publish","format-image","hentry","category-associazione","category-news","post_format-post-format-image"],"yoast_head":"<!-- This site is optimized with the Yoast SEO plugin v27.4 - https:\/\/yoast.com\/product\/yoast-seo-wordpress\/ -->\n<title>Corso di formazione \u201cSalute, clima, spazio: etica per un mondo di notizie responsabili\u201d, 6 crediti deontologici, ore 14.00-18.00, 26 novembre 2022 Pomeriggio, Piacenza - UGIS<\/title>\n<meta name=\"robots\" content=\"index, follow, max-snippet:-1, max-image-preview:large, max-video-preview:-1\" \/>\n<link rel=\"canonical\" href=\"https:\/\/ugis.it\/cms\/corso-di-formazione-salute-clima-spazio-etica-per-un-mondo-di-notizie-responsabili-6-crediti-deontologici-ore-14-00-18-00-26-novembre-2022-pomeriggio-piacenza\/\" \/>\n<meta property=\"og:locale\" content=\"it_IT\" \/>\n<meta property=\"og:type\" content=\"article\" \/>\n<meta property=\"og:title\" content=\"Corso di formazione \u201cSalute, clima, spazio: etica per un mondo di notizie responsabili\u201d, 6 crediti deontologici, ore 14.00-18.00, 26 novembre 2022 Pomeriggio, Piacenza - UGIS\" \/>\n<meta property=\"og:description\" content=\"Pomeriggio 26 novembre 2022 - Corso di formazione \u201cSalute, clima, spazio: etica per un mondo di notizie responsabili\u201d\" \/>\n<meta property=\"og:url\" content=\"https:\/\/ugis.it\/cms\/corso-di-formazione-salute-clima-spazio-etica-per-un-mondo-di-notizie-responsabili-6-crediti-deontologici-ore-14-00-18-00-26-novembre-2022-pomeriggio-piacenza\/\" \/>\n<meta property=\"og:site_name\" content=\"UGIS\" \/>\n<meta property=\"article:published_time\" content=\"2022-11-22T10:20:36+00:00\" \/>\n<meta property=\"article:modified_time\" content=\"2022-11-22T10:20:50+00:00\" \/>\n<meta name=\"author\" content=\"admin\" \/>\n<meta name=\"twitter:card\" content=\"summary_large_image\" \/>\n<meta name=\"twitter:label1\" content=\"Scritto da\" \/>\n\t<meta name=\"twitter:data1\" content=\"admin\" \/>\n\t<meta name=\"twitter:label2\" content=\"Tempo di lettura stimato\" \/>\n\t<meta name=\"twitter:data2\" content=\"3 minuti\" \/>\n<script type=\"application\/ld+json\" class=\"yoast-schema-graph\">{\"@context\":\"https:\\\/\\\/schema.org\",\"@graph\":[{\"@type\":\"Article\",\"@id\":\"https:\\\/\\\/ugis.it\\\/cms\\\/corso-di-formazione-salute-clima-spazio-etica-per-un-mondo-di-notizie-responsabili-6-crediti-deontologici-ore-14-00-18-00-26-novembre-2022-pomeriggio-piacenza\\\/#article\",\"isPartOf\":{\"@id\":\"https:\\\/\\\/ugis.it\\\/cms\\\/corso-di-formazione-salute-clima-spazio-etica-per-un-mondo-di-notizie-responsabili-6-crediti-deontologici-ore-14-00-18-00-26-novembre-2022-pomeriggio-piacenza\\\/\"},\"author\":{\"name\":\"admin\",\"@id\":\"https:\\\/\\\/ugis.it\\\/cms\\\/#\\\/schema\\\/person\\\/3426a286ac779ab16257bc88d3c3f3ae\"},\"headline\":\"Corso di formazione \u201cSalute, clima, spazio: etica per un mondo di notizie responsabili\u201d, 6 crediti deontologici, ore 14.00-18.00, 26 novembre 2022 Pomeriggio, Piacenza\",\"datePublished\":\"2022-11-22T10:20:36+00:00\",\"dateModified\":\"2022-11-22T10:20:50+00:00\",\"mainEntityOfPage\":{\"@id\":\"https:\\\/\\\/ugis.it\\\/cms\\\/corso-di-formazione-salute-clima-spazio-etica-per-un-mondo-di-notizie-responsabili-6-crediti-deontologici-ore-14-00-18-00-26-novembre-2022-pomeriggio-piacenza\\\/\"},\"wordCount\":641,\"publisher\":{\"@id\":\"https:\\\/\\\/ugis.it\\\/cms\\\/#organization\"},\"articleSection\":[\"Associazione\",\"News\"],\"inLanguage\":\"it-IT\"},{\"@type\":\"WebPage\",\"@id\":\"https:\\\/\\\/ugis.it\\\/cms\\\/corso-di-formazione-salute-clima-spazio-etica-per-un-mondo-di-notizie-responsabili-6-crediti-deontologici-ore-14-00-18-00-26-novembre-2022-pomeriggio-piacenza\\\/\",\"url\":\"https:\\\/\\\/ugis.it\\\/cms\\\/corso-di-formazione-salute-clima-spazio-etica-per-un-mondo-di-notizie-responsabili-6-crediti-deontologici-ore-14-00-18-00-26-novembre-2022-pomeriggio-piacenza\\\/\",\"name\":\"Corso di formazione \u201cSalute, clima, spazio: etica per un mondo di notizie responsabili\u201d, 6 crediti deontologici, ore 14.00-18.00, 26 novembre 2022 Pomeriggio, Piacenza - UGIS\",\"isPartOf\":{\"@id\":\"https:\\\/\\\/ugis.it\\\/cms\\\/#website\"},\"datePublished\":\"2022-11-22T10:20:36+00:00\",\"dateModified\":\"2022-11-22T10:20:50+00:00\",\"breadcrumb\":{\"@id\":\"https:\\\/\\\/ugis.it\\\/cms\\\/corso-di-formazione-salute-clima-spazio-etica-per-un-mondo-di-notizie-responsabili-6-crediti-deontologici-ore-14-00-18-00-26-novembre-2022-pomeriggio-piacenza\\\/#breadcrumb\"},\"inLanguage\":\"it-IT\",\"potentialAction\":[{\"@type\":\"ReadAction\",\"target\":[\"https:\\\/\\\/ugis.it\\\/cms\\\/corso-di-formazione-salute-clima-spazio-etica-per-un-mondo-di-notizie-responsabili-6-crediti-deontologici-ore-14-00-18-00-26-novembre-2022-pomeriggio-piacenza\\\/\"]}]},{\"@type\":\"BreadcrumbList\",\"@id\":\"https:\\\/\\\/ugis.it\\\/cms\\\/corso-di-formazione-salute-clima-spazio-etica-per-un-mondo-di-notizie-responsabili-6-crediti-deontologici-ore-14-00-18-00-26-novembre-2022-pomeriggio-piacenza\\\/#breadcrumb\",\"itemListElement\":[{\"@type\":\"ListItem\",\"position\":1,\"name\":\"Home\",\"item\":\"https:\\\/\\\/ugis.it\\\/cms\\\/\"},{\"@type\":\"ListItem\",\"position\":2,\"name\":\"Corso di formazione \u201cSalute, clima, spazio: etica per un mondo di notizie responsabili\u201d, 6 crediti deontologici, ore 14.00-18.00, 26 novembre 2022 Pomeriggio, Piacenza\"}]},{\"@type\":\"WebSite\",\"@id\":\"https:\\\/\\\/ugis.it\\\/cms\\\/#website\",\"url\":\"https:\\\/\\\/ugis.it\\\/cms\\\/\",\"name\":\"UGIS\",\"description\":\"Unione Giornalisti Italiani Scientifici\",\"publisher\":{\"@id\":\"https:\\\/\\\/ugis.it\\\/cms\\\/#organization\"},\"potentialAction\":[{\"@type\":\"SearchAction\",\"target\":{\"@type\":\"EntryPoint\",\"urlTemplate\":\"https:\\\/\\\/ugis.it\\\/cms\\\/?s={search_term_string}\"},\"query-input\":{\"@type\":\"PropertyValueSpecification\",\"valueRequired\":true,\"valueName\":\"search_term_string\"}}],\"inLanguage\":\"it-IT\"},{\"@type\":\"Organization\",\"@id\":\"https:\\\/\\\/ugis.it\\\/cms\\\/#organization\",\"name\":\"UGIS\",\"url\":\"https:\\\/\\\/ugis.it\\\/cms\\\/\",\"logo\":{\"@type\":\"ImageObject\",\"inLanguage\":\"it-IT\",\"@id\":\"https:\\\/\\\/ugis.it\\\/cms\\\/#\\\/schema\\\/logo\\\/image\\\/\",\"url\":\"https:\\\/\\\/ugis.it\\\/cms\\\/wp-content\\\/uploads\\\/2015\\\/04\\\/logo-UGIS_colori.jpg\",\"contentUrl\":\"https:\\\/\\\/ugis.it\\\/cms\\\/wp-content\\\/uploads\\\/2015\\\/04\\\/logo-UGIS_colori.jpg\",\"width\":198,\"height\":91,\"caption\":\"UGIS\"},\"image\":{\"@id\":\"https:\\\/\\\/ugis.it\\\/cms\\\/#\\\/schema\\\/logo\\\/image\\\/\"}},{\"@type\":\"Person\",\"@id\":\"https:\\\/\\\/ugis.it\\\/cms\\\/#\\\/schema\\\/person\\\/3426a286ac779ab16257bc88d3c3f3ae\",\"name\":\"admin\",\"image\":{\"@type\":\"ImageObject\",\"inLanguage\":\"it-IT\",\"@id\":\"https:\\\/\\\/secure.gravatar.com\\\/avatar\\\/d87740ae48acb65bc6e4a43afb77acf4603686788205398cd1ab799afefc609a?s=96&d=mm&r=g\",\"url\":\"https:\\\/\\\/secure.gravatar.com\\\/avatar\\\/d87740ae48acb65bc6e4a43afb77acf4603686788205398cd1ab799afefc609a?s=96&d=mm&r=g\",\"contentUrl\":\"https:\\\/\\\/secure.gravatar.com\\\/avatar\\\/d87740ae48acb65bc6e4a43afb77acf4603686788205398cd1ab799afefc609a?s=96&d=mm&r=g\",\"caption\":\"admin\"},\"url\":\"https:\\\/\\\/ugis.it\\\/cms\\\/author\\\/admin\\\/\"}]}<\/script>\n<!-- \/ Yoast SEO plugin. -->","yoast_head_json":{"title":"Corso di formazione \u201cSalute, clima, spazio: etica per un mondo di notizie responsabili\u201d, 6 crediti deontologici, ore 14.00-18.00, 26 novembre 2022 Pomeriggio, Piacenza - UGIS","robots":{"index":"index","follow":"follow","max-snippet":"max-snippet:-1","max-image-preview":"max-image-preview:large","max-video-preview":"max-video-preview:-1"},"canonical":"https:\/\/ugis.it\/cms\/corso-di-formazione-salute-clima-spazio-etica-per-un-mondo-di-notizie-responsabili-6-crediti-deontologici-ore-14-00-18-00-26-novembre-2022-pomeriggio-piacenza\/","og_locale":"it_IT","og_type":"article","og_title":"Corso di formazione \u201cSalute, clima, spazio: etica per un mondo di notizie responsabili\u201d, 6 crediti deontologici, ore 14.00-18.00, 26 novembre 2022 Pomeriggio, Piacenza - UGIS","og_description":"Pomeriggio 26 novembre 2022 - Corso di formazione \u201cSalute, clima, spazio: etica per un mondo di notizie responsabili\u201d","og_url":"https:\/\/ugis.it\/cms\/corso-di-formazione-salute-clima-spazio-etica-per-un-mondo-di-notizie-responsabili-6-crediti-deontologici-ore-14-00-18-00-26-novembre-2022-pomeriggio-piacenza\/","og_site_name":"UGIS","article_published_time":"2022-11-22T10:20:36+00:00","article_modified_time":"2022-11-22T10:20:50+00:00","author":"admin","twitter_card":"summary_large_image","twitter_misc":{"Scritto da":"admin","Tempo di lettura stimato":"3 minuti"},"schema":{"@context":"https:\/\/schema.org","@graph":[{"@type":"Article","@id":"https:\/\/ugis.it\/cms\/corso-di-formazione-salute-clima-spazio-etica-per-un-mondo-di-notizie-responsabili-6-crediti-deontologici-ore-14-00-18-00-26-novembre-2022-pomeriggio-piacenza\/#article","isPartOf":{"@id":"https:\/\/ugis.it\/cms\/corso-di-formazione-salute-clima-spazio-etica-per-un-mondo-di-notizie-responsabili-6-crediti-deontologici-ore-14-00-18-00-26-novembre-2022-pomeriggio-piacenza\/"},"author":{"name":"admin","@id":"https:\/\/ugis.it\/cms\/#\/schema\/person\/3426a286ac779ab16257bc88d3c3f3ae"},"headline":"Corso di formazione \u201cSalute, clima, spazio: etica per un mondo di notizie responsabili\u201d, 6 crediti deontologici, ore 14.00-18.00, 26 novembre 2022 Pomeriggio, Piacenza","datePublished":"2022-11-22T10:20:36+00:00","dateModified":"2022-11-22T10:20:50+00:00","mainEntityOfPage":{"@id":"https:\/\/ugis.it\/cms\/corso-di-formazione-salute-clima-spazio-etica-per-un-mondo-di-notizie-responsabili-6-crediti-deontologici-ore-14-00-18-00-26-novembre-2022-pomeriggio-piacenza\/"},"wordCount":641,"publisher":{"@id":"https:\/\/ugis.it\/cms\/#organization"},"articleSection":["Associazione","News"],"inLanguage":"it-IT"},{"@type":"WebPage","@id":"https:\/\/ugis.it\/cms\/corso-di-formazione-salute-clima-spazio-etica-per-un-mondo-di-notizie-responsabili-6-crediti-deontologici-ore-14-00-18-00-26-novembre-2022-pomeriggio-piacenza\/","url":"https:\/\/ugis.it\/cms\/corso-di-formazione-salute-clima-spazio-etica-per-un-mondo-di-notizie-responsabili-6-crediti-deontologici-ore-14-00-18-00-26-novembre-2022-pomeriggio-piacenza\/","name":"Corso di formazione \u201cSalute, clima, spazio: etica per un mondo di notizie responsabili\u201d, 6 crediti deontologici, ore 14.00-18.00, 26 novembre 2022 Pomeriggio, Piacenza - UGIS","isPartOf":{"@id":"https:\/\/ugis.it\/cms\/#website"},"datePublished":"2022-11-22T10:20:36+00:00","dateModified":"2022-11-22T10:20:50+00:00","breadcrumb":{"@id":"https:\/\/ugis.it\/cms\/corso-di-formazione-salute-clima-spazio-etica-per-un-mondo-di-notizie-responsabili-6-crediti-deontologici-ore-14-00-18-00-26-novembre-2022-pomeriggio-piacenza\/#breadcrumb"},"inLanguage":"it-IT","potentialAction":[{"@type":"ReadAction","target":["https:\/\/ugis.it\/cms\/corso-di-formazione-salute-clima-spazio-etica-per-un-mondo-di-notizie-responsabili-6-crediti-deontologici-ore-14-00-18-00-26-novembre-2022-pomeriggio-piacenza\/"]}]},{"@type":"BreadcrumbList","@id":"https:\/\/ugis.it\/cms\/corso-di-formazione-salute-clima-spazio-etica-per-un-mondo-di-notizie-responsabili-6-crediti-deontologici-ore-14-00-18-00-26-novembre-2022-pomeriggio-piacenza\/#breadcrumb","itemListElement":[{"@type":"ListItem","position":1,"name":"Home","item":"https:\/\/ugis.it\/cms\/"},{"@type":"ListItem","position":2,"name":"Corso di formazione \u201cSalute, clima, spazio: etica per un mondo di notizie responsabili\u201d, 6 crediti deontologici, ore 14.00-18.00, 26 novembre 2022 Pomeriggio, Piacenza"}]},{"@type":"WebSite","@id":"https:\/\/ugis.it\/cms\/#website","url":"https:\/\/ugis.it\/cms\/","name":"UGIS","description":"Unione Giornalisti Italiani Scientifici","publisher":{"@id":"https:\/\/ugis.it\/cms\/#organization"},"potentialAction":[{"@type":"SearchAction","target":{"@type":"EntryPoint","urlTemplate":"https:\/\/ugis.it\/cms\/?s={search_term_string}"},"query-input":{"@type":"PropertyValueSpecification","valueRequired":true,"valueName":"search_term_string"}}],"inLanguage":"it-IT"},{"@type":"Organization","@id":"https:\/\/ugis.it\/cms\/#organization","name":"UGIS","url":"https:\/\/ugis.it\/cms\/","logo":{"@type":"ImageObject","inLanguage":"it-IT","@id":"https:\/\/ugis.it\/cms\/#\/schema\/logo\/image\/","url":"https:\/\/ugis.it\/cms\/wp-content\/uploads\/2015\/04\/logo-UGIS_colori.jpg","contentUrl":"https:\/\/ugis.it\/cms\/wp-content\/uploads\/2015\/04\/logo-UGIS_colori.jpg","width":198,"height":91,"caption":"UGIS"},"image":{"@id":"https:\/\/ugis.it\/cms\/#\/schema\/logo\/image\/"}},{"@type":"Person","@id":"https:\/\/ugis.it\/cms\/#\/schema\/person\/3426a286ac779ab16257bc88d3c3f3ae","name":"admin","image":{"@type":"ImageObject","inLanguage":"it-IT","@id":"https:\/\/secure.gravatar.com\/avatar\/d87740ae48acb65bc6e4a43afb77acf4603686788205398cd1ab799afefc609a?s=96&d=mm&r=g","url":"https:\/\/secure.gravatar.com\/avatar\/d87740ae48acb65bc6e4a43afb77acf4603686788205398cd1ab799afefc609a?s=96&d=mm&r=g","contentUrl":"https:\/\/secure.gravatar.com\/avatar\/d87740ae48acb65bc6e4a43afb77acf4603686788205398cd1ab799afefc609a?s=96&d=mm&r=g","caption":"admin"},"url":"https:\/\/ugis.it\/cms\/author\/admin\/"}]}},"_links":{"self":[{"href":"https:\/\/ugis.it\/cms\/wp-json\/wp\/v2\/posts\/1579744","targetHints":{"allow":["GET"]}}],"collection":[{"href":"https:\/\/ugis.it\/cms\/wp-json\/wp\/v2\/posts"}],"about":[{"href":"https:\/\/ugis.it\/cms\/wp-json\/wp\/v2\/types\/post"}],"author":[{"embeddable":true,"href":"https:\/\/ugis.it\/cms\/wp-json\/wp\/v2\/users\/6"}],"replies":[{"embeddable":true,"href":"https:\/\/ugis.it\/cms\/wp-json\/wp\/v2\/comments?post=1579744"}],"version-history":[{"count":0,"href":"https:\/\/ugis.it\/cms\/wp-json\/wp\/v2\/posts\/1579744\/revisions"}],"wp:attachment":[{"href":"https:\/\/ugis.it\/cms\/wp-json\/wp\/v2\/media?parent=1579744"}],"wp:term":[{"taxonomy":"category","embeddable":true,"href":"https:\/\/ugis.it\/cms\/wp-json\/wp\/v2\/categories?post=1579744"},{"taxonomy":"post_tag","embeddable":true,"href":"https:\/\/ugis.it\/cms\/wp-json\/wp\/v2\/tags?post=1579744"}],"curies":[{"name":"wp","href":"https:\/\/api.w.org\/{rel}","templated":true}]}}