{"id":1579468,"date":"2022-05-24T17:19:39","date_gmt":"2022-05-24T15:19:39","guid":{"rendered":"https:\/\/ugis.it\/cms\/?p=1579468"},"modified":"2022-06-24T17:29:50","modified_gmt":"2022-06-24T15:29:50","slug":"corso-di-formazione-crisi-ucraina-e-politiche-energetiche-europee-tra-rinnovabili-e-nucleare-di-nuova-generazione-20-maggio-2022-4-crediti-ore-14-00-18-00-brescia","status":"publish","type":"post","link":"https:\/\/ugis.it\/cms\/corso-di-formazione-crisi-ucraina-e-politiche-energetiche-europee-tra-rinnovabili-e-nucleare-di-nuova-generazione-20-maggio-2022-4-crediti-ore-14-00-18-00-brescia\/","title":{"rendered":"Corso di formazione \u201cCrisi Ucraina e politiche energetiche europee tra rinnovabili e nucleare di nuova generazione&#8221;, 20 maggio 2022, 4 crediti, ore 14.00-18.00, Brescia"},"content":{"rendered":"<p>Organizzato da FAST e UGIS, d\u2019intesa con l\u2019Ordine dei Giornalisti della Lombardia, nell\u2019ambito del ciclo di incontri \u201c<em>Salute in Comune\u201d<\/em>. Con la collaborazione di Comune di Brescia, Fondazione Brunelli Onlus<\/p>\n<p><strong>Presentazione<\/strong><\/p>\n<p>L\u2019incontro riguarda un tema di grande attualit\u00e0 ed importanza per tutti a causa del caro energia dovuto alla dipendenza energetica dell\u2019Italia dal gas russo come diretta conseguenza della guerra tra Russia e Ucraina. Si \u00e8 tornati dunque a parlare delle fonti di energia: da quelle rinnovabili e sostenibili a quelle da combustibili fossili (petrolio, carbone) oppure a quelle alternative come il nucleare. Le centrali nucleari di nuova generazione produrrebbero meno scorie radioattive e non emettono gas serra tanto da essere inserite dal Green Deal della Commissione europea tra le attivit\u00e0 sostenibili dal punto di vista ambientale e per raggiungere nel 2050 la neutralit\u00e0 climatica. Se quanto proposto dalla presidente Von der Leyen otterr\u00e0 l\u2019appoggio della maggioranza degli Stati membri dell\u2019Unione, il progetto dovrebbe gi\u00e0 essere operativo dal 2023. Ma la vera questione sul tappeto \u00e9: in che modo il conflitto cambier\u00e0 le politiche energetiche in Europa e nel mondo? E in Italia si punter\u00e0 sulle energie rinnovabili oppure sul carbone o sul nucleare innovativo? E le scelte che il nostro Governo decider\u00e0 di fare come potranno incidere sulla salute degli italiani?<\/p>\n<p><strong>Programma<\/strong><\/p>\n<table>\n<tbody>\n<tr>\n<td width=\"56\">14.00<\/td>\n<td width=\"585\">Registrazione dei partecipanti<\/td>\n<\/tr>\n<tr>\n<td width=\"56\">14.15<\/td>\n<td width=\"585\">Introduzione al corso<\/td>\n<\/tr>\n<tr>\n<td width=\"56\"><\/td>\n<td width=\"585\">\u00b7\u00a0 <em>Luisa Monini,<\/em> giornalista, socia UGIS, medico, presidente della Fondazione Giorgio Brunelli<\/td>\n<\/tr>\n<tr>\n<td width=\"56\"><\/td>\n<td width=\"585\">\u00b7\u00a0 <em>Mario Pappagallo, <\/em>medico, giornalista scientifico, scrittore, opinionista<\/td>\n<\/tr>\n<tr>\n<td width=\"56\">14.45<\/td>\n<td width=\"585\">Contributi<\/td>\n<\/tr>\n<tr>\n<td width=\"56\"><\/td>\n<td width=\"585\">\u00b7 <em>Luca Venturelli,<\/em> ordinario di fisica sperimentale, Dipartimento di Ingegneria dell\u2019informazione, Universit\u00e0 di Brescia<\/td>\n<\/tr>\n<tr>\n<td width=\"56\"><\/td>\n<td width=\"585\">\u00b7 <em>Emilio Sardini<\/em>, ordinario misure elettriche ed elettroniche, Universit\u00e0 di Brescia<\/td>\n<\/tr>\n<tr>\n<td width=\"56\"><\/td>\n<td width=\"585\">\u00b7 <em>Roberto Palumbo,<\/em> esperto gestione energia certificato, dirigente professionista di Ing4Tech<\/td>\n<\/tr>\n<tr>\n<td width=\"56\"><\/td>\n<td width=\"585\">\u00b7 <em>Marco Medeghini,<\/em> direttore generale Brescia Mobilit\u00e0, Metro BS, Brescia Trasporti<\/td>\n<\/tr>\n<tr>\n<td width=\"56\">17.30<\/td>\n<td width=\"585\">Dibattito<\/td>\n<\/tr>\n<tr>\n<td width=\"56\">18.00<\/td>\n<td width=\"585\">Chiusura del corso<\/td>\n<\/tr>\n<\/tbody>\n<\/table>\n<p>&nbsp;<\/p>\n<p>I giornalisti interessati ad acquisire i 4 crediti sono invitati a registrarsi per il corso in presenza sulla nuova piattaforma <a href=\"http:\/\/www.formazionegiornalisti.it\" target=\"_blank\" rel=\"noopener\">formazionegiornalisti.it<\/a><\/p>\n","protected":false},"excerpt":{"rendered":"<h6>Organizzato da FAST e UGIS, d\u2019intesa con l\u2019Ordine dei Giornalisti della Lombardia, nell\u2019ambito del ciclo di incontri \u201cSalute in Comune\u201d. Con la collaborazione di Comune di Brescia, Fondazione Brunelli Onlus.<\/h6>\n","protected":false},"author":6,"featured_media":0,"comment_status":"closed","ping_status":"closed","sticky":false,"template":"","format":"image","meta":{"_et_pb_use_builder":"","_et_pb_old_content":"","_et_gb_content_width":"","footnotes":""},"categories":[13,1],"tags":[],"class_list":["post-1579468","post","type-post","status-publish","format-image","hentry","category-associazione","category-news","post_format-post-format-image"],"yoast_head":"<!-- This site is optimized with the Yoast SEO plugin v27.4 - https:\/\/yoast.com\/product\/yoast-seo-wordpress\/ -->\n<title>Corso di formazione \u201cCrisi Ucraina e politiche energetiche europee tra rinnovabili e nucleare di nuova generazione&quot;, 20 maggio 2022, 4 crediti, ore 14.00-18.00, Brescia - UGIS<\/title>\n<meta name=\"robots\" content=\"index, follow, max-snippet:-1, max-image-preview:large, max-video-preview:-1\" \/>\n<link rel=\"canonical\" href=\"https:\/\/ugis.it\/cms\/corso-di-formazione-crisi-ucraina-e-politiche-energetiche-europee-tra-rinnovabili-e-nucleare-di-nuova-generazione-20-maggio-2022-4-crediti-ore-14-00-18-00-brescia\/\" \/>\n<meta property=\"og:locale\" content=\"it_IT\" \/>\n<meta property=\"og:type\" content=\"article\" \/>\n<meta property=\"og:title\" content=\"Corso di formazione \u201cCrisi Ucraina e politiche energetiche europee tra rinnovabili e nucleare di nuova generazione&quot;, 20 maggio 2022, 4 crediti, ore 14.00-18.00, Brescia - UGIS\" \/>\n<meta property=\"og:description\" content=\"Organizzato da FAST e UGIS, d\u2019intesa con l\u2019Ordine dei Giornalisti della Lombardia, nell\u2019ambito del ciclo di incontri \u201cSalute in Comune\u201d. Con la collaborazione di Comune di Brescia, Fondazione Brunelli Onlus.\" \/>\n<meta property=\"og:url\" content=\"https:\/\/ugis.it\/cms\/corso-di-formazione-crisi-ucraina-e-politiche-energetiche-europee-tra-rinnovabili-e-nucleare-di-nuova-generazione-20-maggio-2022-4-crediti-ore-14-00-18-00-brescia\/\" \/>\n<meta property=\"og:site_name\" content=\"UGIS\" \/>\n<meta property=\"article:published_time\" content=\"2022-05-24T15:19:39+00:00\" \/>\n<meta property=\"article:modified_time\" content=\"2022-06-24T15:29:50+00:00\" \/>\n<meta name=\"author\" content=\"admin\" \/>\n<meta name=\"twitter:card\" content=\"summary_large_image\" \/>\n<meta name=\"twitter:label1\" content=\"Scritto da\" \/>\n\t<meta name=\"twitter:data1\" content=\"admin\" \/>\n\t<meta name=\"twitter:label2\" content=\"Tempo di lettura stimato\" \/>\n\t<meta name=\"twitter:data2\" content=\"2 minuti\" \/>\n<script type=\"application\/ld+json\" class=\"yoast-schema-graph\">{\"@context\":\"https:\\\/\\\/schema.org\",\"@graph\":[{\"@type\":\"Article\",\"@id\":\"https:\\\/\\\/ugis.it\\\/cms\\\/corso-di-formazione-crisi-ucraina-e-politiche-energetiche-europee-tra-rinnovabili-e-nucleare-di-nuova-generazione-20-maggio-2022-4-crediti-ore-14-00-18-00-brescia\\\/#article\",\"isPartOf\":{\"@id\":\"https:\\\/\\\/ugis.it\\\/cms\\\/corso-di-formazione-crisi-ucraina-e-politiche-energetiche-europee-tra-rinnovabili-e-nucleare-di-nuova-generazione-20-maggio-2022-4-crediti-ore-14-00-18-00-brescia\\\/\"},\"author\":{\"name\":\"admin\",\"@id\":\"https:\\\/\\\/ugis.it\\\/cms\\\/#\\\/schema\\\/person\\\/3426a286ac779ab16257bc88d3c3f3ae\"},\"headline\":\"Corso di formazione \u201cCrisi Ucraina e politiche energetiche europee tra rinnovabili e nucleare di nuova generazione&#8221;, 20 maggio 2022, 4 crediti, ore 14.00-18.00, Brescia\",\"datePublished\":\"2022-05-24T15:19:39+00:00\",\"dateModified\":\"2022-06-24T15:29:50+00:00\",\"mainEntityOfPage\":{\"@id\":\"https:\\\/\\\/ugis.it\\\/cms\\\/corso-di-formazione-crisi-ucraina-e-politiche-energetiche-europee-tra-rinnovabili-e-nucleare-di-nuova-generazione-20-maggio-2022-4-crediti-ore-14-00-18-00-brescia\\\/\"},\"wordCount\":333,\"publisher\":{\"@id\":\"https:\\\/\\\/ugis.it\\\/cms\\\/#organization\"},\"articleSection\":[\"Associazione\",\"News\"],\"inLanguage\":\"it-IT\"},{\"@type\":\"WebPage\",\"@id\":\"https:\\\/\\\/ugis.it\\\/cms\\\/corso-di-formazione-crisi-ucraina-e-politiche-energetiche-europee-tra-rinnovabili-e-nucleare-di-nuova-generazione-20-maggio-2022-4-crediti-ore-14-00-18-00-brescia\\\/\",\"url\":\"https:\\\/\\\/ugis.it\\\/cms\\\/corso-di-formazione-crisi-ucraina-e-politiche-energetiche-europee-tra-rinnovabili-e-nucleare-di-nuova-generazione-20-maggio-2022-4-crediti-ore-14-00-18-00-brescia\\\/\",\"name\":\"Corso di formazione \u201cCrisi Ucraina e politiche energetiche europee tra rinnovabili e nucleare di nuova generazione\\\", 20 maggio 2022, 4 crediti, ore 14.00-18.00, Brescia - UGIS\",\"isPartOf\":{\"@id\":\"https:\\\/\\\/ugis.it\\\/cms\\\/#website\"},\"datePublished\":\"2022-05-24T15:19:39+00:00\",\"dateModified\":\"2022-06-24T15:29:50+00:00\",\"breadcrumb\":{\"@id\":\"https:\\\/\\\/ugis.it\\\/cms\\\/corso-di-formazione-crisi-ucraina-e-politiche-energetiche-europee-tra-rinnovabili-e-nucleare-di-nuova-generazione-20-maggio-2022-4-crediti-ore-14-00-18-00-brescia\\\/#breadcrumb\"},\"inLanguage\":\"it-IT\",\"potentialAction\":[{\"@type\":\"ReadAction\",\"target\":[\"https:\\\/\\\/ugis.it\\\/cms\\\/corso-di-formazione-crisi-ucraina-e-politiche-energetiche-europee-tra-rinnovabili-e-nucleare-di-nuova-generazione-20-maggio-2022-4-crediti-ore-14-00-18-00-brescia\\\/\"]}]},{\"@type\":\"BreadcrumbList\",\"@id\":\"https:\\\/\\\/ugis.it\\\/cms\\\/corso-di-formazione-crisi-ucraina-e-politiche-energetiche-europee-tra-rinnovabili-e-nucleare-di-nuova-generazione-20-maggio-2022-4-crediti-ore-14-00-18-00-brescia\\\/#breadcrumb\",\"itemListElement\":[{\"@type\":\"ListItem\",\"position\":1,\"name\":\"Home\",\"item\":\"https:\\\/\\\/ugis.it\\\/cms\\\/\"},{\"@type\":\"ListItem\",\"position\":2,\"name\":\"Corso di formazione \u201cCrisi Ucraina e politiche energetiche europee tra rinnovabili e nucleare di nuova generazione&#8221;, 20 maggio 2022, 4 crediti, ore 14.00-18.00, Brescia\"}]},{\"@type\":\"WebSite\",\"@id\":\"https:\\\/\\\/ugis.it\\\/cms\\\/#website\",\"url\":\"https:\\\/\\\/ugis.it\\\/cms\\\/\",\"name\":\"UGIS\",\"description\":\"Unione Giornalisti Italiani Scientifici\",\"publisher\":{\"@id\":\"https:\\\/\\\/ugis.it\\\/cms\\\/#organization\"},\"potentialAction\":[{\"@type\":\"SearchAction\",\"target\":{\"@type\":\"EntryPoint\",\"urlTemplate\":\"https:\\\/\\\/ugis.it\\\/cms\\\/?s={search_term_string}\"},\"query-input\":{\"@type\":\"PropertyValueSpecification\",\"valueRequired\":true,\"valueName\":\"search_term_string\"}}],\"inLanguage\":\"it-IT\"},{\"@type\":\"Organization\",\"@id\":\"https:\\\/\\\/ugis.it\\\/cms\\\/#organization\",\"name\":\"UGIS\",\"url\":\"https:\\\/\\\/ugis.it\\\/cms\\\/\",\"logo\":{\"@type\":\"ImageObject\",\"inLanguage\":\"it-IT\",\"@id\":\"https:\\\/\\\/ugis.it\\\/cms\\\/#\\\/schema\\\/logo\\\/image\\\/\",\"url\":\"https:\\\/\\\/ugis.it\\\/cms\\\/wp-content\\\/uploads\\\/2015\\\/04\\\/logo-UGIS_colori.jpg\",\"contentUrl\":\"https:\\\/\\\/ugis.it\\\/cms\\\/wp-content\\\/uploads\\\/2015\\\/04\\\/logo-UGIS_colori.jpg\",\"width\":198,\"height\":91,\"caption\":\"UGIS\"},\"image\":{\"@id\":\"https:\\\/\\\/ugis.it\\\/cms\\\/#\\\/schema\\\/logo\\\/image\\\/\"}},{\"@type\":\"Person\",\"@id\":\"https:\\\/\\\/ugis.it\\\/cms\\\/#\\\/schema\\\/person\\\/3426a286ac779ab16257bc88d3c3f3ae\",\"name\":\"admin\",\"image\":{\"@type\":\"ImageObject\",\"inLanguage\":\"it-IT\",\"@id\":\"https:\\\/\\\/secure.gravatar.com\\\/avatar\\\/d87740ae48acb65bc6e4a43afb77acf4603686788205398cd1ab799afefc609a?s=96&d=mm&r=g\",\"url\":\"https:\\\/\\\/secure.gravatar.com\\\/avatar\\\/d87740ae48acb65bc6e4a43afb77acf4603686788205398cd1ab799afefc609a?s=96&d=mm&r=g\",\"contentUrl\":\"https:\\\/\\\/secure.gravatar.com\\\/avatar\\\/d87740ae48acb65bc6e4a43afb77acf4603686788205398cd1ab799afefc609a?s=96&d=mm&r=g\",\"caption\":\"admin\"},\"url\":\"https:\\\/\\\/ugis.it\\\/cms\\\/author\\\/admin\\\/\"}]}<\/script>\n<!-- \/ Yoast SEO plugin. -->","yoast_head_json":{"title":"Corso di formazione \u201cCrisi Ucraina e politiche energetiche europee tra rinnovabili e nucleare di nuova generazione\", 20 maggio 2022, 4 crediti, ore 14.00-18.00, Brescia - UGIS","robots":{"index":"index","follow":"follow","max-snippet":"max-snippet:-1","max-image-preview":"max-image-preview:large","max-video-preview":"max-video-preview:-1"},"canonical":"https:\/\/ugis.it\/cms\/corso-di-formazione-crisi-ucraina-e-politiche-energetiche-europee-tra-rinnovabili-e-nucleare-di-nuova-generazione-20-maggio-2022-4-crediti-ore-14-00-18-00-brescia\/","og_locale":"it_IT","og_type":"article","og_title":"Corso di formazione \u201cCrisi Ucraina e politiche energetiche europee tra rinnovabili e nucleare di nuova generazione\", 20 maggio 2022, 4 crediti, ore 14.00-18.00, Brescia - UGIS","og_description":"Organizzato da FAST e UGIS, d\u2019intesa con l\u2019Ordine dei Giornalisti della Lombardia, nell\u2019ambito del ciclo di incontri \u201cSalute in Comune\u201d. Con la collaborazione di Comune di Brescia, Fondazione Brunelli Onlus.","og_url":"https:\/\/ugis.it\/cms\/corso-di-formazione-crisi-ucraina-e-politiche-energetiche-europee-tra-rinnovabili-e-nucleare-di-nuova-generazione-20-maggio-2022-4-crediti-ore-14-00-18-00-brescia\/","og_site_name":"UGIS","article_published_time":"2022-05-24T15:19:39+00:00","article_modified_time":"2022-06-24T15:29:50+00:00","author":"admin","twitter_card":"summary_large_image","twitter_misc":{"Scritto da":"admin","Tempo di lettura stimato":"2 minuti"},"schema":{"@context":"https:\/\/schema.org","@graph":[{"@type":"Article","@id":"https:\/\/ugis.it\/cms\/corso-di-formazione-crisi-ucraina-e-politiche-energetiche-europee-tra-rinnovabili-e-nucleare-di-nuova-generazione-20-maggio-2022-4-crediti-ore-14-00-18-00-brescia\/#article","isPartOf":{"@id":"https:\/\/ugis.it\/cms\/corso-di-formazione-crisi-ucraina-e-politiche-energetiche-europee-tra-rinnovabili-e-nucleare-di-nuova-generazione-20-maggio-2022-4-crediti-ore-14-00-18-00-brescia\/"},"author":{"name":"admin","@id":"https:\/\/ugis.it\/cms\/#\/schema\/person\/3426a286ac779ab16257bc88d3c3f3ae"},"headline":"Corso di formazione \u201cCrisi Ucraina e politiche energetiche europee tra rinnovabili e nucleare di nuova generazione&#8221;, 20 maggio 2022, 4 crediti, ore 14.00-18.00, Brescia","datePublished":"2022-05-24T15:19:39+00:00","dateModified":"2022-06-24T15:29:50+00:00","mainEntityOfPage":{"@id":"https:\/\/ugis.it\/cms\/corso-di-formazione-crisi-ucraina-e-politiche-energetiche-europee-tra-rinnovabili-e-nucleare-di-nuova-generazione-20-maggio-2022-4-crediti-ore-14-00-18-00-brescia\/"},"wordCount":333,"publisher":{"@id":"https:\/\/ugis.it\/cms\/#organization"},"articleSection":["Associazione","News"],"inLanguage":"it-IT"},{"@type":"WebPage","@id":"https:\/\/ugis.it\/cms\/corso-di-formazione-crisi-ucraina-e-politiche-energetiche-europee-tra-rinnovabili-e-nucleare-di-nuova-generazione-20-maggio-2022-4-crediti-ore-14-00-18-00-brescia\/","url":"https:\/\/ugis.it\/cms\/corso-di-formazione-crisi-ucraina-e-politiche-energetiche-europee-tra-rinnovabili-e-nucleare-di-nuova-generazione-20-maggio-2022-4-crediti-ore-14-00-18-00-brescia\/","name":"Corso di formazione \u201cCrisi Ucraina e politiche energetiche europee tra rinnovabili e nucleare di nuova generazione\", 20 maggio 2022, 4 crediti, ore 14.00-18.00, Brescia - UGIS","isPartOf":{"@id":"https:\/\/ugis.it\/cms\/#website"},"datePublished":"2022-05-24T15:19:39+00:00","dateModified":"2022-06-24T15:29:50+00:00","breadcrumb":{"@id":"https:\/\/ugis.it\/cms\/corso-di-formazione-crisi-ucraina-e-politiche-energetiche-europee-tra-rinnovabili-e-nucleare-di-nuova-generazione-20-maggio-2022-4-crediti-ore-14-00-18-00-brescia\/#breadcrumb"},"inLanguage":"it-IT","potentialAction":[{"@type":"ReadAction","target":["https:\/\/ugis.it\/cms\/corso-di-formazione-crisi-ucraina-e-politiche-energetiche-europee-tra-rinnovabili-e-nucleare-di-nuova-generazione-20-maggio-2022-4-crediti-ore-14-00-18-00-brescia\/"]}]},{"@type":"BreadcrumbList","@id":"https:\/\/ugis.it\/cms\/corso-di-formazione-crisi-ucraina-e-politiche-energetiche-europee-tra-rinnovabili-e-nucleare-di-nuova-generazione-20-maggio-2022-4-crediti-ore-14-00-18-00-brescia\/#breadcrumb","itemListElement":[{"@type":"ListItem","position":1,"name":"Home","item":"https:\/\/ugis.it\/cms\/"},{"@type":"ListItem","position":2,"name":"Corso di formazione \u201cCrisi Ucraina e politiche energetiche europee tra rinnovabili e nucleare di nuova generazione&#8221;, 20 maggio 2022, 4 crediti, ore 14.00-18.00, Brescia"}]},{"@type":"WebSite","@id":"https:\/\/ugis.it\/cms\/#website","url":"https:\/\/ugis.it\/cms\/","name":"UGIS","description":"Unione Giornalisti Italiani Scientifici","publisher":{"@id":"https:\/\/ugis.it\/cms\/#organization"},"potentialAction":[{"@type":"SearchAction","target":{"@type":"EntryPoint","urlTemplate":"https:\/\/ugis.it\/cms\/?s={search_term_string}"},"query-input":{"@type":"PropertyValueSpecification","valueRequired":true,"valueName":"search_term_string"}}],"inLanguage":"it-IT"},{"@type":"Organization","@id":"https:\/\/ugis.it\/cms\/#organization","name":"UGIS","url":"https:\/\/ugis.it\/cms\/","logo":{"@type":"ImageObject","inLanguage":"it-IT","@id":"https:\/\/ugis.it\/cms\/#\/schema\/logo\/image\/","url":"https:\/\/ugis.it\/cms\/wp-content\/uploads\/2015\/04\/logo-UGIS_colori.jpg","contentUrl":"https:\/\/ugis.it\/cms\/wp-content\/uploads\/2015\/04\/logo-UGIS_colori.jpg","width":198,"height":91,"caption":"UGIS"},"image":{"@id":"https:\/\/ugis.it\/cms\/#\/schema\/logo\/image\/"}},{"@type":"Person","@id":"https:\/\/ugis.it\/cms\/#\/schema\/person\/3426a286ac779ab16257bc88d3c3f3ae","name":"admin","image":{"@type":"ImageObject","inLanguage":"it-IT","@id":"https:\/\/secure.gravatar.com\/avatar\/d87740ae48acb65bc6e4a43afb77acf4603686788205398cd1ab799afefc609a?s=96&d=mm&r=g","url":"https:\/\/secure.gravatar.com\/avatar\/d87740ae48acb65bc6e4a43afb77acf4603686788205398cd1ab799afefc609a?s=96&d=mm&r=g","contentUrl":"https:\/\/secure.gravatar.com\/avatar\/d87740ae48acb65bc6e4a43afb77acf4603686788205398cd1ab799afefc609a?s=96&d=mm&r=g","caption":"admin"},"url":"https:\/\/ugis.it\/cms\/author\/admin\/"}]}},"_links":{"self":[{"href":"https:\/\/ugis.it\/cms\/wp-json\/wp\/v2\/posts\/1579468","targetHints":{"allow":["GET"]}}],"collection":[{"href":"https:\/\/ugis.it\/cms\/wp-json\/wp\/v2\/posts"}],"about":[{"href":"https:\/\/ugis.it\/cms\/wp-json\/wp\/v2\/types\/post"}],"author":[{"embeddable":true,"href":"https:\/\/ugis.it\/cms\/wp-json\/wp\/v2\/users\/6"}],"replies":[{"embeddable":true,"href":"https:\/\/ugis.it\/cms\/wp-json\/wp\/v2\/comments?post=1579468"}],"version-history":[{"count":0,"href":"https:\/\/ugis.it\/cms\/wp-json\/wp\/v2\/posts\/1579468\/revisions"}],"wp:attachment":[{"href":"https:\/\/ugis.it\/cms\/wp-json\/wp\/v2\/media?parent=1579468"}],"wp:term":[{"taxonomy":"category","embeddable":true,"href":"https:\/\/ugis.it\/cms\/wp-json\/wp\/v2\/categories?post=1579468"},{"taxonomy":"post_tag","embeddable":true,"href":"https:\/\/ugis.it\/cms\/wp-json\/wp\/v2\/tags?post=1579468"}],"curies":[{"name":"wp","href":"https:\/\/api.w.org\/{rel}","templated":true}]}}