{"id":1579464,"date":"2022-06-23T16:41:52","date_gmt":"2022-06-23T14:41:52","guid":{"rendered":"https:\/\/ugis.it\/cms\/?p=1579464"},"modified":"2022-06-24T16:42:59","modified_gmt":"2022-06-24T14:42:59","slug":"corso-di-formazione-lagenda-onu-2030-lobiettivo-n-16-per-la-pace-e-la-giustizia-4-crediti-ore-14-00-18-00-24-giugno-2022-brescia","status":"publish","type":"post","link":"https:\/\/ugis.it\/cms\/corso-di-formazione-lagenda-onu-2030-lobiettivo-n-16-per-la-pace-e-la-giustizia-4-crediti-ore-14-00-18-00-24-giugno-2022-brescia\/","title":{"rendered":"Corso di formazione \u201cL\u2019Agenda ONU 2030: l\u2019obiettivo n. 16 per la pace e la giustizia\u201d, 4 crediti, ore 14.00-18.00, 24 giugno 2022, Brescia"},"content":{"rendered":"<p>Organizzato da FAST e UGIS, d\u2019intesa con l\u2019Ordine dei Giornalisti della Lombardia, nell\u2019ambito del ciclo di incontri \u201c<em>Salute in Comune\u201d<\/em>. Con la collaborazione di Comune di Brescia, Fondazione Brunelli Onlus<\/p>\n<p>Sala del Camino, Via San Martino della Battaglia, 18 &#8211; Brescia<\/p>\n<p><strong>Presentazione<\/strong><\/p>\n<p>La pace \u00e8 uno dei 17 obiettivi dell\u2019Agenda ONU al 2030, adottata nel 2015 da 193 paesi durante la 70a Assemblea generale. Lo scopo \u00e8 promuovere la sostenibilit\u00e0 ambientale, economica e sociale. La pandemia prima e la guerra oggi stanno allontanando il raggiungimento degli ambiziosi traguardi, l\u2019unico piano condiviso a livello globale per porre fine alla povert\u00e0, per proteggere il pianeta ed assicurare pace e prosperit\u00e0 e un futuro migliore alle prossime generazioni. I giovani sono i primi attori del cambiamento verso una societ\u00e0 fondata sul rispetto dei diritti fondamentali, Il compito di indirizzarli su questa strada spetta certo alla famiglia ma anche alla scuola e a tutti i mezzi di comunicazione, inclusi i social. E\u2019 qui che, anche grazie a strumenti come questo corso, si crea una cultura di pace per i cittadini del futuro.<\/p>\n<p>Lo scopo dell\u2019evento \u00e8 attirare l\u2019attenzione sull\u2019Agenda 2030 delle Nazioni Unite, la sola strategia per promuovere lo sviluppo sostenibile attraverso 17 obiettivi specifici. La conoscenza per i giornalisti della decisione dell\u2019Assemblea generale del 2015 deve essere alla base dell\u2019informazione e della comunicazione per richiamare l\u2019opinione pubblica sulle azioni da intraprendere anche per superare i ritardi causati dalla pandemia e dalla guerra in Ucraina.<\/p>\n<p>Il corso \u00e8 organizzato da FAST &#8211; Federazione delle Associazioni Scientifiche e Tecniche con UGIS \u2013 Unione Giornalisti Italiani Scientifici, d\u2019intesa con l\u2019Ordine dei Giornalisti della Lombardia, nell\u2019ambito del ciclo di incontri \u201c<em>Salute in Comune\u201d<\/em>. Con la collaborazione di Comune di Brescia, Fondazione Brunelli Onlus<\/p>\n<p><strong>Programma<\/strong><\/p>\n<table>\n<tbody>\n<tr>\n<td width=\"56\">13.45<\/td>\n<td width=\"585\">Registrazione dei partecipanti<\/td>\n<\/tr>\n<tr>\n<td width=\"56\">14.00<\/td>\n<td width=\"585\">Introduzione al corso<\/td>\n<\/tr>\n<tr>\n<td width=\"56\"><\/td>\n<td width=\"585\">\u00b7\u00a0 <em>Luisa Monini,<\/em> giornalista, socia UGIS, medico, presidente della Fondazione Giorgio Brunelli<\/td>\n<\/tr>\n<tr>\n<td width=\"56\"><\/td>\n<td width=\"585\">\u00b7\u00a0 <em>Alberto Pieri, <\/em>vicepresidente vicario UGIS, segretario generale FAST<\/td>\n<\/tr>\n<tr>\n<td width=\"56\">14.15<\/td>\n<td width=\"585\">Contributi<\/td>\n<\/tr>\n<tr>\n<td width=\"56\"><\/td>\n<td width=\"585\">\u00b7 <em>Emilio De Bono,<\/em> sindaco di Brescia<\/td>\n<\/tr>\n<tr>\n<td width=\"56\"><\/td>\n<td width=\"585\">\u00b7 <em>Francesco Castelli,<\/em> pro-rettore e ordinario malattie infettive Universit\u00e0 degli studi di Brescia<\/td>\n<\/tr>\n<tr>\n<td width=\"56\"><\/td>\n<td width=\"585\">\u00b7 <em>Anna Gandolfi<\/em>, giornalista, consigliera di Parit\u00e0 Regione Lombardia<\/td>\n<\/tr>\n<tr>\n<td width=\"56\"><\/td>\n<td width=\"585\">\u00b7 <em>Andrea Poli,<\/em> presidente NFI-Nutrition Foundation of Italy<\/td>\n<\/tr>\n<tr>\n<td width=\"56\">17.30<\/td>\n<td width=\"585\">Dibattito<\/td>\n<\/tr>\n<tr>\n<td width=\"56\">18.00<\/td>\n<td width=\"585\">Chiusura del corso<\/td>\n<\/tr>\n<\/tbody>\n<\/table>\n<p><strong>\u00a0<\/strong><\/p>\n<p>Per il rilascio dei crediti formativi: i giornalisti interessati possono iscriversi ai seminari esclusivamente sulla nuova piattaforma <a href=\"http:\/\/www.formazionegiornalisti.it\" target=\"_blank\" rel=\"noopener\">www.formazionegiornalisti.it<\/a><\/p>\n","protected":false},"excerpt":{"rendered":"<h6>Organizzato da FAST e UGIS, d\u2019intesa con l\u2019Ordine dei Giornalisti della Lombardia, nell\u2019ambito del ciclo di incontri \u201cSalute in Comune\u201d. Con la collaborazione di Comune di Brescia, Fondazione Brunelli Onlus.<\/h6>\n","protected":false},"author":6,"featured_media":0,"comment_status":"closed","ping_status":"closed","sticky":false,"template":"","format":"image","meta":{"_et_pb_use_builder":"","_et_pb_old_content":"","_et_gb_content_width":"","footnotes":""},"categories":[13,1],"tags":[],"class_list":["post-1579464","post","type-post","status-publish","format-image","hentry","category-associazione","category-news","post_format-post-format-image"],"yoast_head":"<!-- This site is optimized with the Yoast SEO plugin v27.4 - https:\/\/yoast.com\/product\/yoast-seo-wordpress\/ -->\n<title>Corso di formazione \u201cL\u2019Agenda ONU 2030: l\u2019obiettivo n. 16 per la pace e la giustizia\u201d, 4 crediti, ore 14.00-18.00, 24 giugno 2022, Brescia - UGIS<\/title>\n<meta name=\"robots\" content=\"index, follow, max-snippet:-1, max-image-preview:large, max-video-preview:-1\" \/>\n<link rel=\"canonical\" href=\"https:\/\/ugis.it\/cms\/corso-di-formazione-lagenda-onu-2030-lobiettivo-n-16-per-la-pace-e-la-giustizia-4-crediti-ore-14-00-18-00-24-giugno-2022-brescia\/\" \/>\n<meta property=\"og:locale\" content=\"it_IT\" \/>\n<meta property=\"og:type\" content=\"article\" \/>\n<meta property=\"og:title\" content=\"Corso di formazione \u201cL\u2019Agenda ONU 2030: l\u2019obiettivo n. 16 per la pace e la giustizia\u201d, 4 crediti, ore 14.00-18.00, 24 giugno 2022, Brescia - UGIS\" \/>\n<meta property=\"og:description\" content=\"Organizzato da FAST e UGIS, d\u2019intesa con l\u2019Ordine dei Giornalisti della Lombardia, nell\u2019ambito del ciclo di incontri \u201cSalute in Comune\u201d. Con la collaborazione di Comune di Brescia, Fondazione Brunelli Onlus.\" \/>\n<meta property=\"og:url\" content=\"https:\/\/ugis.it\/cms\/corso-di-formazione-lagenda-onu-2030-lobiettivo-n-16-per-la-pace-e-la-giustizia-4-crediti-ore-14-00-18-00-24-giugno-2022-brescia\/\" \/>\n<meta property=\"og:site_name\" content=\"UGIS\" \/>\n<meta property=\"article:published_time\" content=\"2022-06-23T14:41:52+00:00\" \/>\n<meta property=\"article:modified_time\" content=\"2022-06-24T14:42:59+00:00\" \/>\n<meta name=\"author\" content=\"admin\" \/>\n<meta name=\"twitter:card\" content=\"summary_large_image\" \/>\n<meta name=\"twitter:label1\" content=\"Scritto da\" \/>\n\t<meta name=\"twitter:data1\" content=\"admin\" \/>\n\t<meta name=\"twitter:label2\" content=\"Tempo di lettura stimato\" \/>\n\t<meta name=\"twitter:data2\" content=\"2 minuti\" \/>\n<script type=\"application\/ld+json\" class=\"yoast-schema-graph\">{\"@context\":\"https:\\\/\\\/schema.org\",\"@graph\":[{\"@type\":\"Article\",\"@id\":\"https:\\\/\\\/ugis.it\\\/cms\\\/corso-di-formazione-lagenda-onu-2030-lobiettivo-n-16-per-la-pace-e-la-giustizia-4-crediti-ore-14-00-18-00-24-giugno-2022-brescia\\\/#article\",\"isPartOf\":{\"@id\":\"https:\\\/\\\/ugis.it\\\/cms\\\/corso-di-formazione-lagenda-onu-2030-lobiettivo-n-16-per-la-pace-e-la-giustizia-4-crediti-ore-14-00-18-00-24-giugno-2022-brescia\\\/\"},\"author\":{\"name\":\"admin\",\"@id\":\"https:\\\/\\\/ugis.it\\\/cms\\\/#\\\/schema\\\/person\\\/3426a286ac779ab16257bc88d3c3f3ae\"},\"headline\":\"Corso di formazione \u201cL\u2019Agenda ONU 2030: l\u2019obiettivo n. 16 per la pace e la giustizia\u201d, 4 crediti, ore 14.00-18.00, 24 giugno 2022, Brescia\",\"datePublished\":\"2022-06-23T14:41:52+00:00\",\"dateModified\":\"2022-06-24T14:42:59+00:00\",\"mainEntityOfPage\":{\"@id\":\"https:\\\/\\\/ugis.it\\\/cms\\\/corso-di-formazione-lagenda-onu-2030-lobiettivo-n-16-per-la-pace-e-la-giustizia-4-crediti-ore-14-00-18-00-24-giugno-2022-brescia\\\/\"},\"wordCount\":391,\"publisher\":{\"@id\":\"https:\\\/\\\/ugis.it\\\/cms\\\/#organization\"},\"articleSection\":[\"Associazione\",\"News\"],\"inLanguage\":\"it-IT\"},{\"@type\":\"WebPage\",\"@id\":\"https:\\\/\\\/ugis.it\\\/cms\\\/corso-di-formazione-lagenda-onu-2030-lobiettivo-n-16-per-la-pace-e-la-giustizia-4-crediti-ore-14-00-18-00-24-giugno-2022-brescia\\\/\",\"url\":\"https:\\\/\\\/ugis.it\\\/cms\\\/corso-di-formazione-lagenda-onu-2030-lobiettivo-n-16-per-la-pace-e-la-giustizia-4-crediti-ore-14-00-18-00-24-giugno-2022-brescia\\\/\",\"name\":\"Corso di formazione \u201cL\u2019Agenda ONU 2030: l\u2019obiettivo n. 16 per la pace e la giustizia\u201d, 4 crediti, ore 14.00-18.00, 24 giugno 2022, Brescia - UGIS\",\"isPartOf\":{\"@id\":\"https:\\\/\\\/ugis.it\\\/cms\\\/#website\"},\"datePublished\":\"2022-06-23T14:41:52+00:00\",\"dateModified\":\"2022-06-24T14:42:59+00:00\",\"breadcrumb\":{\"@id\":\"https:\\\/\\\/ugis.it\\\/cms\\\/corso-di-formazione-lagenda-onu-2030-lobiettivo-n-16-per-la-pace-e-la-giustizia-4-crediti-ore-14-00-18-00-24-giugno-2022-brescia\\\/#breadcrumb\"},\"inLanguage\":\"it-IT\",\"potentialAction\":[{\"@type\":\"ReadAction\",\"target\":[\"https:\\\/\\\/ugis.it\\\/cms\\\/corso-di-formazione-lagenda-onu-2030-lobiettivo-n-16-per-la-pace-e-la-giustizia-4-crediti-ore-14-00-18-00-24-giugno-2022-brescia\\\/\"]}]},{\"@type\":\"BreadcrumbList\",\"@id\":\"https:\\\/\\\/ugis.it\\\/cms\\\/corso-di-formazione-lagenda-onu-2030-lobiettivo-n-16-per-la-pace-e-la-giustizia-4-crediti-ore-14-00-18-00-24-giugno-2022-brescia\\\/#breadcrumb\",\"itemListElement\":[{\"@type\":\"ListItem\",\"position\":1,\"name\":\"Home\",\"item\":\"https:\\\/\\\/ugis.it\\\/cms\\\/\"},{\"@type\":\"ListItem\",\"position\":2,\"name\":\"Corso di formazione \u201cL\u2019Agenda ONU 2030: l\u2019obiettivo n. 16 per la pace e la giustizia\u201d, 4 crediti, ore 14.00-18.00, 24 giugno 2022, Brescia\"}]},{\"@type\":\"WebSite\",\"@id\":\"https:\\\/\\\/ugis.it\\\/cms\\\/#website\",\"url\":\"https:\\\/\\\/ugis.it\\\/cms\\\/\",\"name\":\"UGIS\",\"description\":\"Unione Giornalisti Italiani Scientifici\",\"publisher\":{\"@id\":\"https:\\\/\\\/ugis.it\\\/cms\\\/#organization\"},\"potentialAction\":[{\"@type\":\"SearchAction\",\"target\":{\"@type\":\"EntryPoint\",\"urlTemplate\":\"https:\\\/\\\/ugis.it\\\/cms\\\/?s={search_term_string}\"},\"query-input\":{\"@type\":\"PropertyValueSpecification\",\"valueRequired\":true,\"valueName\":\"search_term_string\"}}],\"inLanguage\":\"it-IT\"},{\"@type\":\"Organization\",\"@id\":\"https:\\\/\\\/ugis.it\\\/cms\\\/#organization\",\"name\":\"UGIS\",\"url\":\"https:\\\/\\\/ugis.it\\\/cms\\\/\",\"logo\":{\"@type\":\"ImageObject\",\"inLanguage\":\"it-IT\",\"@id\":\"https:\\\/\\\/ugis.it\\\/cms\\\/#\\\/schema\\\/logo\\\/image\\\/\",\"url\":\"https:\\\/\\\/ugis.it\\\/cms\\\/wp-content\\\/uploads\\\/2015\\\/04\\\/logo-UGIS_colori.jpg\",\"contentUrl\":\"https:\\\/\\\/ugis.it\\\/cms\\\/wp-content\\\/uploads\\\/2015\\\/04\\\/logo-UGIS_colori.jpg\",\"width\":198,\"height\":91,\"caption\":\"UGIS\"},\"image\":{\"@id\":\"https:\\\/\\\/ugis.it\\\/cms\\\/#\\\/schema\\\/logo\\\/image\\\/\"}},{\"@type\":\"Person\",\"@id\":\"https:\\\/\\\/ugis.it\\\/cms\\\/#\\\/schema\\\/person\\\/3426a286ac779ab16257bc88d3c3f3ae\",\"name\":\"admin\",\"image\":{\"@type\":\"ImageObject\",\"inLanguage\":\"it-IT\",\"@id\":\"https:\\\/\\\/secure.gravatar.com\\\/avatar\\\/d87740ae48acb65bc6e4a43afb77acf4603686788205398cd1ab799afefc609a?s=96&d=mm&r=g\",\"url\":\"https:\\\/\\\/secure.gravatar.com\\\/avatar\\\/d87740ae48acb65bc6e4a43afb77acf4603686788205398cd1ab799afefc609a?s=96&d=mm&r=g\",\"contentUrl\":\"https:\\\/\\\/secure.gravatar.com\\\/avatar\\\/d87740ae48acb65bc6e4a43afb77acf4603686788205398cd1ab799afefc609a?s=96&d=mm&r=g\",\"caption\":\"admin\"},\"url\":\"https:\\\/\\\/ugis.it\\\/cms\\\/author\\\/admin\\\/\"}]}<\/script>\n<!-- \/ Yoast SEO plugin. -->","yoast_head_json":{"title":"Corso di formazione \u201cL\u2019Agenda ONU 2030: l\u2019obiettivo n. 16 per la pace e la giustizia\u201d, 4 crediti, ore 14.00-18.00, 24 giugno 2022, Brescia - UGIS","robots":{"index":"index","follow":"follow","max-snippet":"max-snippet:-1","max-image-preview":"max-image-preview:large","max-video-preview":"max-video-preview:-1"},"canonical":"https:\/\/ugis.it\/cms\/corso-di-formazione-lagenda-onu-2030-lobiettivo-n-16-per-la-pace-e-la-giustizia-4-crediti-ore-14-00-18-00-24-giugno-2022-brescia\/","og_locale":"it_IT","og_type":"article","og_title":"Corso di formazione \u201cL\u2019Agenda ONU 2030: l\u2019obiettivo n. 16 per la pace e la giustizia\u201d, 4 crediti, ore 14.00-18.00, 24 giugno 2022, Brescia - UGIS","og_description":"Organizzato da FAST e UGIS, d\u2019intesa con l\u2019Ordine dei Giornalisti della Lombardia, nell\u2019ambito del ciclo di incontri \u201cSalute in Comune\u201d. Con la collaborazione di Comune di Brescia, Fondazione Brunelli Onlus.","og_url":"https:\/\/ugis.it\/cms\/corso-di-formazione-lagenda-onu-2030-lobiettivo-n-16-per-la-pace-e-la-giustizia-4-crediti-ore-14-00-18-00-24-giugno-2022-brescia\/","og_site_name":"UGIS","article_published_time":"2022-06-23T14:41:52+00:00","article_modified_time":"2022-06-24T14:42:59+00:00","author":"admin","twitter_card":"summary_large_image","twitter_misc":{"Scritto da":"admin","Tempo di lettura stimato":"2 minuti"},"schema":{"@context":"https:\/\/schema.org","@graph":[{"@type":"Article","@id":"https:\/\/ugis.it\/cms\/corso-di-formazione-lagenda-onu-2030-lobiettivo-n-16-per-la-pace-e-la-giustizia-4-crediti-ore-14-00-18-00-24-giugno-2022-brescia\/#article","isPartOf":{"@id":"https:\/\/ugis.it\/cms\/corso-di-formazione-lagenda-onu-2030-lobiettivo-n-16-per-la-pace-e-la-giustizia-4-crediti-ore-14-00-18-00-24-giugno-2022-brescia\/"},"author":{"name":"admin","@id":"https:\/\/ugis.it\/cms\/#\/schema\/person\/3426a286ac779ab16257bc88d3c3f3ae"},"headline":"Corso di formazione \u201cL\u2019Agenda ONU 2030: l\u2019obiettivo n. 16 per la pace e la giustizia\u201d, 4 crediti, ore 14.00-18.00, 24 giugno 2022, Brescia","datePublished":"2022-06-23T14:41:52+00:00","dateModified":"2022-06-24T14:42:59+00:00","mainEntityOfPage":{"@id":"https:\/\/ugis.it\/cms\/corso-di-formazione-lagenda-onu-2030-lobiettivo-n-16-per-la-pace-e-la-giustizia-4-crediti-ore-14-00-18-00-24-giugno-2022-brescia\/"},"wordCount":391,"publisher":{"@id":"https:\/\/ugis.it\/cms\/#organization"},"articleSection":["Associazione","News"],"inLanguage":"it-IT"},{"@type":"WebPage","@id":"https:\/\/ugis.it\/cms\/corso-di-formazione-lagenda-onu-2030-lobiettivo-n-16-per-la-pace-e-la-giustizia-4-crediti-ore-14-00-18-00-24-giugno-2022-brescia\/","url":"https:\/\/ugis.it\/cms\/corso-di-formazione-lagenda-onu-2030-lobiettivo-n-16-per-la-pace-e-la-giustizia-4-crediti-ore-14-00-18-00-24-giugno-2022-brescia\/","name":"Corso di formazione \u201cL\u2019Agenda ONU 2030: l\u2019obiettivo n. 16 per la pace e la giustizia\u201d, 4 crediti, ore 14.00-18.00, 24 giugno 2022, Brescia - UGIS","isPartOf":{"@id":"https:\/\/ugis.it\/cms\/#website"},"datePublished":"2022-06-23T14:41:52+00:00","dateModified":"2022-06-24T14:42:59+00:00","breadcrumb":{"@id":"https:\/\/ugis.it\/cms\/corso-di-formazione-lagenda-onu-2030-lobiettivo-n-16-per-la-pace-e-la-giustizia-4-crediti-ore-14-00-18-00-24-giugno-2022-brescia\/#breadcrumb"},"inLanguage":"it-IT","potentialAction":[{"@type":"ReadAction","target":["https:\/\/ugis.it\/cms\/corso-di-formazione-lagenda-onu-2030-lobiettivo-n-16-per-la-pace-e-la-giustizia-4-crediti-ore-14-00-18-00-24-giugno-2022-brescia\/"]}]},{"@type":"BreadcrumbList","@id":"https:\/\/ugis.it\/cms\/corso-di-formazione-lagenda-onu-2030-lobiettivo-n-16-per-la-pace-e-la-giustizia-4-crediti-ore-14-00-18-00-24-giugno-2022-brescia\/#breadcrumb","itemListElement":[{"@type":"ListItem","position":1,"name":"Home","item":"https:\/\/ugis.it\/cms\/"},{"@type":"ListItem","position":2,"name":"Corso di formazione \u201cL\u2019Agenda ONU 2030: l\u2019obiettivo n. 16 per la pace e la giustizia\u201d, 4 crediti, ore 14.00-18.00, 24 giugno 2022, Brescia"}]},{"@type":"WebSite","@id":"https:\/\/ugis.it\/cms\/#website","url":"https:\/\/ugis.it\/cms\/","name":"UGIS","description":"Unione Giornalisti Italiani Scientifici","publisher":{"@id":"https:\/\/ugis.it\/cms\/#organization"},"potentialAction":[{"@type":"SearchAction","target":{"@type":"EntryPoint","urlTemplate":"https:\/\/ugis.it\/cms\/?s={search_term_string}"},"query-input":{"@type":"PropertyValueSpecification","valueRequired":true,"valueName":"search_term_string"}}],"inLanguage":"it-IT"},{"@type":"Organization","@id":"https:\/\/ugis.it\/cms\/#organization","name":"UGIS","url":"https:\/\/ugis.it\/cms\/","logo":{"@type":"ImageObject","inLanguage":"it-IT","@id":"https:\/\/ugis.it\/cms\/#\/schema\/logo\/image\/","url":"https:\/\/ugis.it\/cms\/wp-content\/uploads\/2015\/04\/logo-UGIS_colori.jpg","contentUrl":"https:\/\/ugis.it\/cms\/wp-content\/uploads\/2015\/04\/logo-UGIS_colori.jpg","width":198,"height":91,"caption":"UGIS"},"image":{"@id":"https:\/\/ugis.it\/cms\/#\/schema\/logo\/image\/"}},{"@type":"Person","@id":"https:\/\/ugis.it\/cms\/#\/schema\/person\/3426a286ac779ab16257bc88d3c3f3ae","name":"admin","image":{"@type":"ImageObject","inLanguage":"it-IT","@id":"https:\/\/secure.gravatar.com\/avatar\/d87740ae48acb65bc6e4a43afb77acf4603686788205398cd1ab799afefc609a?s=96&d=mm&r=g","url":"https:\/\/secure.gravatar.com\/avatar\/d87740ae48acb65bc6e4a43afb77acf4603686788205398cd1ab799afefc609a?s=96&d=mm&r=g","contentUrl":"https:\/\/secure.gravatar.com\/avatar\/d87740ae48acb65bc6e4a43afb77acf4603686788205398cd1ab799afefc609a?s=96&d=mm&r=g","caption":"admin"},"url":"https:\/\/ugis.it\/cms\/author\/admin\/"}]}},"_links":{"self":[{"href":"https:\/\/ugis.it\/cms\/wp-json\/wp\/v2\/posts\/1579464","targetHints":{"allow":["GET"]}}],"collection":[{"href":"https:\/\/ugis.it\/cms\/wp-json\/wp\/v2\/posts"}],"about":[{"href":"https:\/\/ugis.it\/cms\/wp-json\/wp\/v2\/types\/post"}],"author":[{"embeddable":true,"href":"https:\/\/ugis.it\/cms\/wp-json\/wp\/v2\/users\/6"}],"replies":[{"embeddable":true,"href":"https:\/\/ugis.it\/cms\/wp-json\/wp\/v2\/comments?post=1579464"}],"version-history":[{"count":0,"href":"https:\/\/ugis.it\/cms\/wp-json\/wp\/v2\/posts\/1579464\/revisions"}],"wp:attachment":[{"href":"https:\/\/ugis.it\/cms\/wp-json\/wp\/v2\/media?parent=1579464"}],"wp:term":[{"taxonomy":"category","embeddable":true,"href":"https:\/\/ugis.it\/cms\/wp-json\/wp\/v2\/categories?post=1579464"},{"taxonomy":"post_tag","embeddable":true,"href":"https:\/\/ugis.it\/cms\/wp-json\/wp\/v2\/tags?post=1579464"}],"curies":[{"name":"wp","href":"https:\/\/api.w.org\/{rel}","templated":true}]}}