{"id":1579436,"date":"2022-03-23T14:39:52","date_gmt":"2022-03-23T13:39:52","guid":{"rendered":"https:\/\/ugis.it\/cms\/?p=1579436"},"modified":"2022-06-23T14:41:02","modified_gmt":"2022-06-23T12:41:02","slug":"ugis-in-visita-a-strutture-di-eccellenza-in-romagna-in-ambito-medico-sanitario-benessere-e-aeronautico-spaziale-con-seminario-di-formazione-15-e-16-febbraio-2022-forli-cesena-predappio-castrocar","status":"publish","type":"post","link":"https:\/\/ugis.it\/cms\/ugis-in-visita-a-strutture-di-eccellenza-in-romagna-in-ambito-medico-sanitario-benessere-e-aeronautico-spaziale-con-seminario-di-formazione-15-e-16-febbraio-2022-forli-cesena-predappio-castrocar\/","title":{"rendered":"UGIS in visita a strutture di eccellenza in Romagna in ambito medico-sanitario-benessere e aeronautico-spaziale, con seminario di formazione. 15 e 16 febbraio 2022 (Forl\u00ec, Cesena, Predappio, Castrocaro Terme)"},"content":{"rendered":"<p>Continua una riflessione in corso da tempo e una sfida necessaria sulla formazione deontologica nella comunicazione scientifica in cui UGIS &#8211; Unione Giornalisti Italiani Scientifici si impegna da anni in sinergia con vari Ordini dei Giornalisti regionali, a partire dall\u2019Emilia-Romagna, enti, istituzioni e realt\u00e0 di eccellenza e ricerca. Il perdurare poi della pandemia da Covid-19 ha amplificato questa necessit\u00e0, ancor pi\u00f9 che in passato. Questa iniziativa nel territorio romagnolo vuole dare voce a ricerche e innovazioni tecnologiche per rispondere alla gestione delle emergenze, con i risvolti sociali sia nel rapporto con i cittadini che con i media. Il <strong>15 FEBBRAIO 2022 due visite su innovazioni e ricerche a realt\u00e0 eccellenti della Romagna, riservate a un gruppo selezionato di soci e amici di UGIS, in un\u2019ottica di conoscenza del potenziamento che quest\u2019area sta vivendo. <\/strong>Un <strong>tour medico-sanitario (a Cesena, Laboratori di Microbiologia di Pievesestina e Banca della cute dell\u2019Emilia Romagna<\/strong> \u2013 AUSL Romagna, visita con la collaborazione di DIMES Universit\u00e0 di Bologna). Si conclude visita a Terme di Castrocaro Long Life Formula &#8211; Lucia Magnani Health Clinic. Un <strong>tour<\/strong> per conoscere <strong>le novit\u00e0 del Polo Tecnologico Aeronautico e Spaziale che parte dall\u2019 Aeroporto Ridolfi a Forl\u00ec<\/strong>, segue al <strong>Training Centre ENAV<\/strong> (Societ\u00e0 che gestisce il traffico aereo civile in Italia) \u2013 Scuola di Formazione Controllori del traffico aereo, <strong>Universit\u00e0 di Bologna \u2013 CIRI Aerospaziale<\/strong>, per finire a <strong>Predappio<\/strong> con <strong>Universit\u00e0 di Bologna &#8211; Gallerie del vento Ex Caproni Progetto CICLoPE<\/strong>. A seguire nella serata, per un gruppo riservato al <strong>Grand Hotel Castrocaro, presentazione<\/strong> delle <strong>attivit\u00e0 UGIS e del volume \u201cInformazione e pandemia, tra etica scienza e conoscenza\u201d<\/strong>.<\/p>\n<p>Il <strong>16 FEBBRAIO 2022<\/strong> il seminario di formazione <strong>\u201cLe novit\u00e0 della deontologia: l\u2019informazione scientifica e sanitaria, tra innovazioni e ricerca durante pandemia\u201d<\/strong>, aperto a tutti i giornalisti e operatori sanitari per i rispettivi crediti formativi (09.00- 13.00, Campus Universitario di Forl\u00ec, Teaching Hub \u2013 ingresso via G. della Torre 1 &#8211; aula 3 e aula 4 connesse in domotica (piano terra Blocco C).<br \/>\nQuesti appuntamenti raccontano<strong> un \u201cmodello\u201d organizzativo e una vocazione all\u2019automazione, nella sanit\u00e0 e nei settori aeronautico e spaziale<\/strong>, che si \u00e8 sviluppata da molti anni in Romagna con influenze da varie discipline che hanno avuto ricadute significative nell\u2019evoluzione di entrambi i settori.<\/p>\n<p>L\u2019iniziativa rientra nelle attivit\u00e0 dei due Gruppi di lavoro UGIS \u201cSalute e Lavoro \u201c e \u201cScienze Aeronautiche\u201d.<\/p>\n<p>Il progetto \u00e8 stato realizzato grazie al patrocinio di: <strong>Terme di Castrocaro Long Life Formula (Lucia Magnani Health Clinic \u2013 Grand Hotel Castrocaro) della holding GVM Care&amp;Research<\/strong> e <strong>FA &#8211; Forl\u00ec Airport<\/strong> che hanno sostenuto l\u2019iniziativa, e con la collaborazione di <strong>Dipartimento DIMES Universit\u00e0 di Bologna, AUSL Romagna, Training Centre ENAV, Comune di Forl\u00ec, Fondazione Ordine dei Giornalisti dell\u2019Emilia-Romagna, FAST &#8211; Federazione delle associazioni scientifiche e tecniche, Associazione Stampa Forl\u00ec\u2019-Cesena, Ethosjob \u2013 Human Caring. <\/strong><\/p>\n<p>Nel dettaglio la mattina del <strong>16 febbraio<\/strong> l\u2019iniziativa prosegue <strong>dalle ore 09.00 alle ore 13.00<\/strong> nel <strong>seminario di formazione \u201cLe novit\u00e0 della deontologia: l\u2019informazione scientifica e sanitaria, tra innovazioni e ricerca durante pandemia\u201d, <\/strong>al <strong>Campus Universitario di Forl\u00ec<\/strong>, Teaching Hub per i giornalisti in aula 3 e in collegamento domotico in <strong>aula 4<\/strong> per i crediti ECM operatori sanitari.<\/p>\n<p>ll Consiglio Nazionale dell\u2019Ordine dei Giornalisti ha integrato nell\u2019autunno 2020 l\u2019art. 6 del \u201cTesto Unico dei Doveri del Giornalista\u201d con le indicazioni elaborate nel Manifesto di Piacenza di UGIS, nato nel 2018 a cui sono seguiti due anni di laboratorio sperimentale formativo con la preziosa collaborazione dell\u2019Ordine dei Giornalisti dell\u2019Emilia-Romagna e del suo past president Giovanni Rossi. Il Manifesto di Piacenza ha infatti cominciato il suo <strong><em>Tour<\/em> a Torino il 14 dicembre 2021 e a Gallipoli il 28 gennaio 2022<\/strong> con l\u2019obiettivo di estendere il coinvolgimento a varie realt\u00e0 del Paese a cominciare dagli Ordine dei Giornalisti regionali, per realizzare iniziative di formazione deontologica su questi temi <strong>nelle maggiori citt\u00e0 italiane da nord a sud<\/strong>.<\/p>\n<p>Per affrontare il mondo della ricerca nelle notizie occorre infatti una informazione qualificata e verificata: analisi delle fonti, anche internazionali e dare conto dei diversi pareri, evitare il sensazionalismo e segnalando i necessari tempi per ulteriori ricerche e sperimentazioni.<\/p>\n<p>Introduce Giovanni Caprara, presidente UGIS &#8211; Unione Giornalisti Italiani Scientifici che presenta i Saluti di apertura: Giovanni Molari, Rettore dell\u2019Universit\u00e0 di Bologna; Emanuele Menegatti, Presidente Campus Universitario di Forl\u00ec; Tiziano Carradori, Direttore generale AUSL Romagna; Lucia Magnani, CEO Long Life Formula; Giuseppe Silvestrini; Presidente Forl\u00ec Airport, Gian Luca Zattini, Sindaco Comune di Forl\u00ec.<\/p>\n<p>Il seminario \u00e8 parte della prima iniziativa del Gruppo UGIS \u201cSalute e Lavoro\u201d, coordinato da Giorgio Pacifici (membro consiglio direttivo UGIS e giornalista RAI).<\/p>\n<p>Relatori: Giovanni Caprara (presidente UGIS \u2013 Unione Giornalisti Italiani Scientifici ed editorialista scientifico del Corriere della Sera) con <em>Comunicare la scienza: dalla sfida del Manifesto di Piacenza alle necessit\u00e0 dell\u2019informazione durante la pandemia<\/em>; Giovanni Rossi (gi\u00e0 presidente dell\u2019Ordine dei Giornalisti e Fondazione Ordine dei Giornalisti dell\u2019Emilia-Romagna) con <em>La corretta informazione scientifica e sanitaria<\/em>: <em>l\u2019evoluzione dell\u2019art.6 del Testo Unico<\/em>; Gianandrea Pasquinelli (direttore del Dipartimento DIMES &#8211; Medicina Specialistica, Diagnostica e Sperimentale dell\u2019Universit\u00e0 di Bologna) con <em>Reputazione e buona scienza, una sfida pandemica<\/em>; Vittorio Sambri (direttore U.O. di microbiologia dell\u2019AUSL Romagna e professore di microbiologia DIMES Universit\u00e0 di Bologna) con <em>Pandemia da SARS CoV-2\u2026ed epidemia di Virologi: una prospettiva di laboratorio<\/em>; Claudio Vicini (direttore Dipartimento Testa-Collo AUSL Romagna e professore di otorinolaringoriatria alle Universit\u00e0 di Bologna e Ferrara) con <em>Se sei malato ti guarir\u00f2, se non potr\u00f2 guarirti ti curer\u00f2, se non potr\u00f2 curarti ti&#8230;informer\u00f2<\/em>. Conclusioni sugli scenari contemporanei di Fabrizio S. Bovi (coordinatore gruppo UGIS Scienze Aeronautiche).<br \/>\nModerano Tiziana Rambelli socia UGIS e membro Gruppo UGIS Salute e Lavoro e Nadia Grillo, vicepresidente UGIS &#8211; Unione Giornalisti Italiani Scientifici.<\/p>\n<p>Per il rilascio dei crediti formativi: i giornalisti interessati possono iscriversi ai seminari esclusivamente sulla nuova piattaforma <a href=\"http:\/\/www.formazionegiornalisti.it\" target=\"_blank\" rel=\"noopener\">www.formazionegiornalisti.it<\/a><\/p>\n<p><a href=\"https:\/\/ugis.it\/cms\/wp-content\/uploads\/2022\/06\/def2_CS-UGIS_15-e-16_02_2022_Romagna.pdf\" target=\"_blank\" rel=\"noopener\">\u00bb Comunicato stampa con programma dettagliato<\/a><br \/>\n<a href=\"https:\/\/ugis.it\/cms\/wp-content\/uploads\/2022\/06\/def-locandina-Eccellenze-in-Romagna_iniziativa-UGIS.pdf\" target=\"_blank\" rel=\"noopener\">\u00bb Locandina<\/a><\/p>\n<p><a href=\"https:\/\/ugis.it\/cms\/selezione-foto-visita-ugis-con-seminario-alle-eccellenze-dellinnovazione-in-romagna\/\">\u00bb Selezione di foto degli eventi del 15 e 16 febbraio 2022 in Galleria<\/a><\/p>\n","protected":false},"excerpt":{"rendered":"<h6>Continua una riflessione in corso da tempo e una sfida necessaria sulla formazione deontologica nella comunicazione scientifica in cui UGIS si impegna da anni in sinergia con vari Ordini dei Giornalisti regionali, a partire dall\u2019Emilia-Romagna, enti, istituzioni e realt\u00e0 di eccellenza e ricerca.<\/h6>\n","protected":false},"author":6,"featured_media":0,"comment_status":"closed","ping_status":"closed","sticky":false,"template":"","format":"image","meta":{"_et_pb_use_builder":"","_et_pb_old_content":"","_et_gb_content_width":"","footnotes":""},"categories":[13,1],"tags":[],"class_list":["post-1579436","post","type-post","status-publish","format-image","hentry","category-associazione","category-news","post_format-post-format-image"],"yoast_head":"<!-- This site is optimized with the Yoast SEO plugin v27.4 - https:\/\/yoast.com\/product\/yoast-seo-wordpress\/ -->\n<title>UGIS in visita a strutture di eccellenza in Romagna in ambito medico-sanitario-benessere e aeronautico-spaziale, con seminario di formazione. 15 e 16 febbraio 2022 (Forl\u00ec, Cesena, Predappio, Castrocaro Terme) - UGIS<\/title>\n<meta name=\"robots\" content=\"index, follow, max-snippet:-1, max-image-preview:large, max-video-preview:-1\" \/>\n<link rel=\"canonical\" href=\"https:\/\/ugis.it\/cms\/ugis-in-visita-a-strutture-di-eccellenza-in-romagna-in-ambito-medico-sanitario-benessere-e-aeronautico-spaziale-con-seminario-di-formazione-15-e-16-febbraio-2022-forli-cesena-predappio-castrocar\/\" \/>\n<meta property=\"og:locale\" content=\"it_IT\" \/>\n<meta property=\"og:type\" content=\"article\" \/>\n<meta property=\"og:title\" content=\"UGIS in visita a strutture di eccellenza in Romagna in ambito medico-sanitario-benessere e aeronautico-spaziale, con seminario di formazione. 15 e 16 febbraio 2022 (Forl\u00ec, Cesena, Predappio, Castrocaro Terme) - UGIS\" \/>\n<meta property=\"og:description\" content=\"Continua una riflessione in corso da tempo e una sfida necessaria sulla formazione deontologica nella comunicazione scientifica in cui UGIS si impegna da anni in sinergia con vari Ordini dei Giornalisti regionali, a partire dall\u2019Emilia-Romagna, enti, istituzioni e realt\u00e0 di eccellenza e ricerca.\" \/>\n<meta property=\"og:url\" content=\"https:\/\/ugis.it\/cms\/ugis-in-visita-a-strutture-di-eccellenza-in-romagna-in-ambito-medico-sanitario-benessere-e-aeronautico-spaziale-con-seminario-di-formazione-15-e-16-febbraio-2022-forli-cesena-predappio-castrocar\/\" \/>\n<meta property=\"og:site_name\" content=\"UGIS\" \/>\n<meta property=\"article:published_time\" content=\"2022-03-23T13:39:52+00:00\" \/>\n<meta property=\"article:modified_time\" content=\"2022-06-23T12:41:02+00:00\" \/>\n<meta name=\"author\" content=\"admin\" \/>\n<meta name=\"twitter:card\" content=\"summary_large_image\" \/>\n<meta name=\"twitter:label1\" content=\"Scritto da\" \/>\n\t<meta name=\"twitter:data1\" content=\"admin\" \/>\n\t<meta name=\"twitter:label2\" content=\"Tempo di lettura stimato\" \/>\n\t<meta name=\"twitter:data2\" content=\"5 minuti\" \/>\n<script type=\"application\/ld+json\" class=\"yoast-schema-graph\">{\"@context\":\"https:\\\/\\\/schema.org\",\"@graph\":[{\"@type\":\"Article\",\"@id\":\"https:\\\/\\\/ugis.it\\\/cms\\\/ugis-in-visita-a-strutture-di-eccellenza-in-romagna-in-ambito-medico-sanitario-benessere-e-aeronautico-spaziale-con-seminario-di-formazione-15-e-16-febbraio-2022-forli-cesena-predappio-castrocar\\\/#article\",\"isPartOf\":{\"@id\":\"https:\\\/\\\/ugis.it\\\/cms\\\/ugis-in-visita-a-strutture-di-eccellenza-in-romagna-in-ambito-medico-sanitario-benessere-e-aeronautico-spaziale-con-seminario-di-formazione-15-e-16-febbraio-2022-forli-cesena-predappio-castrocar\\\/\"},\"author\":{\"name\":\"admin\",\"@id\":\"https:\\\/\\\/ugis.it\\\/cms\\\/#\\\/schema\\\/person\\\/3426a286ac779ab16257bc88d3c3f3ae\"},\"headline\":\"UGIS in visita a strutture di eccellenza in Romagna in ambito medico-sanitario-benessere e aeronautico-spaziale, con seminario di formazione. 15 e 16 febbraio 2022 (Forl\u00ec, Cesena, Predappio, Castrocaro Terme)\",\"datePublished\":\"2022-03-23T13:39:52+00:00\",\"dateModified\":\"2022-06-23T12:41:02+00:00\",\"mainEntityOfPage\":{\"@id\":\"https:\\\/\\\/ugis.it\\\/cms\\\/ugis-in-visita-a-strutture-di-eccellenza-in-romagna-in-ambito-medico-sanitario-benessere-e-aeronautico-spaziale-con-seminario-di-formazione-15-e-16-febbraio-2022-forli-cesena-predappio-castrocar\\\/\"},\"wordCount\":992,\"publisher\":{\"@id\":\"https:\\\/\\\/ugis.it\\\/cms\\\/#organization\"},\"articleSection\":[\"Associazione\",\"News\"],\"inLanguage\":\"it-IT\"},{\"@type\":\"WebPage\",\"@id\":\"https:\\\/\\\/ugis.it\\\/cms\\\/ugis-in-visita-a-strutture-di-eccellenza-in-romagna-in-ambito-medico-sanitario-benessere-e-aeronautico-spaziale-con-seminario-di-formazione-15-e-16-febbraio-2022-forli-cesena-predappio-castrocar\\\/\",\"url\":\"https:\\\/\\\/ugis.it\\\/cms\\\/ugis-in-visita-a-strutture-di-eccellenza-in-romagna-in-ambito-medico-sanitario-benessere-e-aeronautico-spaziale-con-seminario-di-formazione-15-e-16-febbraio-2022-forli-cesena-predappio-castrocar\\\/\",\"name\":\"UGIS in visita a strutture di eccellenza in Romagna in ambito medico-sanitario-benessere e aeronautico-spaziale, con seminario di formazione. 15 e 16 febbraio 2022 (Forl\u00ec, Cesena, Predappio, Castrocaro Terme) - UGIS\",\"isPartOf\":{\"@id\":\"https:\\\/\\\/ugis.it\\\/cms\\\/#website\"},\"datePublished\":\"2022-03-23T13:39:52+00:00\",\"dateModified\":\"2022-06-23T12:41:02+00:00\",\"breadcrumb\":{\"@id\":\"https:\\\/\\\/ugis.it\\\/cms\\\/ugis-in-visita-a-strutture-di-eccellenza-in-romagna-in-ambito-medico-sanitario-benessere-e-aeronautico-spaziale-con-seminario-di-formazione-15-e-16-febbraio-2022-forli-cesena-predappio-castrocar\\\/#breadcrumb\"},\"inLanguage\":\"it-IT\",\"potentialAction\":[{\"@type\":\"ReadAction\",\"target\":[\"https:\\\/\\\/ugis.it\\\/cms\\\/ugis-in-visita-a-strutture-di-eccellenza-in-romagna-in-ambito-medico-sanitario-benessere-e-aeronautico-spaziale-con-seminario-di-formazione-15-e-16-febbraio-2022-forli-cesena-predappio-castrocar\\\/\"]}]},{\"@type\":\"BreadcrumbList\",\"@id\":\"https:\\\/\\\/ugis.it\\\/cms\\\/ugis-in-visita-a-strutture-di-eccellenza-in-romagna-in-ambito-medico-sanitario-benessere-e-aeronautico-spaziale-con-seminario-di-formazione-15-e-16-febbraio-2022-forli-cesena-predappio-castrocar\\\/#breadcrumb\",\"itemListElement\":[{\"@type\":\"ListItem\",\"position\":1,\"name\":\"Home\",\"item\":\"https:\\\/\\\/ugis.it\\\/cms\\\/\"},{\"@type\":\"ListItem\",\"position\":2,\"name\":\"UGIS in visita a strutture di eccellenza in Romagna in ambito medico-sanitario-benessere e aeronautico-spaziale, con seminario di formazione. 15 e 16 febbraio 2022 (Forl\u00ec, Cesena, Predappio, Castrocaro Terme)\"}]},{\"@type\":\"WebSite\",\"@id\":\"https:\\\/\\\/ugis.it\\\/cms\\\/#website\",\"url\":\"https:\\\/\\\/ugis.it\\\/cms\\\/\",\"name\":\"UGIS\",\"description\":\"Unione Giornalisti Italiani Scientifici\",\"publisher\":{\"@id\":\"https:\\\/\\\/ugis.it\\\/cms\\\/#organization\"},\"potentialAction\":[{\"@type\":\"SearchAction\",\"target\":{\"@type\":\"EntryPoint\",\"urlTemplate\":\"https:\\\/\\\/ugis.it\\\/cms\\\/?s={search_term_string}\"},\"query-input\":{\"@type\":\"PropertyValueSpecification\",\"valueRequired\":true,\"valueName\":\"search_term_string\"}}],\"inLanguage\":\"it-IT\"},{\"@type\":\"Organization\",\"@id\":\"https:\\\/\\\/ugis.it\\\/cms\\\/#organization\",\"name\":\"UGIS\",\"url\":\"https:\\\/\\\/ugis.it\\\/cms\\\/\",\"logo\":{\"@type\":\"ImageObject\",\"inLanguage\":\"it-IT\",\"@id\":\"https:\\\/\\\/ugis.it\\\/cms\\\/#\\\/schema\\\/logo\\\/image\\\/\",\"url\":\"https:\\\/\\\/ugis.it\\\/cms\\\/wp-content\\\/uploads\\\/2015\\\/04\\\/logo-UGIS_colori.jpg\",\"contentUrl\":\"https:\\\/\\\/ugis.it\\\/cms\\\/wp-content\\\/uploads\\\/2015\\\/04\\\/logo-UGIS_colori.jpg\",\"width\":198,\"height\":91,\"caption\":\"UGIS\"},\"image\":{\"@id\":\"https:\\\/\\\/ugis.it\\\/cms\\\/#\\\/schema\\\/logo\\\/image\\\/\"}},{\"@type\":\"Person\",\"@id\":\"https:\\\/\\\/ugis.it\\\/cms\\\/#\\\/schema\\\/person\\\/3426a286ac779ab16257bc88d3c3f3ae\",\"name\":\"admin\",\"image\":{\"@type\":\"ImageObject\",\"inLanguage\":\"it-IT\",\"@id\":\"https:\\\/\\\/secure.gravatar.com\\\/avatar\\\/d87740ae48acb65bc6e4a43afb77acf4603686788205398cd1ab799afefc609a?s=96&d=mm&r=g\",\"url\":\"https:\\\/\\\/secure.gravatar.com\\\/avatar\\\/d87740ae48acb65bc6e4a43afb77acf4603686788205398cd1ab799afefc609a?s=96&d=mm&r=g\",\"contentUrl\":\"https:\\\/\\\/secure.gravatar.com\\\/avatar\\\/d87740ae48acb65bc6e4a43afb77acf4603686788205398cd1ab799afefc609a?s=96&d=mm&r=g\",\"caption\":\"admin\"},\"url\":\"https:\\\/\\\/ugis.it\\\/cms\\\/author\\\/admin\\\/\"}]}<\/script>\n<!-- \/ Yoast SEO plugin. -->","yoast_head_json":{"title":"UGIS in visita a strutture di eccellenza in Romagna in ambito medico-sanitario-benessere e aeronautico-spaziale, con seminario di formazione. 15 e 16 febbraio 2022 (Forl\u00ec, Cesena, Predappio, Castrocaro Terme) - UGIS","robots":{"index":"index","follow":"follow","max-snippet":"max-snippet:-1","max-image-preview":"max-image-preview:large","max-video-preview":"max-video-preview:-1"},"canonical":"https:\/\/ugis.it\/cms\/ugis-in-visita-a-strutture-di-eccellenza-in-romagna-in-ambito-medico-sanitario-benessere-e-aeronautico-spaziale-con-seminario-di-formazione-15-e-16-febbraio-2022-forli-cesena-predappio-castrocar\/","og_locale":"it_IT","og_type":"article","og_title":"UGIS in visita a strutture di eccellenza in Romagna in ambito medico-sanitario-benessere e aeronautico-spaziale, con seminario di formazione. 15 e 16 febbraio 2022 (Forl\u00ec, Cesena, Predappio, Castrocaro Terme) - UGIS","og_description":"Continua una riflessione in corso da tempo e una sfida necessaria sulla formazione deontologica nella comunicazione scientifica in cui UGIS si impegna da anni in sinergia con vari Ordini dei Giornalisti regionali, a partire dall\u2019Emilia-Romagna, enti, istituzioni e realt\u00e0 di eccellenza e ricerca.","og_url":"https:\/\/ugis.it\/cms\/ugis-in-visita-a-strutture-di-eccellenza-in-romagna-in-ambito-medico-sanitario-benessere-e-aeronautico-spaziale-con-seminario-di-formazione-15-e-16-febbraio-2022-forli-cesena-predappio-castrocar\/","og_site_name":"UGIS","article_published_time":"2022-03-23T13:39:52+00:00","article_modified_time":"2022-06-23T12:41:02+00:00","author":"admin","twitter_card":"summary_large_image","twitter_misc":{"Scritto da":"admin","Tempo di lettura stimato":"5 minuti"},"schema":{"@context":"https:\/\/schema.org","@graph":[{"@type":"Article","@id":"https:\/\/ugis.it\/cms\/ugis-in-visita-a-strutture-di-eccellenza-in-romagna-in-ambito-medico-sanitario-benessere-e-aeronautico-spaziale-con-seminario-di-formazione-15-e-16-febbraio-2022-forli-cesena-predappio-castrocar\/#article","isPartOf":{"@id":"https:\/\/ugis.it\/cms\/ugis-in-visita-a-strutture-di-eccellenza-in-romagna-in-ambito-medico-sanitario-benessere-e-aeronautico-spaziale-con-seminario-di-formazione-15-e-16-febbraio-2022-forli-cesena-predappio-castrocar\/"},"author":{"name":"admin","@id":"https:\/\/ugis.it\/cms\/#\/schema\/person\/3426a286ac779ab16257bc88d3c3f3ae"},"headline":"UGIS in visita a strutture di eccellenza in Romagna in ambito medico-sanitario-benessere e aeronautico-spaziale, con seminario di formazione. 15 e 16 febbraio 2022 (Forl\u00ec, Cesena, Predappio, Castrocaro Terme)","datePublished":"2022-03-23T13:39:52+00:00","dateModified":"2022-06-23T12:41:02+00:00","mainEntityOfPage":{"@id":"https:\/\/ugis.it\/cms\/ugis-in-visita-a-strutture-di-eccellenza-in-romagna-in-ambito-medico-sanitario-benessere-e-aeronautico-spaziale-con-seminario-di-formazione-15-e-16-febbraio-2022-forli-cesena-predappio-castrocar\/"},"wordCount":992,"publisher":{"@id":"https:\/\/ugis.it\/cms\/#organization"},"articleSection":["Associazione","News"],"inLanguage":"it-IT"},{"@type":"WebPage","@id":"https:\/\/ugis.it\/cms\/ugis-in-visita-a-strutture-di-eccellenza-in-romagna-in-ambito-medico-sanitario-benessere-e-aeronautico-spaziale-con-seminario-di-formazione-15-e-16-febbraio-2022-forli-cesena-predappio-castrocar\/","url":"https:\/\/ugis.it\/cms\/ugis-in-visita-a-strutture-di-eccellenza-in-romagna-in-ambito-medico-sanitario-benessere-e-aeronautico-spaziale-con-seminario-di-formazione-15-e-16-febbraio-2022-forli-cesena-predappio-castrocar\/","name":"UGIS in visita a strutture di eccellenza in Romagna in ambito medico-sanitario-benessere e aeronautico-spaziale, con seminario di formazione. 15 e 16 febbraio 2022 (Forl\u00ec, Cesena, Predappio, Castrocaro Terme) - UGIS","isPartOf":{"@id":"https:\/\/ugis.it\/cms\/#website"},"datePublished":"2022-03-23T13:39:52+00:00","dateModified":"2022-06-23T12:41:02+00:00","breadcrumb":{"@id":"https:\/\/ugis.it\/cms\/ugis-in-visita-a-strutture-di-eccellenza-in-romagna-in-ambito-medico-sanitario-benessere-e-aeronautico-spaziale-con-seminario-di-formazione-15-e-16-febbraio-2022-forli-cesena-predappio-castrocar\/#breadcrumb"},"inLanguage":"it-IT","potentialAction":[{"@type":"ReadAction","target":["https:\/\/ugis.it\/cms\/ugis-in-visita-a-strutture-di-eccellenza-in-romagna-in-ambito-medico-sanitario-benessere-e-aeronautico-spaziale-con-seminario-di-formazione-15-e-16-febbraio-2022-forli-cesena-predappio-castrocar\/"]}]},{"@type":"BreadcrumbList","@id":"https:\/\/ugis.it\/cms\/ugis-in-visita-a-strutture-di-eccellenza-in-romagna-in-ambito-medico-sanitario-benessere-e-aeronautico-spaziale-con-seminario-di-formazione-15-e-16-febbraio-2022-forli-cesena-predappio-castrocar\/#breadcrumb","itemListElement":[{"@type":"ListItem","position":1,"name":"Home","item":"https:\/\/ugis.it\/cms\/"},{"@type":"ListItem","position":2,"name":"UGIS in visita a strutture di eccellenza in Romagna in ambito medico-sanitario-benessere e aeronautico-spaziale, con seminario di formazione. 15 e 16 febbraio 2022 (Forl\u00ec, Cesena, Predappio, Castrocaro Terme)"}]},{"@type":"WebSite","@id":"https:\/\/ugis.it\/cms\/#website","url":"https:\/\/ugis.it\/cms\/","name":"UGIS","description":"Unione Giornalisti Italiani Scientifici","publisher":{"@id":"https:\/\/ugis.it\/cms\/#organization"},"potentialAction":[{"@type":"SearchAction","target":{"@type":"EntryPoint","urlTemplate":"https:\/\/ugis.it\/cms\/?s={search_term_string}"},"query-input":{"@type":"PropertyValueSpecification","valueRequired":true,"valueName":"search_term_string"}}],"inLanguage":"it-IT"},{"@type":"Organization","@id":"https:\/\/ugis.it\/cms\/#organization","name":"UGIS","url":"https:\/\/ugis.it\/cms\/","logo":{"@type":"ImageObject","inLanguage":"it-IT","@id":"https:\/\/ugis.it\/cms\/#\/schema\/logo\/image\/","url":"https:\/\/ugis.it\/cms\/wp-content\/uploads\/2015\/04\/logo-UGIS_colori.jpg","contentUrl":"https:\/\/ugis.it\/cms\/wp-content\/uploads\/2015\/04\/logo-UGIS_colori.jpg","width":198,"height":91,"caption":"UGIS"},"image":{"@id":"https:\/\/ugis.it\/cms\/#\/schema\/logo\/image\/"}},{"@type":"Person","@id":"https:\/\/ugis.it\/cms\/#\/schema\/person\/3426a286ac779ab16257bc88d3c3f3ae","name":"admin","image":{"@type":"ImageObject","inLanguage":"it-IT","@id":"https:\/\/secure.gravatar.com\/avatar\/d87740ae48acb65bc6e4a43afb77acf4603686788205398cd1ab799afefc609a?s=96&d=mm&r=g","url":"https:\/\/secure.gravatar.com\/avatar\/d87740ae48acb65bc6e4a43afb77acf4603686788205398cd1ab799afefc609a?s=96&d=mm&r=g","contentUrl":"https:\/\/secure.gravatar.com\/avatar\/d87740ae48acb65bc6e4a43afb77acf4603686788205398cd1ab799afefc609a?s=96&d=mm&r=g","caption":"admin"},"url":"https:\/\/ugis.it\/cms\/author\/admin\/"}]}},"_links":{"self":[{"href":"https:\/\/ugis.it\/cms\/wp-json\/wp\/v2\/posts\/1579436","targetHints":{"allow":["GET"]}}],"collection":[{"href":"https:\/\/ugis.it\/cms\/wp-json\/wp\/v2\/posts"}],"about":[{"href":"https:\/\/ugis.it\/cms\/wp-json\/wp\/v2\/types\/post"}],"author":[{"embeddable":true,"href":"https:\/\/ugis.it\/cms\/wp-json\/wp\/v2\/users\/6"}],"replies":[{"embeddable":true,"href":"https:\/\/ugis.it\/cms\/wp-json\/wp\/v2\/comments?post=1579436"}],"version-history":[{"count":0,"href":"https:\/\/ugis.it\/cms\/wp-json\/wp\/v2\/posts\/1579436\/revisions"}],"wp:attachment":[{"href":"https:\/\/ugis.it\/cms\/wp-json\/wp\/v2\/media?parent=1579436"}],"wp:term":[{"taxonomy":"category","embeddable":true,"href":"https:\/\/ugis.it\/cms\/wp-json\/wp\/v2\/categories?post=1579436"},{"taxonomy":"post_tag","embeddable":true,"href":"https:\/\/ugis.it\/cms\/wp-json\/wp\/v2\/tags?post=1579436"}],"curies":[{"name":"wp","href":"https:\/\/api.w.org\/{rel}","templated":true}]}}