{"id":1579318,"date":"2021-10-25T16:41:44","date_gmt":"2021-10-25T14:41:44","guid":{"rendered":"https:\/\/ugis.it\/cms\/?p=1579318"},"modified":"2021-12-01T17:11:04","modified_gmt":"2021-12-01T16:11:04","slug":"seminario-effetti-a-lungo-termine-dopo-linfezione-da-covid-19-corso-in-streaming-25-ottobre-2021","status":"publish","type":"post","link":"https:\/\/ugis.it\/cms\/seminario-effetti-a-lungo-termine-dopo-linfezione-da-covid-19-corso-in-streaming-25-ottobre-2021\/","title":{"rendered":"Seminario \u201cEffetti a lungo termine dopo l\u2019infezione da Covid-19\u201d, corso in streaming, 25 ottobre 2021"},"content":{"rendered":"<p>Promosso da Fast-Federazione delle associazioni scientifiche e tecniche e UGIS -Unione Giornalisti Italiani Scientifici, con la collaborazione di MNIAA-Associazione ex alunni Mario Negri; UGIS-Unione giornalisti italiani scientifici, dalle 17.30 alle 19.30, 2 crediti formativi.<\/p>\n<p>La pandemia COVID-19 si sta avvicinando ai due anni dalla sua comparsa. I dati riferiti alla sola Italia si confermano drammatici: pi\u00f9 di 130 mila decessi, oltre 4 milioni e 600 mila contagiati; per fortuna altrettanti guariti al netto degli scomparsi. La gente ha imparato a condividere ricoveri, morti, isolamenti forzati, interruzioni di attivit\u00e0, riaperture. Ora le speranze sono riposte nei vaccini; i risultati si toccano con mano, nonostante i no vax.<br \/>\nMa quale futuro ci sar\u00e0 dal punto di vista sanitario? Quali saranno le conseguenze? A questi interrogativi rispondono gli esperti. Spiegano gli effetti della pandemia COVID-19 sulla comunit\u00e0 scientifica presentando cosa \u00e8 cambiato e cosa non cambier\u00e0 mai; anticipano le conseguenze sulle malattie neurologiche; evidenziano i postumi sui bambini e sugli adolescenti.<\/p>\n<p>Relatori:<br \/>\nMichele Bocci, giornalista, La Repubblica<\/p>\n<p>Alberto Pieri, giornalista, vicepresidente UGIS<\/p>\n<p>Guido Bertolini, capo laboratorio Epidemiologia clinica, Istituto Mario Negri<br \/>\n<em>\u201cGli effetti della pandemia CoViD-19 sulla comunica scientifica: cosa \u00e8 cambiato, cosa non cambier\u00e0 mai\u201d<\/em><\/p>\n<p>Ettore Beghi, capo laboratorio Malattie neurologiche, Istituto Mario Negri<br \/>\n<em>\u201cCOVID-19 e malattie neurologiche: cosa si sa e cosa si deve sapere\u201d<\/em><\/p>\n<p>Antonio Clavenna, capo laboratorio Farmacoepidemiologia, Istituto Mario Negri<br \/>\n<em>\u201cI postumi sui bambini e gli adolescenti\u201d<\/em><\/p>\n","protected":false},"excerpt":{"rendered":"<h6>Promosso da Fast-Federazione delle associazioni scientifiche e tecniche e UGIS -Unione Giornalisti Italiani Scientifici, dalle 17.30 alle 19.30, 2 crediti formativi.<\/h6>\n","protected":false},"author":6,"featured_media":0,"comment_status":"closed","ping_status":"closed","sticky":false,"template":"","format":"image","meta":{"_et_pb_use_builder":"","_et_pb_old_content":"","_et_gb_content_width":"","footnotes":""},"categories":[13,1],"tags":[],"class_list":["post-1579318","post","type-post","status-publish","format-image","hentry","category-associazione","category-news","post_format-post-format-image"],"yoast_head":"<!-- This site is optimized with the Yoast SEO plugin v27.4 - https:\/\/yoast.com\/product\/yoast-seo-wordpress\/ -->\n<title>Seminario \u201cEffetti a lungo termine dopo l\u2019infezione da Covid-19\u201d, corso in streaming, 25 ottobre 2021 - UGIS<\/title>\n<meta name=\"robots\" content=\"index, follow, max-snippet:-1, max-image-preview:large, max-video-preview:-1\" \/>\n<link rel=\"canonical\" href=\"https:\/\/ugis.it\/cms\/seminario-effetti-a-lungo-termine-dopo-linfezione-da-covid-19-corso-in-streaming-25-ottobre-2021\/\" \/>\n<meta property=\"og:locale\" content=\"it_IT\" \/>\n<meta property=\"og:type\" content=\"article\" \/>\n<meta property=\"og:title\" content=\"Seminario \u201cEffetti a lungo termine dopo l\u2019infezione da Covid-19\u201d, corso in streaming, 25 ottobre 2021 - UGIS\" \/>\n<meta property=\"og:description\" content=\"Promosso da Fast-Federazione delle associazioni scientifiche e tecniche e UGIS -Unione Giornalisti Italiani Scientifici, dalle 17.30 alle 19.30, 2 crediti formativi.\" \/>\n<meta property=\"og:url\" content=\"https:\/\/ugis.it\/cms\/seminario-effetti-a-lungo-termine-dopo-linfezione-da-covid-19-corso-in-streaming-25-ottobre-2021\/\" \/>\n<meta property=\"og:site_name\" content=\"UGIS\" \/>\n<meta property=\"article:published_time\" content=\"2021-10-25T14:41:44+00:00\" \/>\n<meta property=\"article:modified_time\" content=\"2021-12-01T16:11:04+00:00\" \/>\n<meta name=\"author\" content=\"admin\" \/>\n<meta name=\"twitter:card\" content=\"summary_large_image\" \/>\n<meta name=\"twitter:label1\" content=\"Scritto da\" \/>\n\t<meta name=\"twitter:data1\" content=\"admin\" \/>\n\t<meta name=\"twitter:label2\" content=\"Tempo di lettura stimato\" \/>\n\t<meta name=\"twitter:data2\" content=\"1 minuto\" \/>\n<script type=\"application\/ld+json\" class=\"yoast-schema-graph\">{\"@context\":\"https:\\\/\\\/schema.org\",\"@graph\":[{\"@type\":\"Article\",\"@id\":\"https:\\\/\\\/ugis.it\\\/cms\\\/seminario-effetti-a-lungo-termine-dopo-linfezione-da-covid-19-corso-in-streaming-25-ottobre-2021\\\/#article\",\"isPartOf\":{\"@id\":\"https:\\\/\\\/ugis.it\\\/cms\\\/seminario-effetti-a-lungo-termine-dopo-linfezione-da-covid-19-corso-in-streaming-25-ottobre-2021\\\/\"},\"author\":{\"name\":\"admin\",\"@id\":\"https:\\\/\\\/ugis.it\\\/cms\\\/#\\\/schema\\\/person\\\/3426a286ac779ab16257bc88d3c3f3ae\"},\"headline\":\"Seminario \u201cEffetti a lungo termine dopo l\u2019infezione da Covid-19\u201d, corso in streaming, 25 ottobre 2021\",\"datePublished\":\"2021-10-25T14:41:44+00:00\",\"dateModified\":\"2021-12-01T16:11:04+00:00\",\"mainEntityOfPage\":{\"@id\":\"https:\\\/\\\/ugis.it\\\/cms\\\/seminario-effetti-a-lungo-termine-dopo-linfezione-da-covid-19-corso-in-streaming-25-ottobre-2021\\\/\"},\"wordCount\":235,\"publisher\":{\"@id\":\"https:\\\/\\\/ugis.it\\\/cms\\\/#organization\"},\"articleSection\":[\"Associazione\",\"News\"],\"inLanguage\":\"it-IT\"},{\"@type\":\"WebPage\",\"@id\":\"https:\\\/\\\/ugis.it\\\/cms\\\/seminario-effetti-a-lungo-termine-dopo-linfezione-da-covid-19-corso-in-streaming-25-ottobre-2021\\\/\",\"url\":\"https:\\\/\\\/ugis.it\\\/cms\\\/seminario-effetti-a-lungo-termine-dopo-linfezione-da-covid-19-corso-in-streaming-25-ottobre-2021\\\/\",\"name\":\"Seminario \u201cEffetti a lungo termine dopo l\u2019infezione da Covid-19\u201d, corso in streaming, 25 ottobre 2021 - UGIS\",\"isPartOf\":{\"@id\":\"https:\\\/\\\/ugis.it\\\/cms\\\/#website\"},\"datePublished\":\"2021-10-25T14:41:44+00:00\",\"dateModified\":\"2021-12-01T16:11:04+00:00\",\"breadcrumb\":{\"@id\":\"https:\\\/\\\/ugis.it\\\/cms\\\/seminario-effetti-a-lungo-termine-dopo-linfezione-da-covid-19-corso-in-streaming-25-ottobre-2021\\\/#breadcrumb\"},\"inLanguage\":\"it-IT\",\"potentialAction\":[{\"@type\":\"ReadAction\",\"target\":[\"https:\\\/\\\/ugis.it\\\/cms\\\/seminario-effetti-a-lungo-termine-dopo-linfezione-da-covid-19-corso-in-streaming-25-ottobre-2021\\\/\"]}]},{\"@type\":\"BreadcrumbList\",\"@id\":\"https:\\\/\\\/ugis.it\\\/cms\\\/seminario-effetti-a-lungo-termine-dopo-linfezione-da-covid-19-corso-in-streaming-25-ottobre-2021\\\/#breadcrumb\",\"itemListElement\":[{\"@type\":\"ListItem\",\"position\":1,\"name\":\"Home\",\"item\":\"https:\\\/\\\/ugis.it\\\/cms\\\/\"},{\"@type\":\"ListItem\",\"position\":2,\"name\":\"Seminario \u201cEffetti a lungo termine dopo l\u2019infezione da Covid-19\u201d, corso in streaming, 25 ottobre 2021\"}]},{\"@type\":\"WebSite\",\"@id\":\"https:\\\/\\\/ugis.it\\\/cms\\\/#website\",\"url\":\"https:\\\/\\\/ugis.it\\\/cms\\\/\",\"name\":\"UGIS\",\"description\":\"Unione Giornalisti Italiani Scientifici\",\"publisher\":{\"@id\":\"https:\\\/\\\/ugis.it\\\/cms\\\/#organization\"},\"potentialAction\":[{\"@type\":\"SearchAction\",\"target\":{\"@type\":\"EntryPoint\",\"urlTemplate\":\"https:\\\/\\\/ugis.it\\\/cms\\\/?s={search_term_string}\"},\"query-input\":{\"@type\":\"PropertyValueSpecification\",\"valueRequired\":true,\"valueName\":\"search_term_string\"}}],\"inLanguage\":\"it-IT\"},{\"@type\":\"Organization\",\"@id\":\"https:\\\/\\\/ugis.it\\\/cms\\\/#organization\",\"name\":\"UGIS\",\"url\":\"https:\\\/\\\/ugis.it\\\/cms\\\/\",\"logo\":{\"@type\":\"ImageObject\",\"inLanguage\":\"it-IT\",\"@id\":\"https:\\\/\\\/ugis.it\\\/cms\\\/#\\\/schema\\\/logo\\\/image\\\/\",\"url\":\"https:\\\/\\\/ugis.it\\\/cms\\\/wp-content\\\/uploads\\\/2015\\\/04\\\/logo-UGIS_colori.jpg\",\"contentUrl\":\"https:\\\/\\\/ugis.it\\\/cms\\\/wp-content\\\/uploads\\\/2015\\\/04\\\/logo-UGIS_colori.jpg\",\"width\":198,\"height\":91,\"caption\":\"UGIS\"},\"image\":{\"@id\":\"https:\\\/\\\/ugis.it\\\/cms\\\/#\\\/schema\\\/logo\\\/image\\\/\"}},{\"@type\":\"Person\",\"@id\":\"https:\\\/\\\/ugis.it\\\/cms\\\/#\\\/schema\\\/person\\\/3426a286ac779ab16257bc88d3c3f3ae\",\"name\":\"admin\",\"image\":{\"@type\":\"ImageObject\",\"inLanguage\":\"it-IT\",\"@id\":\"https:\\\/\\\/secure.gravatar.com\\\/avatar\\\/d87740ae48acb65bc6e4a43afb77acf4603686788205398cd1ab799afefc609a?s=96&d=mm&r=g\",\"url\":\"https:\\\/\\\/secure.gravatar.com\\\/avatar\\\/d87740ae48acb65bc6e4a43afb77acf4603686788205398cd1ab799afefc609a?s=96&d=mm&r=g\",\"contentUrl\":\"https:\\\/\\\/secure.gravatar.com\\\/avatar\\\/d87740ae48acb65bc6e4a43afb77acf4603686788205398cd1ab799afefc609a?s=96&d=mm&r=g\",\"caption\":\"admin\"},\"url\":\"https:\\\/\\\/ugis.it\\\/cms\\\/author\\\/admin\\\/\"}]}<\/script>\n<!-- \/ Yoast SEO plugin. -->","yoast_head_json":{"title":"Seminario \u201cEffetti a lungo termine dopo l\u2019infezione da Covid-19\u201d, corso in streaming, 25 ottobre 2021 - UGIS","robots":{"index":"index","follow":"follow","max-snippet":"max-snippet:-1","max-image-preview":"max-image-preview:large","max-video-preview":"max-video-preview:-1"},"canonical":"https:\/\/ugis.it\/cms\/seminario-effetti-a-lungo-termine-dopo-linfezione-da-covid-19-corso-in-streaming-25-ottobre-2021\/","og_locale":"it_IT","og_type":"article","og_title":"Seminario \u201cEffetti a lungo termine dopo l\u2019infezione da Covid-19\u201d, corso in streaming, 25 ottobre 2021 - UGIS","og_description":"Promosso da Fast-Federazione delle associazioni scientifiche e tecniche e UGIS -Unione Giornalisti Italiani Scientifici, dalle 17.30 alle 19.30, 2 crediti formativi.","og_url":"https:\/\/ugis.it\/cms\/seminario-effetti-a-lungo-termine-dopo-linfezione-da-covid-19-corso-in-streaming-25-ottobre-2021\/","og_site_name":"UGIS","article_published_time":"2021-10-25T14:41:44+00:00","article_modified_time":"2021-12-01T16:11:04+00:00","author":"admin","twitter_card":"summary_large_image","twitter_misc":{"Scritto da":"admin","Tempo di lettura stimato":"1 minuto"},"schema":{"@context":"https:\/\/schema.org","@graph":[{"@type":"Article","@id":"https:\/\/ugis.it\/cms\/seminario-effetti-a-lungo-termine-dopo-linfezione-da-covid-19-corso-in-streaming-25-ottobre-2021\/#article","isPartOf":{"@id":"https:\/\/ugis.it\/cms\/seminario-effetti-a-lungo-termine-dopo-linfezione-da-covid-19-corso-in-streaming-25-ottobre-2021\/"},"author":{"name":"admin","@id":"https:\/\/ugis.it\/cms\/#\/schema\/person\/3426a286ac779ab16257bc88d3c3f3ae"},"headline":"Seminario \u201cEffetti a lungo termine dopo l\u2019infezione da Covid-19\u201d, corso in streaming, 25 ottobre 2021","datePublished":"2021-10-25T14:41:44+00:00","dateModified":"2021-12-01T16:11:04+00:00","mainEntityOfPage":{"@id":"https:\/\/ugis.it\/cms\/seminario-effetti-a-lungo-termine-dopo-linfezione-da-covid-19-corso-in-streaming-25-ottobre-2021\/"},"wordCount":235,"publisher":{"@id":"https:\/\/ugis.it\/cms\/#organization"},"articleSection":["Associazione","News"],"inLanguage":"it-IT"},{"@type":"WebPage","@id":"https:\/\/ugis.it\/cms\/seminario-effetti-a-lungo-termine-dopo-linfezione-da-covid-19-corso-in-streaming-25-ottobre-2021\/","url":"https:\/\/ugis.it\/cms\/seminario-effetti-a-lungo-termine-dopo-linfezione-da-covid-19-corso-in-streaming-25-ottobre-2021\/","name":"Seminario \u201cEffetti a lungo termine dopo l\u2019infezione da Covid-19\u201d, corso in streaming, 25 ottobre 2021 - UGIS","isPartOf":{"@id":"https:\/\/ugis.it\/cms\/#website"},"datePublished":"2021-10-25T14:41:44+00:00","dateModified":"2021-12-01T16:11:04+00:00","breadcrumb":{"@id":"https:\/\/ugis.it\/cms\/seminario-effetti-a-lungo-termine-dopo-linfezione-da-covid-19-corso-in-streaming-25-ottobre-2021\/#breadcrumb"},"inLanguage":"it-IT","potentialAction":[{"@type":"ReadAction","target":["https:\/\/ugis.it\/cms\/seminario-effetti-a-lungo-termine-dopo-linfezione-da-covid-19-corso-in-streaming-25-ottobre-2021\/"]}]},{"@type":"BreadcrumbList","@id":"https:\/\/ugis.it\/cms\/seminario-effetti-a-lungo-termine-dopo-linfezione-da-covid-19-corso-in-streaming-25-ottobre-2021\/#breadcrumb","itemListElement":[{"@type":"ListItem","position":1,"name":"Home","item":"https:\/\/ugis.it\/cms\/"},{"@type":"ListItem","position":2,"name":"Seminario \u201cEffetti a lungo termine dopo l\u2019infezione da Covid-19\u201d, corso in streaming, 25 ottobre 2021"}]},{"@type":"WebSite","@id":"https:\/\/ugis.it\/cms\/#website","url":"https:\/\/ugis.it\/cms\/","name":"UGIS","description":"Unione Giornalisti Italiani Scientifici","publisher":{"@id":"https:\/\/ugis.it\/cms\/#organization"},"potentialAction":[{"@type":"SearchAction","target":{"@type":"EntryPoint","urlTemplate":"https:\/\/ugis.it\/cms\/?s={search_term_string}"},"query-input":{"@type":"PropertyValueSpecification","valueRequired":true,"valueName":"search_term_string"}}],"inLanguage":"it-IT"},{"@type":"Organization","@id":"https:\/\/ugis.it\/cms\/#organization","name":"UGIS","url":"https:\/\/ugis.it\/cms\/","logo":{"@type":"ImageObject","inLanguage":"it-IT","@id":"https:\/\/ugis.it\/cms\/#\/schema\/logo\/image\/","url":"https:\/\/ugis.it\/cms\/wp-content\/uploads\/2015\/04\/logo-UGIS_colori.jpg","contentUrl":"https:\/\/ugis.it\/cms\/wp-content\/uploads\/2015\/04\/logo-UGIS_colori.jpg","width":198,"height":91,"caption":"UGIS"},"image":{"@id":"https:\/\/ugis.it\/cms\/#\/schema\/logo\/image\/"}},{"@type":"Person","@id":"https:\/\/ugis.it\/cms\/#\/schema\/person\/3426a286ac779ab16257bc88d3c3f3ae","name":"admin","image":{"@type":"ImageObject","inLanguage":"it-IT","@id":"https:\/\/secure.gravatar.com\/avatar\/d87740ae48acb65bc6e4a43afb77acf4603686788205398cd1ab799afefc609a?s=96&d=mm&r=g","url":"https:\/\/secure.gravatar.com\/avatar\/d87740ae48acb65bc6e4a43afb77acf4603686788205398cd1ab799afefc609a?s=96&d=mm&r=g","contentUrl":"https:\/\/secure.gravatar.com\/avatar\/d87740ae48acb65bc6e4a43afb77acf4603686788205398cd1ab799afefc609a?s=96&d=mm&r=g","caption":"admin"},"url":"https:\/\/ugis.it\/cms\/author\/admin\/"}]}},"_links":{"self":[{"href":"https:\/\/ugis.it\/cms\/wp-json\/wp\/v2\/posts\/1579318","targetHints":{"allow":["GET"]}}],"collection":[{"href":"https:\/\/ugis.it\/cms\/wp-json\/wp\/v2\/posts"}],"about":[{"href":"https:\/\/ugis.it\/cms\/wp-json\/wp\/v2\/types\/post"}],"author":[{"embeddable":true,"href":"https:\/\/ugis.it\/cms\/wp-json\/wp\/v2\/users\/6"}],"replies":[{"embeddable":true,"href":"https:\/\/ugis.it\/cms\/wp-json\/wp\/v2\/comments?post=1579318"}],"version-history":[{"count":0,"href":"https:\/\/ugis.it\/cms\/wp-json\/wp\/v2\/posts\/1579318\/revisions"}],"wp:attachment":[{"href":"https:\/\/ugis.it\/cms\/wp-json\/wp\/v2\/media?parent=1579318"}],"wp:term":[{"taxonomy":"category","embeddable":true,"href":"https:\/\/ugis.it\/cms\/wp-json\/wp\/v2\/categories?post=1579318"},{"taxonomy":"post_tag","embeddable":true,"href":"https:\/\/ugis.it\/cms\/wp-json\/wp\/v2\/tags?post=1579318"}],"curies":[{"name":"wp","href":"https:\/\/api.w.org\/{rel}","templated":true}]}}