{"id":1579140,"date":"2021-07-17T13:59:23","date_gmt":"2021-07-17T11:59:23","guid":{"rendered":"https:\/\/ugis.it\/cms\/?p=1579140"},"modified":"2021-07-17T14:01:35","modified_gmt":"2021-07-17T12:01:35","slug":"seminari-ugis-per-giornalisti-nella-rassegna-cortina-tra-le-righe-2021-cortina-dampezzo-5-luglio-2021","status":"publish","type":"post","link":"https:\/\/ugis.it\/cms\/seminari-ugis-per-giornalisti-nella-rassegna-cortina-tra-le-righe-2021-cortina-dampezzo-5-luglio-2021\/","title":{"rendered":"Seminari UGIS per giornalisti nella rassegna \u201cCortina tra le righe\u201d 2021, Cortina d\u2019Ampezzo, 5 luglio 2021"},"content":{"rendered":"<p>Dopo l&#8217;esperienza fruttuosa dei tre corsi del 2020 a Cortina tra le righe, UGIS \u2013 Unione Giornalisti Italiani Scientifici continua nel suo percorso di formazione ai colleghi con due corsi il 5 luglio 2021 di 3 ore ciascuno (con crediti deontologici per i giornalisti iscritti su piattaforma nazionale Sigef): \u201cInformazione sportiva tra deontologia, innovazione e ricerca\u201d e \u201cDeontologia nell&#8217;informazione scientifica: la lezione della pandemia\u201d.<\/p>\n<p>La mattina il seminario su <em><strong>\u201cInformazione sportiva tra deontologia, innovazione e ricerca\u201d<\/strong><\/em> ha permesso di indagare il tema con la collaborazione sinergica di UGIS \u2013 Unione Giornalisti Italiani Scientifici insieme a Fondazione Ordine dei Giornalisti dell\u2019Emilia-Romagna, USSI Unione Stampa Sportiva Italiana e GERGS,\u00a0FAST &#8211; Federazione delle Associazioni Scientifiche e Tecniche, Ethosjob &#8211; Formazione e Comunicazione.<br \/>\nDall&#8217; art. 12 del &#8220;Testo unico dei doveri del giornalista&#8221; al mestiere del cronista sportivo, dagli aspetti etici a quelli internazionali, fino a come innovazione tecnologica e ricerca scientifica hanno influito sulla storia dello sport e il mondo delle notizie sportive negli ultimi 70 anni.<br \/>\nSono intervenuti:\u00a0Germano Bertin, giornalista e direttore di Ethosjob &#8211; Formazione e Comunicazione; Lorenzo Biagi, vicedirettore dello IUSVE, professore ordinario di antropologia filosofica e di etica; Alberto Bortolotti, consigliere nazionale dell\u2019USSI &#8211; Unione Stampa Sportiva Italiana e coordinatore del GERGS &#8211; Gruppo Emilia-Romagna Giornalisti Sportivi; Cristiano Degano, presidente Ordine dei Giornalisti del Friuli Venezia Giulia; Nicola Sbetti, docente di Storia dell\u2019educazione fisica e dello sport, Universit\u00e0 di Bologna. In collegamento web Cinzia Boschiero, responsabile relazioni internazionali UGIS. Ha moderato l\u2019incontro Nadia Grillo, vicepresidente UGIS.<\/p>\n<p>Il seminario UGIS &#8211; Unione Giornalisti Italiani Scientifici del pomeriggio intitolato <em><strong>\u201cDeontologia nell&#8217;informazione scientifica: la lezione della pandemia\u201d<\/strong><\/em> \u00e8 stato dedicato a come il perdurare della pandemia da Covid-19 ha amplificato una riflessione gi\u00e0 in corso da tempo sulla formazione deontologica nell\u2019informazione scientifica e sanitaria, per affrontare il mondo della ricerca nelle notizie. ll Consiglio Nazionale dell\u2019Ordine dei Giornalisti ha integrato l\u2019art. 6 del \u201cTesto Unico dei Doveri del Giornalista\u201d grazie allo stimolo dato dalle indicazioni elaborate nel Manifesto di Piacenza di UGIS (in collaborazione con l\u2019Ordine dei Giornalisti dell\u2019Emilia-Romagna).<br \/>\n\u201cUn passo storico che sta alla base di un percorso e di una missione che UGIS porta avanti da molto tempo: il mondo della ricerca scientifica, il suo impatto nelle notizie e come i media le affrontano \u00e8 una riflessione che coinvolge nei vari territori i colleghi giornalisti con corsi di formazione e deontologia. Quanto sia necessaria una corretta informazione lo ha dimostrato il difficile periodo attraversato segnato dalla pandemia nel quale l\u2019attenzione alla qualit\u00e0 e veridicit\u00e0 delle notizie era ed \u00e8 fondamentale\u201d, spiega Giovanni Caprara, presidente UGIS\u00a0ed editorialista scientifico del Corriere della Sera, che \u00e8 intervenuto in collegamento web.<br \/>\nNel corso sono stati affrontati gli aspetti multidisciplinari e anche gli aggiornamenti sull\u2019impatto dell\u2019emergenza sanitaria nelle notizie su mobilit\u00e0 e trasporto aereo fino ad oggi. Prosegue l\u2019impegno formativo UGIS sul tema in sinergia con vari Ordini dei Giornalisti regionali.<br \/>\nHanno partecipato in collegamento web anche Giovanni Rossi, presidente Ordine dei Giornalisti e Fondazione\u00a0Ordine dei Giornalisti dell\u2019Emilia-Romagna;\u00a0\u00a0Ruben Razzante, docente Diritto dell\u2019informazione all\u2019Universit\u00e0 Cattolica di Milano e membro Unit\u00e0 di monitoraggio per contrasto della diffusione di fake\u00a0news su Covid-19;\u00a0 Cristiano Degano, presidente Ordine dei Giornalisti del Friuli Venezia\u00a0Giulia;\u00a0Eugenio Sorrentino, tesoriere UGIS, responsabile ufficio stampa SACBO\u00a0Aeroporto di Milano Bergamo;\u00a0Fabrizio S. Bovi, coordinatore gruppo Scienze Aeronautuche\u00a0UGIS.<br \/>\nAltri relatori in sala, Alberto Pieri, vicepresidente vicario\u00a0UGIS; Nadia Grillo, vicepresidente UGIS;\u00a0Alberto Sinigaglia, presidente Ordine\u00a0dei Giornalisti del Piemonte;\u00a0Germano Bertin,\u00a0giornalista esperto di etica\u00a0e professioni, direttore di Ethosjob &#8211; Formazione e Comunicazione.<\/p>\n<p>Dopo il corso pomeridiano \u00e8 stato brevemente\u00a0 illustrato, in vista delle presentazioni future, il percorso di un progetto di formazione e supporto all\u2019attivit\u00e0 professionale dei giornalisti, ispirato dai temi sia dei tre corsi della giornata UGIS a \u201cCortina tra le Righe\u201d 2020\u00a0che dal\u00a0 Manifesto di Piacenza\u00a0UGIS e sviluppato\u00a0nel 2021 in un lavoro di approfondimento con Ethosjob &#8211; Formazione e Comunicazione, concretizzato nel <strong>volume di prossima uscita <em>\u201cInformazione e pandemia: tra etica, scienza e conoscenza\u201d<\/em><\/strong> (Ed. Ethosjob nella Collana Etica e Professioni).<\/p>\n<p>&nbsp;<\/p>\n\n\t\t<style type=\"text\/css\">\n\t\t\t#gallery-1 {\n\t\t\t\tmargin: auto;\n\t\t\t}\n\t\t\t#gallery-1 .gallery-item {\n\t\t\t\tfloat: left;\n\t\t\t\tmargin-top: 10px;\n\t\t\t\ttext-align: center;\n\t\t\t\twidth: 25%;\n\t\t\t}\n\t\t\t#gallery-1 img {\n\t\t\t\tborder: 2px solid #cfcfcf;\n\t\t\t}\n\t\t\t#gallery-1 .gallery-caption {\n\t\t\t\tmargin-left: 0;\n\t\t\t}\n\t\t\t\/* see gallery_shortcode() in wp-includes\/media.php *\/\n\t\t<\/style>\n\t\t<div id='gallery-1' class='gallery galleryid-1579140 gallery-columns-4 gallery-size-thumbnail'><dl class='gallery-item'>\n\t\t\t<dt class='gallery-icon landscape'>\n\t\t\t\t<a href='https:\/\/ugis.it\/cms\/wp-content\/uploads\/2021\/07\/UGIS-1_CTR2021-corso-mattina_05_07_2021.jpg'><img loading=\"lazy\" decoding=\"async\" width=\"150\" height=\"150\" src=\"https:\/\/ugis.it\/cms\/wp-content\/uploads\/2021\/07\/UGIS-1_CTR2021-corso-mattina_05_07_2021-150x150.jpg\" class=\"attachment-thumbnail size-thumbnail\" alt=\"\" \/><\/a>\n\t\t\t<\/dt><\/dl><dl class='gallery-item'>\n\t\t\t<dt class='gallery-icon landscape'>\n\t\t\t\t<a href='https:\/\/ugis.it\/cms\/wp-content\/uploads\/2021\/07\/UGIS-2_CTR2021-corso-mattina_05_07_2021.jpg'><img loading=\"lazy\" decoding=\"async\" width=\"150\" height=\"150\" src=\"https:\/\/ugis.it\/cms\/wp-content\/uploads\/2021\/07\/UGIS-2_CTR2021-corso-mattina_05_07_2021-150x150.jpg\" class=\"attachment-thumbnail size-thumbnail\" alt=\"\" \/><\/a>\n\t\t\t<\/dt><\/dl><dl class='gallery-item'>\n\t\t\t<dt class='gallery-icon landscape'>\n\t\t\t\t<a href='https:\/\/ugis.it\/cms\/wp-content\/uploads\/2021\/07\/UGIS-3_CTR2021-corso-pomeriggio_05_07_2021.jpg'><img loading=\"lazy\" decoding=\"async\" width=\"150\" height=\"150\" src=\"https:\/\/ugis.it\/cms\/wp-content\/uploads\/2021\/07\/UGIS-3_CTR2021-corso-pomeriggio_05_07_2021-150x150.jpg\" class=\"attachment-thumbnail size-thumbnail\" alt=\"\" \/><\/a>\n\t\t\t<\/dt><\/dl><dl class='gallery-item'>\n\t\t\t<dt class='gallery-icon portrait'>\n\t\t\t\t<a href='https:\/\/ugis.it\/cms\/wp-content\/uploads\/2021\/07\/UGIS-4_CTR2021-corso-pomeriggio_05_07_2021.jpg'><img loading=\"lazy\" decoding=\"async\" width=\"150\" height=\"150\" src=\"https:\/\/ugis.it\/cms\/wp-content\/uploads\/2021\/07\/UGIS-4_CTR2021-corso-pomeriggio_05_07_2021-150x150.jpg\" class=\"attachment-thumbnail size-thumbnail\" alt=\"\" \/><\/a>\n\t\t\t<\/dt><\/dl><br style=\"clear: both\" \/><dl class='gallery-item'>\n\t\t\t<dt class='gallery-icon landscape'>\n\t\t\t\t<a href='https:\/\/ugis.it\/cms\/wp-content\/uploads\/2021\/07\/UGIS-5_CTR2021-corso-pomeriggio_-05_07_2021.jpg'><img loading=\"lazy\" decoding=\"async\" width=\"150\" height=\"150\" src=\"https:\/\/ugis.it\/cms\/wp-content\/uploads\/2021\/07\/UGIS-5_CTR2021-corso-pomeriggio_-05_07_2021-150x150.jpg\" class=\"attachment-thumbnail size-thumbnail\" alt=\"\" \/><\/a>\n\t\t\t<\/dt><\/dl><dl class='gallery-item'>\n\t\t\t<dt class='gallery-icon landscape'>\n\t\t\t\t<a href='https:\/\/ugis.it\/cms\/wp-content\/uploads\/2021\/07\/UGIS-6_CTR2021-corso-pomeriggio_-05_07_2021.jpg'><img loading=\"lazy\" decoding=\"async\" width=\"150\" height=\"150\" src=\"https:\/\/ugis.it\/cms\/wp-content\/uploads\/2021\/07\/UGIS-6_CTR2021-corso-pomeriggio_-05_07_2021-150x150.jpg\" class=\"attachment-thumbnail size-thumbnail\" alt=\"\" \/><\/a>\n\t\t\t<\/dt><\/dl><dl class='gallery-item'>\n\t\t\t<dt class='gallery-icon landscape'>\n\t\t\t\t<a href='https:\/\/ugis.it\/cms\/wp-content\/uploads\/2021\/07\/UGIS-7_CTR2021-corso-pomeriggio_-05_07_2021.jpg'><img loading=\"lazy\" decoding=\"async\" width=\"150\" height=\"150\" src=\"https:\/\/ugis.it\/cms\/wp-content\/uploads\/2021\/07\/UGIS-7_CTR2021-corso-pomeriggio_-05_07_2021-150x150.jpg\" class=\"attachment-thumbnail size-thumbnail\" alt=\"\" \/><\/a>\n\t\t\t<\/dt><\/dl><dl class='gallery-item'>\n\t\t\t<dt class='gallery-icon landscape'>\n\t\t\t\t<a href='https:\/\/ugis.it\/cms\/wp-content\/uploads\/2021\/07\/UGIS-8_-CTR-2021_05_07_2021.jpg'><img loading=\"lazy\" decoding=\"async\" width=\"150\" height=\"150\" src=\"https:\/\/ugis.it\/cms\/wp-content\/uploads\/2021\/07\/UGIS-8_-CTR-2021_05_07_2021-150x150.jpg\" class=\"attachment-thumbnail size-thumbnail\" alt=\"\" \/><\/a>\n\t\t\t<\/dt><\/dl><br style=\"clear: both\" \/>\n\t\t<\/div>\n\n","protected":false},"excerpt":{"rendered":"<h6>Dopo l&#8217;esperienza fruttuosa dei tre corsi del 2020 a Cortina tra le righe, UGIS continua nel suo percorso di formazione ai colleghi <\/h6>\n","protected":false},"author":6,"featured_media":0,"comment_status":"closed","ping_status":"closed","sticky":false,"template":"","format":"image","meta":{"_et_pb_use_builder":"","_et_pb_old_content":"","_et_gb_content_width":"","footnotes":""},"categories":[13,1],"tags":[],"class_list":["post-1579140","post","type-post","status-publish","format-image","hentry","category-associazione","category-news","post_format-post-format-image"],"yoast_head":"<!-- This site is optimized with the Yoast SEO plugin v27.4 - https:\/\/yoast.com\/product\/yoast-seo-wordpress\/ -->\n<title>Seminari UGIS per giornalisti nella rassegna \u201cCortina tra le righe\u201d 2021, Cortina d\u2019Ampezzo, 5 luglio 2021 - UGIS<\/title>\n<meta name=\"robots\" content=\"index, follow, max-snippet:-1, max-image-preview:large, max-video-preview:-1\" \/>\n<link rel=\"canonical\" href=\"https:\/\/ugis.it\/cms\/seminari-ugis-per-giornalisti-nella-rassegna-cortina-tra-le-righe-2021-cortina-dampezzo-5-luglio-2021\/\" \/>\n<meta property=\"og:locale\" content=\"it_IT\" \/>\n<meta property=\"og:type\" content=\"article\" \/>\n<meta property=\"og:title\" content=\"Seminari UGIS per giornalisti nella rassegna \u201cCortina tra le righe\u201d 2021, Cortina d\u2019Ampezzo, 5 luglio 2021 - UGIS\" \/>\n<meta property=\"og:description\" content=\"Dopo l&#039;esperienza fruttuosa dei tre corsi del 2020 a Cortina tra le righe, UGIS continua nel suo percorso di formazione ai colleghi\" \/>\n<meta property=\"og:url\" content=\"https:\/\/ugis.it\/cms\/seminari-ugis-per-giornalisti-nella-rassegna-cortina-tra-le-righe-2021-cortina-dampezzo-5-luglio-2021\/\" \/>\n<meta property=\"og:site_name\" content=\"UGIS\" \/>\n<meta property=\"article:published_time\" content=\"2021-07-17T11:59:23+00:00\" \/>\n<meta property=\"article:modified_time\" content=\"2021-07-17T12:01:35+00:00\" \/>\n<meta property=\"og:image\" content=\"https:\/\/ugis.it\/cms\/wp-content\/uploads\/2021\/07\/UGIS-1_CTR2021-corso-mattina_05_07_2021-150x150.jpg\" \/>\n<meta name=\"author\" content=\"admin\" \/>\n<meta name=\"twitter:card\" content=\"summary_large_image\" \/>\n<meta name=\"twitter:label1\" content=\"Scritto da\" \/>\n\t<meta name=\"twitter:data1\" content=\"admin\" \/>\n\t<meta name=\"twitter:label2\" content=\"Tempo di lettura stimato\" \/>\n\t<meta name=\"twitter:data2\" content=\"3 minuti\" \/>\n<script type=\"application\/ld+json\" class=\"yoast-schema-graph\">{\"@context\":\"https:\\\/\\\/schema.org\",\"@graph\":[{\"@type\":\"Article\",\"@id\":\"https:\\\/\\\/ugis.it\\\/cms\\\/seminari-ugis-per-giornalisti-nella-rassegna-cortina-tra-le-righe-2021-cortina-dampezzo-5-luglio-2021\\\/#article\",\"isPartOf\":{\"@id\":\"https:\\\/\\\/ugis.it\\\/cms\\\/seminari-ugis-per-giornalisti-nella-rassegna-cortina-tra-le-righe-2021-cortina-dampezzo-5-luglio-2021\\\/\"},\"author\":{\"name\":\"admin\",\"@id\":\"https:\\\/\\\/ugis.it\\\/cms\\\/#\\\/schema\\\/person\\\/3426a286ac779ab16257bc88d3c3f3ae\"},\"headline\":\"Seminari UGIS per giornalisti nella rassegna \u201cCortina tra le righe\u201d 2021, Cortina d\u2019Ampezzo, 5 luglio 2021\",\"datePublished\":\"2021-07-17T11:59:23+00:00\",\"dateModified\":\"2021-07-17T12:01:35+00:00\",\"mainEntityOfPage\":{\"@id\":\"https:\\\/\\\/ugis.it\\\/cms\\\/seminari-ugis-per-giornalisti-nella-rassegna-cortina-tra-le-righe-2021-cortina-dampezzo-5-luglio-2021\\\/\"},\"wordCount\":694,\"publisher\":{\"@id\":\"https:\\\/\\\/ugis.it\\\/cms\\\/#organization\"},\"articleSection\":[\"Associazione\",\"News\"],\"inLanguage\":\"it-IT\"},{\"@type\":\"WebPage\",\"@id\":\"https:\\\/\\\/ugis.it\\\/cms\\\/seminari-ugis-per-giornalisti-nella-rassegna-cortina-tra-le-righe-2021-cortina-dampezzo-5-luglio-2021\\\/\",\"url\":\"https:\\\/\\\/ugis.it\\\/cms\\\/seminari-ugis-per-giornalisti-nella-rassegna-cortina-tra-le-righe-2021-cortina-dampezzo-5-luglio-2021\\\/\",\"name\":\"Seminari UGIS per giornalisti nella rassegna \u201cCortina tra le righe\u201d 2021, Cortina d\u2019Ampezzo, 5 luglio 2021 - UGIS\",\"isPartOf\":{\"@id\":\"https:\\\/\\\/ugis.it\\\/cms\\\/#website\"},\"datePublished\":\"2021-07-17T11:59:23+00:00\",\"dateModified\":\"2021-07-17T12:01:35+00:00\",\"breadcrumb\":{\"@id\":\"https:\\\/\\\/ugis.it\\\/cms\\\/seminari-ugis-per-giornalisti-nella-rassegna-cortina-tra-le-righe-2021-cortina-dampezzo-5-luglio-2021\\\/#breadcrumb\"},\"inLanguage\":\"it-IT\",\"potentialAction\":[{\"@type\":\"ReadAction\",\"target\":[\"https:\\\/\\\/ugis.it\\\/cms\\\/seminari-ugis-per-giornalisti-nella-rassegna-cortina-tra-le-righe-2021-cortina-dampezzo-5-luglio-2021\\\/\"]}]},{\"@type\":\"BreadcrumbList\",\"@id\":\"https:\\\/\\\/ugis.it\\\/cms\\\/seminari-ugis-per-giornalisti-nella-rassegna-cortina-tra-le-righe-2021-cortina-dampezzo-5-luglio-2021\\\/#breadcrumb\",\"itemListElement\":[{\"@type\":\"ListItem\",\"position\":1,\"name\":\"Home\",\"item\":\"https:\\\/\\\/ugis.it\\\/cms\\\/\"},{\"@type\":\"ListItem\",\"position\":2,\"name\":\"Seminari UGIS per giornalisti nella rassegna \u201cCortina tra le righe\u201d 2021, Cortina d\u2019Ampezzo, 5 luglio 2021\"}]},{\"@type\":\"WebSite\",\"@id\":\"https:\\\/\\\/ugis.it\\\/cms\\\/#website\",\"url\":\"https:\\\/\\\/ugis.it\\\/cms\\\/\",\"name\":\"UGIS\",\"description\":\"Unione Giornalisti Italiani Scientifici\",\"publisher\":{\"@id\":\"https:\\\/\\\/ugis.it\\\/cms\\\/#organization\"},\"potentialAction\":[{\"@type\":\"SearchAction\",\"target\":{\"@type\":\"EntryPoint\",\"urlTemplate\":\"https:\\\/\\\/ugis.it\\\/cms\\\/?s={search_term_string}\"},\"query-input\":{\"@type\":\"PropertyValueSpecification\",\"valueRequired\":true,\"valueName\":\"search_term_string\"}}],\"inLanguage\":\"it-IT\"},{\"@type\":\"Organization\",\"@id\":\"https:\\\/\\\/ugis.it\\\/cms\\\/#organization\",\"name\":\"UGIS\",\"url\":\"https:\\\/\\\/ugis.it\\\/cms\\\/\",\"logo\":{\"@type\":\"ImageObject\",\"inLanguage\":\"it-IT\",\"@id\":\"https:\\\/\\\/ugis.it\\\/cms\\\/#\\\/schema\\\/logo\\\/image\\\/\",\"url\":\"https:\\\/\\\/ugis.it\\\/cms\\\/wp-content\\\/uploads\\\/2015\\\/04\\\/logo-UGIS_colori.jpg\",\"contentUrl\":\"https:\\\/\\\/ugis.it\\\/cms\\\/wp-content\\\/uploads\\\/2015\\\/04\\\/logo-UGIS_colori.jpg\",\"width\":198,\"height\":91,\"caption\":\"UGIS\"},\"image\":{\"@id\":\"https:\\\/\\\/ugis.it\\\/cms\\\/#\\\/schema\\\/logo\\\/image\\\/\"}},{\"@type\":\"Person\",\"@id\":\"https:\\\/\\\/ugis.it\\\/cms\\\/#\\\/schema\\\/person\\\/3426a286ac779ab16257bc88d3c3f3ae\",\"name\":\"admin\",\"image\":{\"@type\":\"ImageObject\",\"inLanguage\":\"it-IT\",\"@id\":\"https:\\\/\\\/secure.gravatar.com\\\/avatar\\\/d87740ae48acb65bc6e4a43afb77acf4603686788205398cd1ab799afefc609a?s=96&d=mm&r=g\",\"url\":\"https:\\\/\\\/secure.gravatar.com\\\/avatar\\\/d87740ae48acb65bc6e4a43afb77acf4603686788205398cd1ab799afefc609a?s=96&d=mm&r=g\",\"contentUrl\":\"https:\\\/\\\/secure.gravatar.com\\\/avatar\\\/d87740ae48acb65bc6e4a43afb77acf4603686788205398cd1ab799afefc609a?s=96&d=mm&r=g\",\"caption\":\"admin\"},\"url\":\"https:\\\/\\\/ugis.it\\\/cms\\\/author\\\/admin\\\/\"}]}<\/script>\n<!-- \/ Yoast SEO plugin. -->","yoast_head_json":{"title":"Seminari UGIS per giornalisti nella rassegna \u201cCortina tra le righe\u201d 2021, Cortina d\u2019Ampezzo, 5 luglio 2021 - UGIS","robots":{"index":"index","follow":"follow","max-snippet":"max-snippet:-1","max-image-preview":"max-image-preview:large","max-video-preview":"max-video-preview:-1"},"canonical":"https:\/\/ugis.it\/cms\/seminari-ugis-per-giornalisti-nella-rassegna-cortina-tra-le-righe-2021-cortina-dampezzo-5-luglio-2021\/","og_locale":"it_IT","og_type":"article","og_title":"Seminari UGIS per giornalisti nella rassegna \u201cCortina tra le righe\u201d 2021, Cortina d\u2019Ampezzo, 5 luglio 2021 - UGIS","og_description":"Dopo l'esperienza fruttuosa dei tre corsi del 2020 a Cortina tra le righe, UGIS continua nel suo percorso di formazione ai colleghi","og_url":"https:\/\/ugis.it\/cms\/seminari-ugis-per-giornalisti-nella-rassegna-cortina-tra-le-righe-2021-cortina-dampezzo-5-luglio-2021\/","og_site_name":"UGIS","article_published_time":"2021-07-17T11:59:23+00:00","article_modified_time":"2021-07-17T12:01:35+00:00","og_image":[{"url":"https:\/\/ugis.it\/cms\/wp-content\/uploads\/2021\/07\/UGIS-1_CTR2021-corso-mattina_05_07_2021-150x150.jpg","type":"","width":"","height":""}],"author":"admin","twitter_card":"summary_large_image","twitter_misc":{"Scritto da":"admin","Tempo di lettura stimato":"3 minuti"},"schema":{"@context":"https:\/\/schema.org","@graph":[{"@type":"Article","@id":"https:\/\/ugis.it\/cms\/seminari-ugis-per-giornalisti-nella-rassegna-cortina-tra-le-righe-2021-cortina-dampezzo-5-luglio-2021\/#article","isPartOf":{"@id":"https:\/\/ugis.it\/cms\/seminari-ugis-per-giornalisti-nella-rassegna-cortina-tra-le-righe-2021-cortina-dampezzo-5-luglio-2021\/"},"author":{"name":"admin","@id":"https:\/\/ugis.it\/cms\/#\/schema\/person\/3426a286ac779ab16257bc88d3c3f3ae"},"headline":"Seminari UGIS per giornalisti nella rassegna \u201cCortina tra le righe\u201d 2021, Cortina d\u2019Ampezzo, 5 luglio 2021","datePublished":"2021-07-17T11:59:23+00:00","dateModified":"2021-07-17T12:01:35+00:00","mainEntityOfPage":{"@id":"https:\/\/ugis.it\/cms\/seminari-ugis-per-giornalisti-nella-rassegna-cortina-tra-le-righe-2021-cortina-dampezzo-5-luglio-2021\/"},"wordCount":694,"publisher":{"@id":"https:\/\/ugis.it\/cms\/#organization"},"articleSection":["Associazione","News"],"inLanguage":"it-IT"},{"@type":"WebPage","@id":"https:\/\/ugis.it\/cms\/seminari-ugis-per-giornalisti-nella-rassegna-cortina-tra-le-righe-2021-cortina-dampezzo-5-luglio-2021\/","url":"https:\/\/ugis.it\/cms\/seminari-ugis-per-giornalisti-nella-rassegna-cortina-tra-le-righe-2021-cortina-dampezzo-5-luglio-2021\/","name":"Seminari UGIS per giornalisti nella rassegna \u201cCortina tra le righe\u201d 2021, Cortina d\u2019Ampezzo, 5 luglio 2021 - UGIS","isPartOf":{"@id":"https:\/\/ugis.it\/cms\/#website"},"datePublished":"2021-07-17T11:59:23+00:00","dateModified":"2021-07-17T12:01:35+00:00","breadcrumb":{"@id":"https:\/\/ugis.it\/cms\/seminari-ugis-per-giornalisti-nella-rassegna-cortina-tra-le-righe-2021-cortina-dampezzo-5-luglio-2021\/#breadcrumb"},"inLanguage":"it-IT","potentialAction":[{"@type":"ReadAction","target":["https:\/\/ugis.it\/cms\/seminari-ugis-per-giornalisti-nella-rassegna-cortina-tra-le-righe-2021-cortina-dampezzo-5-luglio-2021\/"]}]},{"@type":"BreadcrumbList","@id":"https:\/\/ugis.it\/cms\/seminari-ugis-per-giornalisti-nella-rassegna-cortina-tra-le-righe-2021-cortina-dampezzo-5-luglio-2021\/#breadcrumb","itemListElement":[{"@type":"ListItem","position":1,"name":"Home","item":"https:\/\/ugis.it\/cms\/"},{"@type":"ListItem","position":2,"name":"Seminari UGIS per giornalisti nella rassegna \u201cCortina tra le righe\u201d 2021, Cortina d\u2019Ampezzo, 5 luglio 2021"}]},{"@type":"WebSite","@id":"https:\/\/ugis.it\/cms\/#website","url":"https:\/\/ugis.it\/cms\/","name":"UGIS","description":"Unione Giornalisti Italiani Scientifici","publisher":{"@id":"https:\/\/ugis.it\/cms\/#organization"},"potentialAction":[{"@type":"SearchAction","target":{"@type":"EntryPoint","urlTemplate":"https:\/\/ugis.it\/cms\/?s={search_term_string}"},"query-input":{"@type":"PropertyValueSpecification","valueRequired":true,"valueName":"search_term_string"}}],"inLanguage":"it-IT"},{"@type":"Organization","@id":"https:\/\/ugis.it\/cms\/#organization","name":"UGIS","url":"https:\/\/ugis.it\/cms\/","logo":{"@type":"ImageObject","inLanguage":"it-IT","@id":"https:\/\/ugis.it\/cms\/#\/schema\/logo\/image\/","url":"https:\/\/ugis.it\/cms\/wp-content\/uploads\/2015\/04\/logo-UGIS_colori.jpg","contentUrl":"https:\/\/ugis.it\/cms\/wp-content\/uploads\/2015\/04\/logo-UGIS_colori.jpg","width":198,"height":91,"caption":"UGIS"},"image":{"@id":"https:\/\/ugis.it\/cms\/#\/schema\/logo\/image\/"}},{"@type":"Person","@id":"https:\/\/ugis.it\/cms\/#\/schema\/person\/3426a286ac779ab16257bc88d3c3f3ae","name":"admin","image":{"@type":"ImageObject","inLanguage":"it-IT","@id":"https:\/\/secure.gravatar.com\/avatar\/d87740ae48acb65bc6e4a43afb77acf4603686788205398cd1ab799afefc609a?s=96&d=mm&r=g","url":"https:\/\/secure.gravatar.com\/avatar\/d87740ae48acb65bc6e4a43afb77acf4603686788205398cd1ab799afefc609a?s=96&d=mm&r=g","contentUrl":"https:\/\/secure.gravatar.com\/avatar\/d87740ae48acb65bc6e4a43afb77acf4603686788205398cd1ab799afefc609a?s=96&d=mm&r=g","caption":"admin"},"url":"https:\/\/ugis.it\/cms\/author\/admin\/"}]}},"_links":{"self":[{"href":"https:\/\/ugis.it\/cms\/wp-json\/wp\/v2\/posts\/1579140","targetHints":{"allow":["GET"]}}],"collection":[{"href":"https:\/\/ugis.it\/cms\/wp-json\/wp\/v2\/posts"}],"about":[{"href":"https:\/\/ugis.it\/cms\/wp-json\/wp\/v2\/types\/post"}],"author":[{"embeddable":true,"href":"https:\/\/ugis.it\/cms\/wp-json\/wp\/v2\/users\/6"}],"replies":[{"embeddable":true,"href":"https:\/\/ugis.it\/cms\/wp-json\/wp\/v2\/comments?post=1579140"}],"version-history":[{"count":0,"href":"https:\/\/ugis.it\/cms\/wp-json\/wp\/v2\/posts\/1579140\/revisions"}],"wp:attachment":[{"href":"https:\/\/ugis.it\/cms\/wp-json\/wp\/v2\/media?parent=1579140"}],"wp:term":[{"taxonomy":"category","embeddable":true,"href":"https:\/\/ugis.it\/cms\/wp-json\/wp\/v2\/categories?post=1579140"},{"taxonomy":"post_tag","embeddable":true,"href":"https:\/\/ugis.it\/cms\/wp-json\/wp\/v2\/tags?post=1579140"}],"curies":[{"name":"wp","href":"https:\/\/api.w.org\/{rel}","templated":true}]}}