{"id":1579093,"date":"2021-03-19T20:47:08","date_gmt":"2021-03-19T19:47:08","guid":{"rendered":"https:\/\/ugis.it\/cms\/?p=1579093"},"modified":"2021-05-06T10:03:05","modified_gmt":"2021-05-06T08:03:05","slug":"seminario-informazione-e-ambiente-corso-in-streaming","status":"publish","type":"post","link":"https:\/\/ugis.it\/cms\/seminario-informazione-e-ambiente-corso-in-streaming\/","title":{"rendered":"Seminario \u201cInformazione e ambiente\u201d<br>corso in streaming, 19 marzo 2021, ore 9.30-12.30"},"content":{"rendered":"<p>Corso promosso da FAST e UGIS<br \/>\nin collaborazione con Gruppo CAP<br \/>\n3 CPF ai giornalisti che si iscrivono direttamente sulla piattaforma S.I.Ge.F nella casella<br \/>\n\u201cCorsi Enti Terzi\u201d, indicando la data, il tipo di referente EFP, il referente FAST e scegliendo il corso<\/p>\n<p><strong>Presentazione<\/strong><\/p>\n<p>Quando la sostenibilit\u00e0 diventa centrale per un&#8217;organizzazione cambia anche il suo modo di comunicare. L\u2019evento vuole far riflettere sulla complessit\u00e0 e sull&#8217;urgenza dei problemi ambientali in una delle epoche pi\u00f9 importanti e decisive che l&#8217;umanit\u00e0 abbia mai conosciuto; si sofferma pure sull&#8217;importanza di formare professionisti della informazione che siano mediatori culturali capaci di trasferire all&#8217;opinione pubblica strategie e azioni efficaci per affrontare le sfide della sostenibilit\u00e0.<br \/>\nFa da sfondo &#8220;Il libro bianco sulla comunicazione ambientale&#8221;, un&#8217;antologia di contributi che spaziano dall&#8217;inquadramento del ruolo del divulgatore sul tema e della sua formazione specifica, che deve allargarsi sempre pi\u00f9 ad altri saperi, fino ai nodi strutturali che tale impegno incontra, indicando le possibili soluzioni.<\/p>\n<p><strong><a href=\"https:\/\/ugis.it\/cms\/wp-content\/uploads\/2021\/05\/FAST_UGIS_Depliant_Seminario_19_03_2021.pdf\" target=\"_blank\" rel=\"noopener noreferrer\">In allegato il programma completo<\/a><\/strong><\/p>\n","protected":false},"excerpt":{"rendered":"<h6>Corso promosso da FAST e UGIS<br \/>\nQuando la sostenibilit\u00e0 diventa centrale per un&#8217;organizzazione cambia anche il suo modo di comunicare<\/h6>\n","protected":false},"author":6,"featured_media":0,"comment_status":"closed","ping_status":"closed","sticky":false,"template":"","format":"image","meta":{"_et_pb_use_builder":"","_et_pb_old_content":"","_et_gb_content_width":"","footnotes":""},"categories":[13,1],"tags":[],"class_list":["post-1579093","post","type-post","status-publish","format-image","hentry","category-associazione","category-news","post_format-post-format-image"],"yoast_head":"<!-- This site is optimized with the Yoast SEO plugin v27.4 - https:\/\/yoast.com\/product\/yoast-seo-wordpress\/ -->\n<title>Seminario \u201cInformazione e ambiente\u201dcorso in streaming, 19 marzo 2021, ore 9.30-12.30 - UGIS<\/title>\n<meta name=\"robots\" content=\"index, follow, max-snippet:-1, max-image-preview:large, max-video-preview:-1\" \/>\n<link rel=\"canonical\" href=\"https:\/\/ugis.it\/cms\/seminario-informazione-e-ambiente-corso-in-streaming\/\" \/>\n<meta property=\"og:locale\" content=\"it_IT\" \/>\n<meta property=\"og:type\" content=\"article\" \/>\n<meta property=\"og:title\" content=\"Seminario \u201cInformazione e ambiente\u201dcorso in streaming, 19 marzo 2021, ore 9.30-12.30 - UGIS\" \/>\n<meta property=\"og:description\" content=\"Corso promosso da FAST e UGIS Quando la sostenibilit\u00e0 diventa centrale per un&#039;organizzazione cambia anche il suo modo di comunicare\" \/>\n<meta property=\"og:url\" content=\"https:\/\/ugis.it\/cms\/seminario-informazione-e-ambiente-corso-in-streaming\/\" \/>\n<meta property=\"og:site_name\" content=\"UGIS\" \/>\n<meta property=\"article:published_time\" content=\"2021-03-19T19:47:08+00:00\" \/>\n<meta property=\"article:modified_time\" content=\"2021-05-06T08:03:05+00:00\" \/>\n<meta name=\"author\" content=\"admin\" \/>\n<meta name=\"twitter:card\" content=\"summary_large_image\" \/>\n<meta name=\"twitter:label1\" content=\"Scritto da\" \/>\n\t<meta name=\"twitter:data1\" content=\"admin\" \/>\n\t<meta name=\"twitter:label2\" content=\"Tempo di lettura stimato\" \/>\n\t<meta name=\"twitter:data2\" content=\"1 minuto\" \/>\n<script type=\"application\/ld+json\" class=\"yoast-schema-graph\">{\"@context\":\"https:\\\/\\\/schema.org\",\"@graph\":[{\"@type\":\"Article\",\"@id\":\"https:\\\/\\\/ugis.it\\\/cms\\\/seminario-informazione-e-ambiente-corso-in-streaming\\\/#article\",\"isPartOf\":{\"@id\":\"https:\\\/\\\/ugis.it\\\/cms\\\/seminario-informazione-e-ambiente-corso-in-streaming\\\/\"},\"author\":{\"name\":\"admin\",\"@id\":\"https:\\\/\\\/ugis.it\\\/cms\\\/#\\\/schema\\\/person\\\/3426a286ac779ab16257bc88d3c3f3ae\"},\"headline\":\"Seminario \u201cInformazione e ambiente\u201d corso in streaming, 19 marzo 2021, ore 9.30-12.30\",\"datePublished\":\"2021-03-19T19:47:08+00:00\",\"dateModified\":\"2021-05-06T08:03:05+00:00\",\"mainEntityOfPage\":{\"@id\":\"https:\\\/\\\/ugis.it\\\/cms\\\/seminario-informazione-e-ambiente-corso-in-streaming\\\/\"},\"wordCount\":180,\"publisher\":{\"@id\":\"https:\\\/\\\/ugis.it\\\/cms\\\/#organization\"},\"articleSection\":[\"Associazione\",\"News\"],\"inLanguage\":\"it-IT\"},{\"@type\":\"WebPage\",\"@id\":\"https:\\\/\\\/ugis.it\\\/cms\\\/seminario-informazione-e-ambiente-corso-in-streaming\\\/\",\"url\":\"https:\\\/\\\/ugis.it\\\/cms\\\/seminario-informazione-e-ambiente-corso-in-streaming\\\/\",\"name\":\"Seminario \u201cInformazione e ambiente\u201d corso in streaming, 19 marzo 2021, ore 9.30-12.30 - UGIS\",\"isPartOf\":{\"@id\":\"https:\\\/\\\/ugis.it\\\/cms\\\/#website\"},\"datePublished\":\"2021-03-19T19:47:08+00:00\",\"dateModified\":\"2021-05-06T08:03:05+00:00\",\"breadcrumb\":{\"@id\":\"https:\\\/\\\/ugis.it\\\/cms\\\/seminario-informazione-e-ambiente-corso-in-streaming\\\/#breadcrumb\"},\"inLanguage\":\"it-IT\",\"potentialAction\":[{\"@type\":\"ReadAction\",\"target\":[\"https:\\\/\\\/ugis.it\\\/cms\\\/seminario-informazione-e-ambiente-corso-in-streaming\\\/\"]}]},{\"@type\":\"BreadcrumbList\",\"@id\":\"https:\\\/\\\/ugis.it\\\/cms\\\/seminario-informazione-e-ambiente-corso-in-streaming\\\/#breadcrumb\",\"itemListElement\":[{\"@type\":\"ListItem\",\"position\":1,\"name\":\"Home\",\"item\":\"https:\\\/\\\/ugis.it\\\/cms\\\/\"},{\"@type\":\"ListItem\",\"position\":2,\"name\":\"Seminario \u201cInformazione e ambiente\u201dcorso in streaming, 19 marzo 2021, ore 9.30-12.30\"}]},{\"@type\":\"WebSite\",\"@id\":\"https:\\\/\\\/ugis.it\\\/cms\\\/#website\",\"url\":\"https:\\\/\\\/ugis.it\\\/cms\\\/\",\"name\":\"UGIS\",\"description\":\"Unione Giornalisti Italiani Scientifici\",\"publisher\":{\"@id\":\"https:\\\/\\\/ugis.it\\\/cms\\\/#organization\"},\"potentialAction\":[{\"@type\":\"SearchAction\",\"target\":{\"@type\":\"EntryPoint\",\"urlTemplate\":\"https:\\\/\\\/ugis.it\\\/cms\\\/?s={search_term_string}\"},\"query-input\":{\"@type\":\"PropertyValueSpecification\",\"valueRequired\":true,\"valueName\":\"search_term_string\"}}],\"inLanguage\":\"it-IT\"},{\"@type\":\"Organization\",\"@id\":\"https:\\\/\\\/ugis.it\\\/cms\\\/#organization\",\"name\":\"UGIS\",\"url\":\"https:\\\/\\\/ugis.it\\\/cms\\\/\",\"logo\":{\"@type\":\"ImageObject\",\"inLanguage\":\"it-IT\",\"@id\":\"https:\\\/\\\/ugis.it\\\/cms\\\/#\\\/schema\\\/logo\\\/image\\\/\",\"url\":\"https:\\\/\\\/ugis.it\\\/cms\\\/wp-content\\\/uploads\\\/2015\\\/04\\\/logo-UGIS_colori.jpg\",\"contentUrl\":\"https:\\\/\\\/ugis.it\\\/cms\\\/wp-content\\\/uploads\\\/2015\\\/04\\\/logo-UGIS_colori.jpg\",\"width\":198,\"height\":91,\"caption\":\"UGIS\"},\"image\":{\"@id\":\"https:\\\/\\\/ugis.it\\\/cms\\\/#\\\/schema\\\/logo\\\/image\\\/\"}},{\"@type\":\"Person\",\"@id\":\"https:\\\/\\\/ugis.it\\\/cms\\\/#\\\/schema\\\/person\\\/3426a286ac779ab16257bc88d3c3f3ae\",\"name\":\"admin\",\"image\":{\"@type\":\"ImageObject\",\"inLanguage\":\"it-IT\",\"@id\":\"https:\\\/\\\/secure.gravatar.com\\\/avatar\\\/d87740ae48acb65bc6e4a43afb77acf4603686788205398cd1ab799afefc609a?s=96&d=mm&r=g\",\"url\":\"https:\\\/\\\/secure.gravatar.com\\\/avatar\\\/d87740ae48acb65bc6e4a43afb77acf4603686788205398cd1ab799afefc609a?s=96&d=mm&r=g\",\"contentUrl\":\"https:\\\/\\\/secure.gravatar.com\\\/avatar\\\/d87740ae48acb65bc6e4a43afb77acf4603686788205398cd1ab799afefc609a?s=96&d=mm&r=g\",\"caption\":\"admin\"},\"url\":\"https:\\\/\\\/ugis.it\\\/cms\\\/author\\\/admin\\\/\"}]}<\/script>\n<!-- \/ Yoast SEO plugin. -->","yoast_head_json":{"title":"Seminario \u201cInformazione e ambiente\u201dcorso in streaming, 19 marzo 2021, ore 9.30-12.30 - UGIS","robots":{"index":"index","follow":"follow","max-snippet":"max-snippet:-1","max-image-preview":"max-image-preview:large","max-video-preview":"max-video-preview:-1"},"canonical":"https:\/\/ugis.it\/cms\/seminario-informazione-e-ambiente-corso-in-streaming\/","og_locale":"it_IT","og_type":"article","og_title":"Seminario \u201cInformazione e ambiente\u201dcorso in streaming, 19 marzo 2021, ore 9.30-12.30 - UGIS","og_description":"Corso promosso da FAST e UGIS Quando la sostenibilit\u00e0 diventa centrale per un'organizzazione cambia anche il suo modo di comunicare","og_url":"https:\/\/ugis.it\/cms\/seminario-informazione-e-ambiente-corso-in-streaming\/","og_site_name":"UGIS","article_published_time":"2021-03-19T19:47:08+00:00","article_modified_time":"2021-05-06T08:03:05+00:00","author":"admin","twitter_card":"summary_large_image","twitter_misc":{"Scritto da":"admin","Tempo di lettura stimato":"1 minuto"},"schema":{"@context":"https:\/\/schema.org","@graph":[{"@type":"Article","@id":"https:\/\/ugis.it\/cms\/seminario-informazione-e-ambiente-corso-in-streaming\/#article","isPartOf":{"@id":"https:\/\/ugis.it\/cms\/seminario-informazione-e-ambiente-corso-in-streaming\/"},"author":{"name":"admin","@id":"https:\/\/ugis.it\/cms\/#\/schema\/person\/3426a286ac779ab16257bc88d3c3f3ae"},"headline":"Seminario \u201cInformazione e ambiente\u201d corso in streaming, 19 marzo 2021, ore 9.30-12.30","datePublished":"2021-03-19T19:47:08+00:00","dateModified":"2021-05-06T08:03:05+00:00","mainEntityOfPage":{"@id":"https:\/\/ugis.it\/cms\/seminario-informazione-e-ambiente-corso-in-streaming\/"},"wordCount":180,"publisher":{"@id":"https:\/\/ugis.it\/cms\/#organization"},"articleSection":["Associazione","News"],"inLanguage":"it-IT"},{"@type":"WebPage","@id":"https:\/\/ugis.it\/cms\/seminario-informazione-e-ambiente-corso-in-streaming\/","url":"https:\/\/ugis.it\/cms\/seminario-informazione-e-ambiente-corso-in-streaming\/","name":"Seminario \u201cInformazione e ambiente\u201d corso in streaming, 19 marzo 2021, ore 9.30-12.30 - UGIS","isPartOf":{"@id":"https:\/\/ugis.it\/cms\/#website"},"datePublished":"2021-03-19T19:47:08+00:00","dateModified":"2021-05-06T08:03:05+00:00","breadcrumb":{"@id":"https:\/\/ugis.it\/cms\/seminario-informazione-e-ambiente-corso-in-streaming\/#breadcrumb"},"inLanguage":"it-IT","potentialAction":[{"@type":"ReadAction","target":["https:\/\/ugis.it\/cms\/seminario-informazione-e-ambiente-corso-in-streaming\/"]}]},{"@type":"BreadcrumbList","@id":"https:\/\/ugis.it\/cms\/seminario-informazione-e-ambiente-corso-in-streaming\/#breadcrumb","itemListElement":[{"@type":"ListItem","position":1,"name":"Home","item":"https:\/\/ugis.it\/cms\/"},{"@type":"ListItem","position":2,"name":"Seminario \u201cInformazione e ambiente\u201dcorso in streaming, 19 marzo 2021, ore 9.30-12.30"}]},{"@type":"WebSite","@id":"https:\/\/ugis.it\/cms\/#website","url":"https:\/\/ugis.it\/cms\/","name":"UGIS","description":"Unione Giornalisti Italiani Scientifici","publisher":{"@id":"https:\/\/ugis.it\/cms\/#organization"},"potentialAction":[{"@type":"SearchAction","target":{"@type":"EntryPoint","urlTemplate":"https:\/\/ugis.it\/cms\/?s={search_term_string}"},"query-input":{"@type":"PropertyValueSpecification","valueRequired":true,"valueName":"search_term_string"}}],"inLanguage":"it-IT"},{"@type":"Organization","@id":"https:\/\/ugis.it\/cms\/#organization","name":"UGIS","url":"https:\/\/ugis.it\/cms\/","logo":{"@type":"ImageObject","inLanguage":"it-IT","@id":"https:\/\/ugis.it\/cms\/#\/schema\/logo\/image\/","url":"https:\/\/ugis.it\/cms\/wp-content\/uploads\/2015\/04\/logo-UGIS_colori.jpg","contentUrl":"https:\/\/ugis.it\/cms\/wp-content\/uploads\/2015\/04\/logo-UGIS_colori.jpg","width":198,"height":91,"caption":"UGIS"},"image":{"@id":"https:\/\/ugis.it\/cms\/#\/schema\/logo\/image\/"}},{"@type":"Person","@id":"https:\/\/ugis.it\/cms\/#\/schema\/person\/3426a286ac779ab16257bc88d3c3f3ae","name":"admin","image":{"@type":"ImageObject","inLanguage":"it-IT","@id":"https:\/\/secure.gravatar.com\/avatar\/d87740ae48acb65bc6e4a43afb77acf4603686788205398cd1ab799afefc609a?s=96&d=mm&r=g","url":"https:\/\/secure.gravatar.com\/avatar\/d87740ae48acb65bc6e4a43afb77acf4603686788205398cd1ab799afefc609a?s=96&d=mm&r=g","contentUrl":"https:\/\/secure.gravatar.com\/avatar\/d87740ae48acb65bc6e4a43afb77acf4603686788205398cd1ab799afefc609a?s=96&d=mm&r=g","caption":"admin"},"url":"https:\/\/ugis.it\/cms\/author\/admin\/"}]}},"_links":{"self":[{"href":"https:\/\/ugis.it\/cms\/wp-json\/wp\/v2\/posts\/1579093","targetHints":{"allow":["GET"]}}],"collection":[{"href":"https:\/\/ugis.it\/cms\/wp-json\/wp\/v2\/posts"}],"about":[{"href":"https:\/\/ugis.it\/cms\/wp-json\/wp\/v2\/types\/post"}],"author":[{"embeddable":true,"href":"https:\/\/ugis.it\/cms\/wp-json\/wp\/v2\/users\/6"}],"replies":[{"embeddable":true,"href":"https:\/\/ugis.it\/cms\/wp-json\/wp\/v2\/comments?post=1579093"}],"version-history":[{"count":0,"href":"https:\/\/ugis.it\/cms\/wp-json\/wp\/v2\/posts\/1579093\/revisions"}],"wp:attachment":[{"href":"https:\/\/ugis.it\/cms\/wp-json\/wp\/v2\/media?parent=1579093"}],"wp:term":[{"taxonomy":"category","embeddable":true,"href":"https:\/\/ugis.it\/cms\/wp-json\/wp\/v2\/categories?post=1579093"},{"taxonomy":"post_tag","embeddable":true,"href":"https:\/\/ugis.it\/cms\/wp-json\/wp\/v2\/tags?post=1579093"}],"curies":[{"name":"wp","href":"https:\/\/api.w.org\/{rel}","templated":true}]}}