{"id":1579086,"date":"2021-02-27T19:42:42","date_gmt":"2021-02-27T18:42:42","guid":{"rendered":"https:\/\/ugis.it\/cms\/?p=1579086"},"modified":"2021-05-04T15:43:47","modified_gmt":"2021-05-04T13:43:47","slug":"seminario-le-cellule-salvavita-corso-in-streaming","status":"publish","type":"post","link":"https:\/\/ugis.it\/cms\/seminario-le-cellule-salvavita-corso-in-streaming\/","title":{"rendered":"Seminario \u201cLe cellule salvavita\u201d<br>corso in streaming, 27 febbraio 2021, ore 14.15-17.30"},"content":{"rendered":"<p>Corso promosso da FAST e UGIS<br \/>\ncon la collaborazione di Fondazione Brunelli Onlus<br \/>\nnell\u2019ambito del ciclo di incontri \u201cSalute in Comune\u201d<br \/>\n3 CPF ai giornalisti che si iscrivono direttamente sulla piattaforma S.I.Ge.F<br \/>\nnella casella \u201cCorsi enti terzi\u201d, indicando la data e referente FAST<\/p>\n<p><strong>Presentazione <\/strong><\/p>\n<p>Sono trascorsi pi\u00f9 di 50 anni dal primo trapianto di cellule staminali eseguito in America su un bambino votato a morte certa per una grave malattia congenita del sangue. Matthew aveva pochi mesi di vita quando \u00e8 stato operato di trapianto di cellule staminali emopoietiche prelevate dal midollo osseo della sorellina di sei anni. Oggi Matthew \u00e8 un uomo adulto, ha quattro figli e gode di ottima salute. Artefice e pioniere di quell\u2019intervento che, in seguito, ha cambiato il destino di migliaia di bambini in tutto il mondo, \u00e8 Richard Gatti, Professore Emeritus alla Scuola di Medicina dell\u2019Universit\u00e0 della California, Los Angeles. In Europa ogni anno vengono trattati con il trapianto di cellule ematopoietiche migliaia di persone tra adulti e bambini affetti da leucemie, linfomi e mielomi; ma anche immunodeficienze primitive e malattie rare. La percentuale di guarigione \u00e8 in continua crescita e ora si attesta attorno al 90% nei bambini e al 50% circa negli adulti. Il prof. Gatti ha sempre sostenuto il valore \u201c salvavita\u201d delle cellule staminali pluripotenti, soprattutto su quelle di provenienza dal midollo osseo e dal cordone ombelicale, riconoscendo a queste ultime un ruolo di mediazione molto importante tra etica e clinica dal momento che consentono di rispettare sia il valore della vita che il diritto dei malati a beneficiare dei progressi della medicina. Il cordone ombelicale infatti \u00e8 una fonte sicura ed importante di cellule staminali plastiche e versatili, con caratteristiche proprie che le rendono meno aggressive dal punto di vista immunologico nei confronti dell\u2019ospite, cosa che consente di usare criteri meno restrittivi in termini di compatibilit\u00e0 nella selezione dell\u2019unit\u00e0 cordonale rispetto alla scelta di un donatore volontario di midollo. Il problema \u00e8 la quantit\u00e0 delle cellule che \u00e8 bassa. In circa 100 ml di sangue aspirato dal cordone sono contenute cellule staminali sufficienti per un trapianto in bambini e giovani adulti sino ad un peso di circa 40-50 kg. Grazie a sofisticate tecniche di laboratorio oggi per\u00f2 le cellule possono essere amplificate, aumentate cio\u00e8 di numero e quindi usate anche per la cura di persone adulte. La vera differenza tra queste cellule staminali rispetto a tutte le altre \u00e8 nella loro facile reperibilit\u00e0; si tratta infatti di utilizzare lo stesso cordone ombelicale che fin dall\u2019 inizio della storia dell\u2019umanit\u00e0 veniva gettato subito dopo il parto perch\u00e9\u2019 inutile. Oggi il cordone ombelicale pu\u00f2 essere conservato in \u201cbanche private\u201d o donato a \u201cbanche pubbliche\u201d, a seconda della legislazione dei differenti Paesi ed essere impiegato sia come riserva di cellule per la salute futura dei figli, sia in caso di compatibilit\u00e0, per trapianti a terzi.<\/p>\n<p><a href=\"https:\/\/ugis.it\/cms\/wp-content\/uploads\/2021\/05\/FAST_UGIS_Cellule_salvavita_27_2_2021_BS.pdf\" target=\"_blank\" rel=\"noopener noreferrer\"><strong>In allegato il programma completo<\/strong><\/a><\/p>\n","protected":false},"excerpt":{"rendered":"<h6>Corso promosso da FAST e UGIS<br \/>con la collaborazione di Fondazione Brunelli Onlus nell\u2019ambito del ciclo di incontri \u201cSalute in Comune\u201d<\/h6>\n","protected":false},"author":6,"featured_media":0,"comment_status":"closed","ping_status":"closed","sticky":false,"template":"","format":"image","meta":{"_et_pb_use_builder":"","_et_pb_old_content":"","_et_gb_content_width":"","footnotes":""},"categories":[13,1],"tags":[],"class_list":["post-1579086","post","type-post","status-publish","format-image","hentry","category-associazione","category-news","post_format-post-format-image"],"yoast_head":"<!-- This site is optimized with the Yoast SEO plugin v27.4 - https:\/\/yoast.com\/product\/yoast-seo-wordpress\/ -->\n<title>Seminario \u201cLe cellule salvavita\u201dcorso in streaming, 27 febbraio 2021, ore 14.15-17.30 - UGIS<\/title>\n<meta name=\"robots\" content=\"index, follow, max-snippet:-1, max-image-preview:large, max-video-preview:-1\" \/>\n<link rel=\"canonical\" href=\"https:\/\/ugis.it\/cms\/seminario-le-cellule-salvavita-corso-in-streaming\/\" \/>\n<meta property=\"og:locale\" content=\"it_IT\" \/>\n<meta property=\"og:type\" content=\"article\" \/>\n<meta property=\"og:title\" content=\"Seminario \u201cLe cellule salvavita\u201dcorso in streaming, 27 febbraio 2021, ore 14.15-17.30 - UGIS\" \/>\n<meta property=\"og:description\" content=\"Corso promosso da FAST e UGIScon la collaborazione di Fondazione Brunelli Onlus nell\u2019ambito del ciclo di incontri \u201cSalute in Comune\u201d\" \/>\n<meta property=\"og:url\" content=\"https:\/\/ugis.it\/cms\/seminario-le-cellule-salvavita-corso-in-streaming\/\" \/>\n<meta property=\"og:site_name\" content=\"UGIS\" \/>\n<meta property=\"article:published_time\" content=\"2021-02-27T18:42:42+00:00\" \/>\n<meta property=\"article:modified_time\" content=\"2021-05-04T13:43:47+00:00\" \/>\n<meta name=\"author\" content=\"admin\" \/>\n<meta name=\"twitter:card\" content=\"summary_large_image\" \/>\n<meta name=\"twitter:label1\" content=\"Scritto da\" \/>\n\t<meta name=\"twitter:data1\" content=\"admin\" \/>\n\t<meta name=\"twitter:label2\" content=\"Tempo di lettura stimato\" \/>\n\t<meta name=\"twitter:data2\" content=\"2 minuti\" \/>\n<script type=\"application\/ld+json\" class=\"yoast-schema-graph\">{\"@context\":\"https:\\\/\\\/schema.org\",\"@graph\":[{\"@type\":\"Article\",\"@id\":\"https:\\\/\\\/ugis.it\\\/cms\\\/seminario-le-cellule-salvavita-corso-in-streaming\\\/#article\",\"isPartOf\":{\"@id\":\"https:\\\/\\\/ugis.it\\\/cms\\\/seminario-le-cellule-salvavita-corso-in-streaming\\\/\"},\"author\":{\"name\":\"admin\",\"@id\":\"https:\\\/\\\/ugis.it\\\/cms\\\/#\\\/schema\\\/person\\\/3426a286ac779ab16257bc88d3c3f3ae\"},\"headline\":\"Seminario \u201cLe cellule salvavita\u201d corso in streaming, 27 febbraio 2021, ore 14.15-17.30\",\"datePublished\":\"2021-02-27T18:42:42+00:00\",\"dateModified\":\"2021-05-04T13:43:47+00:00\",\"mainEntityOfPage\":{\"@id\":\"https:\\\/\\\/ugis.it\\\/cms\\\/seminario-le-cellule-salvavita-corso-in-streaming\\\/\"},\"wordCount\":483,\"publisher\":{\"@id\":\"https:\\\/\\\/ugis.it\\\/cms\\\/#organization\"},\"articleSection\":[\"Associazione\",\"News\"],\"inLanguage\":\"it-IT\"},{\"@type\":\"WebPage\",\"@id\":\"https:\\\/\\\/ugis.it\\\/cms\\\/seminario-le-cellule-salvavita-corso-in-streaming\\\/\",\"url\":\"https:\\\/\\\/ugis.it\\\/cms\\\/seminario-le-cellule-salvavita-corso-in-streaming\\\/\",\"name\":\"Seminario \u201cLe cellule salvavita\u201d corso in streaming, 27 febbraio 2021, ore 14.15-17.30 - UGIS\",\"isPartOf\":{\"@id\":\"https:\\\/\\\/ugis.it\\\/cms\\\/#website\"},\"datePublished\":\"2021-02-27T18:42:42+00:00\",\"dateModified\":\"2021-05-04T13:43:47+00:00\",\"breadcrumb\":{\"@id\":\"https:\\\/\\\/ugis.it\\\/cms\\\/seminario-le-cellule-salvavita-corso-in-streaming\\\/#breadcrumb\"},\"inLanguage\":\"it-IT\",\"potentialAction\":[{\"@type\":\"ReadAction\",\"target\":[\"https:\\\/\\\/ugis.it\\\/cms\\\/seminario-le-cellule-salvavita-corso-in-streaming\\\/\"]}]},{\"@type\":\"BreadcrumbList\",\"@id\":\"https:\\\/\\\/ugis.it\\\/cms\\\/seminario-le-cellule-salvavita-corso-in-streaming\\\/#breadcrumb\",\"itemListElement\":[{\"@type\":\"ListItem\",\"position\":1,\"name\":\"Home\",\"item\":\"https:\\\/\\\/ugis.it\\\/cms\\\/\"},{\"@type\":\"ListItem\",\"position\":2,\"name\":\"Seminario \u201cLe cellule salvavita\u201dcorso in streaming, 27 febbraio 2021, ore 14.15-17.30\"}]},{\"@type\":\"WebSite\",\"@id\":\"https:\\\/\\\/ugis.it\\\/cms\\\/#website\",\"url\":\"https:\\\/\\\/ugis.it\\\/cms\\\/\",\"name\":\"UGIS\",\"description\":\"Unione Giornalisti Italiani Scientifici\",\"publisher\":{\"@id\":\"https:\\\/\\\/ugis.it\\\/cms\\\/#organization\"},\"potentialAction\":[{\"@type\":\"SearchAction\",\"target\":{\"@type\":\"EntryPoint\",\"urlTemplate\":\"https:\\\/\\\/ugis.it\\\/cms\\\/?s={search_term_string}\"},\"query-input\":{\"@type\":\"PropertyValueSpecification\",\"valueRequired\":true,\"valueName\":\"search_term_string\"}}],\"inLanguage\":\"it-IT\"},{\"@type\":\"Organization\",\"@id\":\"https:\\\/\\\/ugis.it\\\/cms\\\/#organization\",\"name\":\"UGIS\",\"url\":\"https:\\\/\\\/ugis.it\\\/cms\\\/\",\"logo\":{\"@type\":\"ImageObject\",\"inLanguage\":\"it-IT\",\"@id\":\"https:\\\/\\\/ugis.it\\\/cms\\\/#\\\/schema\\\/logo\\\/image\\\/\",\"url\":\"https:\\\/\\\/ugis.it\\\/cms\\\/wp-content\\\/uploads\\\/2015\\\/04\\\/logo-UGIS_colori.jpg\",\"contentUrl\":\"https:\\\/\\\/ugis.it\\\/cms\\\/wp-content\\\/uploads\\\/2015\\\/04\\\/logo-UGIS_colori.jpg\",\"width\":198,\"height\":91,\"caption\":\"UGIS\"},\"image\":{\"@id\":\"https:\\\/\\\/ugis.it\\\/cms\\\/#\\\/schema\\\/logo\\\/image\\\/\"}},{\"@type\":\"Person\",\"@id\":\"https:\\\/\\\/ugis.it\\\/cms\\\/#\\\/schema\\\/person\\\/3426a286ac779ab16257bc88d3c3f3ae\",\"name\":\"admin\",\"image\":{\"@type\":\"ImageObject\",\"inLanguage\":\"it-IT\",\"@id\":\"https:\\\/\\\/secure.gravatar.com\\\/avatar\\\/d87740ae48acb65bc6e4a43afb77acf4603686788205398cd1ab799afefc609a?s=96&d=mm&r=g\",\"url\":\"https:\\\/\\\/secure.gravatar.com\\\/avatar\\\/d87740ae48acb65bc6e4a43afb77acf4603686788205398cd1ab799afefc609a?s=96&d=mm&r=g\",\"contentUrl\":\"https:\\\/\\\/secure.gravatar.com\\\/avatar\\\/d87740ae48acb65bc6e4a43afb77acf4603686788205398cd1ab799afefc609a?s=96&d=mm&r=g\",\"caption\":\"admin\"},\"url\":\"https:\\\/\\\/ugis.it\\\/cms\\\/author\\\/admin\\\/\"}]}<\/script>\n<!-- \/ Yoast SEO plugin. -->","yoast_head_json":{"title":"Seminario \u201cLe cellule salvavita\u201dcorso in streaming, 27 febbraio 2021, ore 14.15-17.30 - UGIS","robots":{"index":"index","follow":"follow","max-snippet":"max-snippet:-1","max-image-preview":"max-image-preview:large","max-video-preview":"max-video-preview:-1"},"canonical":"https:\/\/ugis.it\/cms\/seminario-le-cellule-salvavita-corso-in-streaming\/","og_locale":"it_IT","og_type":"article","og_title":"Seminario \u201cLe cellule salvavita\u201dcorso in streaming, 27 febbraio 2021, ore 14.15-17.30 - UGIS","og_description":"Corso promosso da FAST e UGIScon la collaborazione di Fondazione Brunelli Onlus nell\u2019ambito del ciclo di incontri \u201cSalute in Comune\u201d","og_url":"https:\/\/ugis.it\/cms\/seminario-le-cellule-salvavita-corso-in-streaming\/","og_site_name":"UGIS","article_published_time":"2021-02-27T18:42:42+00:00","article_modified_time":"2021-05-04T13:43:47+00:00","author":"admin","twitter_card":"summary_large_image","twitter_misc":{"Scritto da":"admin","Tempo di lettura stimato":"2 minuti"},"schema":{"@context":"https:\/\/schema.org","@graph":[{"@type":"Article","@id":"https:\/\/ugis.it\/cms\/seminario-le-cellule-salvavita-corso-in-streaming\/#article","isPartOf":{"@id":"https:\/\/ugis.it\/cms\/seminario-le-cellule-salvavita-corso-in-streaming\/"},"author":{"name":"admin","@id":"https:\/\/ugis.it\/cms\/#\/schema\/person\/3426a286ac779ab16257bc88d3c3f3ae"},"headline":"Seminario \u201cLe cellule salvavita\u201d corso in streaming, 27 febbraio 2021, ore 14.15-17.30","datePublished":"2021-02-27T18:42:42+00:00","dateModified":"2021-05-04T13:43:47+00:00","mainEntityOfPage":{"@id":"https:\/\/ugis.it\/cms\/seminario-le-cellule-salvavita-corso-in-streaming\/"},"wordCount":483,"publisher":{"@id":"https:\/\/ugis.it\/cms\/#organization"},"articleSection":["Associazione","News"],"inLanguage":"it-IT"},{"@type":"WebPage","@id":"https:\/\/ugis.it\/cms\/seminario-le-cellule-salvavita-corso-in-streaming\/","url":"https:\/\/ugis.it\/cms\/seminario-le-cellule-salvavita-corso-in-streaming\/","name":"Seminario \u201cLe cellule salvavita\u201d corso in streaming, 27 febbraio 2021, ore 14.15-17.30 - UGIS","isPartOf":{"@id":"https:\/\/ugis.it\/cms\/#website"},"datePublished":"2021-02-27T18:42:42+00:00","dateModified":"2021-05-04T13:43:47+00:00","breadcrumb":{"@id":"https:\/\/ugis.it\/cms\/seminario-le-cellule-salvavita-corso-in-streaming\/#breadcrumb"},"inLanguage":"it-IT","potentialAction":[{"@type":"ReadAction","target":["https:\/\/ugis.it\/cms\/seminario-le-cellule-salvavita-corso-in-streaming\/"]}]},{"@type":"BreadcrumbList","@id":"https:\/\/ugis.it\/cms\/seminario-le-cellule-salvavita-corso-in-streaming\/#breadcrumb","itemListElement":[{"@type":"ListItem","position":1,"name":"Home","item":"https:\/\/ugis.it\/cms\/"},{"@type":"ListItem","position":2,"name":"Seminario \u201cLe cellule salvavita\u201dcorso in streaming, 27 febbraio 2021, ore 14.15-17.30"}]},{"@type":"WebSite","@id":"https:\/\/ugis.it\/cms\/#website","url":"https:\/\/ugis.it\/cms\/","name":"UGIS","description":"Unione Giornalisti Italiani Scientifici","publisher":{"@id":"https:\/\/ugis.it\/cms\/#organization"},"potentialAction":[{"@type":"SearchAction","target":{"@type":"EntryPoint","urlTemplate":"https:\/\/ugis.it\/cms\/?s={search_term_string}"},"query-input":{"@type":"PropertyValueSpecification","valueRequired":true,"valueName":"search_term_string"}}],"inLanguage":"it-IT"},{"@type":"Organization","@id":"https:\/\/ugis.it\/cms\/#organization","name":"UGIS","url":"https:\/\/ugis.it\/cms\/","logo":{"@type":"ImageObject","inLanguage":"it-IT","@id":"https:\/\/ugis.it\/cms\/#\/schema\/logo\/image\/","url":"https:\/\/ugis.it\/cms\/wp-content\/uploads\/2015\/04\/logo-UGIS_colori.jpg","contentUrl":"https:\/\/ugis.it\/cms\/wp-content\/uploads\/2015\/04\/logo-UGIS_colori.jpg","width":198,"height":91,"caption":"UGIS"},"image":{"@id":"https:\/\/ugis.it\/cms\/#\/schema\/logo\/image\/"}},{"@type":"Person","@id":"https:\/\/ugis.it\/cms\/#\/schema\/person\/3426a286ac779ab16257bc88d3c3f3ae","name":"admin","image":{"@type":"ImageObject","inLanguage":"it-IT","@id":"https:\/\/secure.gravatar.com\/avatar\/d87740ae48acb65bc6e4a43afb77acf4603686788205398cd1ab799afefc609a?s=96&d=mm&r=g","url":"https:\/\/secure.gravatar.com\/avatar\/d87740ae48acb65bc6e4a43afb77acf4603686788205398cd1ab799afefc609a?s=96&d=mm&r=g","contentUrl":"https:\/\/secure.gravatar.com\/avatar\/d87740ae48acb65bc6e4a43afb77acf4603686788205398cd1ab799afefc609a?s=96&d=mm&r=g","caption":"admin"},"url":"https:\/\/ugis.it\/cms\/author\/admin\/"}]}},"_links":{"self":[{"href":"https:\/\/ugis.it\/cms\/wp-json\/wp\/v2\/posts\/1579086","targetHints":{"allow":["GET"]}}],"collection":[{"href":"https:\/\/ugis.it\/cms\/wp-json\/wp\/v2\/posts"}],"about":[{"href":"https:\/\/ugis.it\/cms\/wp-json\/wp\/v2\/types\/post"}],"author":[{"embeddable":true,"href":"https:\/\/ugis.it\/cms\/wp-json\/wp\/v2\/users\/6"}],"replies":[{"embeddable":true,"href":"https:\/\/ugis.it\/cms\/wp-json\/wp\/v2\/comments?post=1579086"}],"version-history":[{"count":0,"href":"https:\/\/ugis.it\/cms\/wp-json\/wp\/v2\/posts\/1579086\/revisions"}],"wp:attachment":[{"href":"https:\/\/ugis.it\/cms\/wp-json\/wp\/v2\/media?parent=1579086"}],"wp:term":[{"taxonomy":"category","embeddable":true,"href":"https:\/\/ugis.it\/cms\/wp-json\/wp\/v2\/categories?post=1579086"},{"taxonomy":"post_tag","embeddable":true,"href":"https:\/\/ugis.it\/cms\/wp-json\/wp\/v2\/tags?post=1579086"}],"curies":[{"name":"wp","href":"https:\/\/api.w.org\/{rel}","templated":true}]}}