{"id":1579035,"date":"2016-03-23T01:30:10","date_gmt":"2016-03-23T00:30:10","guid":{"rendered":"https:\/\/ugis.it\/cms\/?p=1579035"},"modified":"2025-02-13T16:33:49","modified_gmt":"2025-02-13T15:33:49","slug":"giorgio-pacifici","status":"publish","type":"post","link":"https:\/\/ugis.it\/cms\/giorgio-pacifici\/","title":{"rendered":"Giorgio Pacifici"},"content":{"rendered":"<p>[et_pb_section fb_built=&#8221;1&#8243; admin_label=&#8221;section&#8221; _builder_version=&#8221;4.16&#8243; global_colors_info=&#8221;{}&#8221;][et_pb_row admin_label=&#8221;row&#8221; _builder_version=&#8221;4.16&#8243; background_size=&#8221;initial&#8221; background_position=&#8221;top_left&#8221; background_repeat=&#8221;repeat&#8221; global_colors_info=&#8221;{}&#8221;][et_pb_column type=&#8221;4_4&#8243; _builder_version=&#8221;4.16&#8243; custom_padding=&#8221;|||&#8221; global_colors_info=&#8221;{}&#8221; custom_padding__hover=&#8221;|||&#8221;][et_pb_text _builder_version=&#8221;4.23.1&#8243; background_size=&#8221;initial&#8221; background_position=&#8221;top_left&#8221; background_repeat=&#8221;repeat&#8221; text_orientation=&#8221;justified&#8221; hover_enabled=&#8221;0&#8243; use_border_color=&#8221;off&#8221; border_color=&#8221;#ffffff&#8221; border_style=&#8221;solid&#8221; global_colors_info=&#8221;{}&#8221; sticky_enabled=&#8221;0&#8243;]<\/p>\n<p><img loading=\"lazy\" decoding=\"async\" class=\"alignleft wp-image-1579015\" src=\"https:\/\/ugis.it\/cms\/wp-content\/uploads\/2021\/04\/foto-Giorgio-Pacifici.jpg\" alt=\"\" width=\"232\" height=\"287\" \/><span style=\"font-size: medium;\">\u00c8 nato a Roma il 5\/12\/1962. \u00c8 giornalista professionista iscritto all&#8217;Ordine dei Giornalisti dal 1984, anche autore Tv e documentarista SIAE. \u00c8 giornalista scientifico e dal 2021 \u00e8 membro del consiglio direttivo UGIS &#8211; Unione Giornalisti Italiani scientifici (coordinatore del gruppo \u201cSalute e Lavoro\u201d). Per il triennio 2024-2026 viene nominato secondo vicepresidente UGIS.<\/span><\/p>\n<p><span style=\"font-size: medium;\">Lavora in Rai come Caposervizio al telegiornale TG2, redazione Scienze. Specializzato in tecnologia, scienze, ambiente segue i principali avvenimenti mondiali legati alle cronache scientifiche. \u00c8 anche Delegato Casagit e membro della Consulta di Roma.<\/span><\/p>\n<p align=\"JUSTIFY\"><span style=\"font-size: medium;\">In Rai dal 1989, con reti e testate: Tg2, Rai Internazionale, Giornale Radio, Rai News e nei programmi di informazione di Rai Uno, Rai Due, Rai Tre (in particolare, con Giovanni Minoli). Ha collaborato come autore con Mediaset (\u201cLa Macchina del Tempo\u201d) e La7; come giornalista a EuroNews, Francia.<\/span><\/p>\n<p align=\"JUSTIFY\"><span style=\"font-size: medium;\">Ha vinto un Telegatto come autore, con ideazione originale, del notiziario quotidiano per ragazzi Big News (Rai 1, 1989). Documentari e approfondimenti a carattere tecnologico e scientifico (girati in Italia, Francia, Olanda, Russia, Norvegia, Stati Uniti, Guyana, Kosovo, Kazakistan) hanno ottenuto riconoscimenti internazionali (Image et Science in Francia, Festival Scienza di Genova, Vedere la Scienza di Milano; Discovery Film Fest di Rovereto, Goethe Institut Science Festival of Thailand). E numerosi premi giornalistici (&#8220;Amerigo 2010&#8221; del Dipartimento di Stato Usa per la divulgazione, TV ETICA). \u00c8 stato Direttore Responsabile dei periodici giovanili Il Monello e Cio\u00e8 (1987\/1991).<\/span><\/p>\n<p align=\"JUSTIFY\"><span style=\"font-size: medium;\">Ha insegnato linguaggi televisivi e teoria e tecnica del reportage: al Master del centro ConScientia dell\u2019Universit\u00e0 di Milano, al Master di Comunicazione Scientifica Universit\u00e0 di Tor Vergata (che ha contribuito a creare), all\u2019Universit\u00e0 di Roma Tre, ai corsi della Regione Lazio, all\u2019Istituto Europeo di Design.<\/span><\/p>\n<p align=\"JUSTIFY\"><span style=\"font-size: medium;\">Ospite di trasmissioni come tv reporter, in particolare al canale del National Geographic Channel come protagonista di \u201cCampo Base -Professione Film Maker\u201d. Molto attivo come divulgatore e conferenziere. In particolare, ha presentato la Missione Futura di Samantha Cristoforetti alle Nazioni Unite a Vienna, alla presenza dell\u2019astronauta italiana e in videocollegamento con l\u2019astronauta Luca Parmitano da Houston. Ha seguito i corsi del piano di studi demo-etno-antropologico alla facolt\u00e0 di lettere all\u2019Universit\u00e0 La Sapienza di Roma. Attestati del Centro Sperimentale Televisivo e della Scuola di Cinema Azzurro Scipioni. <\/span><\/p>\n<p>[\/et_pb_text][\/et_pb_column][\/et_pb_row][\/et_pb_section]<\/p>\n","protected":false},"excerpt":{"rendered":"<h6>Giornalista professionista iscritto all\u2019Ordine dei Giornalisti dal 1984, anche autore Tv e documentarista SIAE. \u00c8 giornalista scientifico e dal 2021 \u00e8 membro del consiglio direttivo UGIS. Lavora in Rai come Caposervizio al telegiornale TG2, redazione Scienze. <\/p>\n","protected":false},"author":6,"featured_media":1579002,"comment_status":"closed","ping_status":"closed","sticky":false,"template":"","format":"image","meta":{"_et_pb_use_builder":"on","_et_pb_old_content":"<p>23<\/p>","_et_gb_content_width":"","footnotes":""},"categories":[35],"tags":[],"class_list":["post-1579035","post","type-post","status-publish","format-image","has-post-thumbnail","hentry","category-biografie-dei-soci","post_format-post-format-image"],"yoast_head":"<!-- This site is optimized with the Yoast SEO plugin v27.4 - https:\/\/yoast.com\/product\/yoast-seo-wordpress\/ -->\n<title>Giorgio Pacifici - UGIS<\/title>\n<meta name=\"robots\" content=\"index, follow, max-snippet:-1, max-image-preview:large, max-video-preview:-1\" \/>\n<link rel=\"canonical\" href=\"https:\/\/ugis.it\/cms\/giorgio-pacifici\/\" \/>\n<meta property=\"og:locale\" content=\"it_IT\" \/>\n<meta property=\"og:type\" content=\"article\" \/>\n<meta property=\"og:title\" content=\"Giorgio Pacifici - UGIS\" \/>\n<meta property=\"og:description\" content=\"Giornalista professionista iscritto all\u2019Ordine dei Giornalisti dal 1984, anche autore Tv e documentarista SIAE. \u00c8 giornalista scientifico e dal 2021 \u00e8 membro del consiglio direttivo UGIS. Lavora in Rai come Caposervizio al telegiornale TG2, redazione Scienze.\" \/>\n<meta property=\"og:url\" content=\"https:\/\/ugis.it\/cms\/giorgio-pacifici\/\" \/>\n<meta property=\"og:site_name\" content=\"UGIS\" \/>\n<meta property=\"article:published_time\" content=\"2016-03-23T00:30:10+00:00\" \/>\n<meta property=\"article:modified_time\" content=\"2025-02-13T15:33:49+00:00\" \/>\n<meta property=\"og:image\" content=\"https:\/\/ugis.it\/cms\/wp-content\/uploads\/2021\/04\/4-Giorgio-Pacifici.jpg\" \/>\n\t<meta property=\"og:image:width\" content=\"518\" \/>\n\t<meta property=\"og:image:height\" content=\"640\" \/>\n\t<meta property=\"og:image:type\" content=\"image\/jpeg\" \/>\n<meta name=\"author\" content=\"admin\" \/>\n<meta name=\"twitter:card\" content=\"summary_large_image\" \/>\n<meta name=\"twitter:label1\" content=\"Scritto da\" \/>\n\t<meta name=\"twitter:data1\" content=\"admin\" \/>\n\t<meta name=\"twitter:label2\" content=\"Tempo di lettura stimato\" \/>\n\t<meta name=\"twitter:data2\" content=\"3 minuti\" \/>\n<script type=\"application\/ld+json\" class=\"yoast-schema-graph\">{\"@context\":\"https:\\\/\\\/schema.org\",\"@graph\":[{\"@type\":\"Article\",\"@id\":\"https:\\\/\\\/ugis.it\\\/cms\\\/giorgio-pacifici\\\/#article\",\"isPartOf\":{\"@id\":\"https:\\\/\\\/ugis.it\\\/cms\\\/giorgio-pacifici\\\/\"},\"author\":{\"name\":\"admin\",\"@id\":\"https:\\\/\\\/ugis.it\\\/cms\\\/#\\\/schema\\\/person\\\/3426a286ac779ab16257bc88d3c3f3ae\"},\"headline\":\"Giorgio Pacifici\",\"datePublished\":\"2016-03-23T00:30:10+00:00\",\"dateModified\":\"2025-02-13T15:33:49+00:00\",\"mainEntityOfPage\":{\"@id\":\"https:\\\/\\\/ugis.it\\\/cms\\\/giorgio-pacifici\\\/\"},\"wordCount\":453,\"publisher\":{\"@id\":\"https:\\\/\\\/ugis.it\\\/cms\\\/#organization\"},\"image\":{\"@id\":\"https:\\\/\\\/ugis.it\\\/cms\\\/giorgio-pacifici\\\/#primaryimage\"},\"thumbnailUrl\":\"https:\\\/\\\/ugis.it\\\/cms\\\/wp-content\\\/uploads\\\/2021\\\/04\\\/4-Giorgio-Pacifici.jpg\",\"articleSection\":[\"Biografie dei soci\"],\"inLanguage\":\"it-IT\"},{\"@type\":\"WebPage\",\"@id\":\"https:\\\/\\\/ugis.it\\\/cms\\\/giorgio-pacifici\\\/\",\"url\":\"https:\\\/\\\/ugis.it\\\/cms\\\/giorgio-pacifici\\\/\",\"name\":\"Giorgio Pacifici - UGIS\",\"isPartOf\":{\"@id\":\"https:\\\/\\\/ugis.it\\\/cms\\\/#website\"},\"primaryImageOfPage\":{\"@id\":\"https:\\\/\\\/ugis.it\\\/cms\\\/giorgio-pacifici\\\/#primaryimage\"},\"image\":{\"@id\":\"https:\\\/\\\/ugis.it\\\/cms\\\/giorgio-pacifici\\\/#primaryimage\"},\"thumbnailUrl\":\"https:\\\/\\\/ugis.it\\\/cms\\\/wp-content\\\/uploads\\\/2021\\\/04\\\/4-Giorgio-Pacifici.jpg\",\"datePublished\":\"2016-03-23T00:30:10+00:00\",\"dateModified\":\"2025-02-13T15:33:49+00:00\",\"breadcrumb\":{\"@id\":\"https:\\\/\\\/ugis.it\\\/cms\\\/giorgio-pacifici\\\/#breadcrumb\"},\"inLanguage\":\"it-IT\",\"potentialAction\":[{\"@type\":\"ReadAction\",\"target\":[\"https:\\\/\\\/ugis.it\\\/cms\\\/giorgio-pacifici\\\/\"]}]},{\"@type\":\"ImageObject\",\"inLanguage\":\"it-IT\",\"@id\":\"https:\\\/\\\/ugis.it\\\/cms\\\/giorgio-pacifici\\\/#primaryimage\",\"url\":\"https:\\\/\\\/ugis.it\\\/cms\\\/wp-content\\\/uploads\\\/2021\\\/04\\\/4-Giorgio-Pacifici.jpg\",\"contentUrl\":\"https:\\\/\\\/ugis.it\\\/cms\\\/wp-content\\\/uploads\\\/2021\\\/04\\\/4-Giorgio-Pacifici.jpg\",\"width\":518,\"height\":640,\"caption\":\"Giorgio Pacifici\"},{\"@type\":\"BreadcrumbList\",\"@id\":\"https:\\\/\\\/ugis.it\\\/cms\\\/giorgio-pacifici\\\/#breadcrumb\",\"itemListElement\":[{\"@type\":\"ListItem\",\"position\":1,\"name\":\"Home\",\"item\":\"https:\\\/\\\/ugis.it\\\/cms\\\/\"},{\"@type\":\"ListItem\",\"position\":2,\"name\":\"Giorgio Pacifici\"}]},{\"@type\":\"WebSite\",\"@id\":\"https:\\\/\\\/ugis.it\\\/cms\\\/#website\",\"url\":\"https:\\\/\\\/ugis.it\\\/cms\\\/\",\"name\":\"UGIS\",\"description\":\"Unione Giornalisti Italiani Scientifici\",\"publisher\":{\"@id\":\"https:\\\/\\\/ugis.it\\\/cms\\\/#organization\"},\"potentialAction\":[{\"@type\":\"SearchAction\",\"target\":{\"@type\":\"EntryPoint\",\"urlTemplate\":\"https:\\\/\\\/ugis.it\\\/cms\\\/?s={search_term_string}\"},\"query-input\":{\"@type\":\"PropertyValueSpecification\",\"valueRequired\":true,\"valueName\":\"search_term_string\"}}],\"inLanguage\":\"it-IT\"},{\"@type\":\"Organization\",\"@id\":\"https:\\\/\\\/ugis.it\\\/cms\\\/#organization\",\"name\":\"UGIS\",\"url\":\"https:\\\/\\\/ugis.it\\\/cms\\\/\",\"logo\":{\"@type\":\"ImageObject\",\"inLanguage\":\"it-IT\",\"@id\":\"https:\\\/\\\/ugis.it\\\/cms\\\/#\\\/schema\\\/logo\\\/image\\\/\",\"url\":\"https:\\\/\\\/ugis.it\\\/cms\\\/wp-content\\\/uploads\\\/2015\\\/04\\\/logo-UGIS_colori.jpg\",\"contentUrl\":\"https:\\\/\\\/ugis.it\\\/cms\\\/wp-content\\\/uploads\\\/2015\\\/04\\\/logo-UGIS_colori.jpg\",\"width\":198,\"height\":91,\"caption\":\"UGIS\"},\"image\":{\"@id\":\"https:\\\/\\\/ugis.it\\\/cms\\\/#\\\/schema\\\/logo\\\/image\\\/\"}},{\"@type\":\"Person\",\"@id\":\"https:\\\/\\\/ugis.it\\\/cms\\\/#\\\/schema\\\/person\\\/3426a286ac779ab16257bc88d3c3f3ae\",\"name\":\"admin\",\"image\":{\"@type\":\"ImageObject\",\"inLanguage\":\"it-IT\",\"@id\":\"https:\\\/\\\/secure.gravatar.com\\\/avatar\\\/d87740ae48acb65bc6e4a43afb77acf4603686788205398cd1ab799afefc609a?s=96&d=mm&r=g\",\"url\":\"https:\\\/\\\/secure.gravatar.com\\\/avatar\\\/d87740ae48acb65bc6e4a43afb77acf4603686788205398cd1ab799afefc609a?s=96&d=mm&r=g\",\"contentUrl\":\"https:\\\/\\\/secure.gravatar.com\\\/avatar\\\/d87740ae48acb65bc6e4a43afb77acf4603686788205398cd1ab799afefc609a?s=96&d=mm&r=g\",\"caption\":\"admin\"},\"url\":\"https:\\\/\\\/ugis.it\\\/cms\\\/author\\\/admin\\\/\"}]}<\/script>\n<!-- \/ Yoast SEO plugin. -->","yoast_head_json":{"title":"Giorgio Pacifici - UGIS","robots":{"index":"index","follow":"follow","max-snippet":"max-snippet:-1","max-image-preview":"max-image-preview:large","max-video-preview":"max-video-preview:-1"},"canonical":"https:\/\/ugis.it\/cms\/giorgio-pacifici\/","og_locale":"it_IT","og_type":"article","og_title":"Giorgio Pacifici - UGIS","og_description":"Giornalista professionista iscritto all\u2019Ordine dei Giornalisti dal 1984, anche autore Tv e documentarista SIAE. \u00c8 giornalista scientifico e dal 2021 \u00e8 membro del consiglio direttivo UGIS. Lavora in Rai come Caposervizio al telegiornale TG2, redazione Scienze.","og_url":"https:\/\/ugis.it\/cms\/giorgio-pacifici\/","og_site_name":"UGIS","article_published_time":"2016-03-23T00:30:10+00:00","article_modified_time":"2025-02-13T15:33:49+00:00","og_image":[{"width":518,"height":640,"url":"https:\/\/ugis.it\/cms\/wp-content\/uploads\/2021\/04\/4-Giorgio-Pacifici.jpg","type":"image\/jpeg"}],"author":"admin","twitter_card":"summary_large_image","twitter_misc":{"Scritto da":"admin","Tempo di lettura stimato":"3 minuti"},"schema":{"@context":"https:\/\/schema.org","@graph":[{"@type":"Article","@id":"https:\/\/ugis.it\/cms\/giorgio-pacifici\/#article","isPartOf":{"@id":"https:\/\/ugis.it\/cms\/giorgio-pacifici\/"},"author":{"name":"admin","@id":"https:\/\/ugis.it\/cms\/#\/schema\/person\/3426a286ac779ab16257bc88d3c3f3ae"},"headline":"Giorgio Pacifici","datePublished":"2016-03-23T00:30:10+00:00","dateModified":"2025-02-13T15:33:49+00:00","mainEntityOfPage":{"@id":"https:\/\/ugis.it\/cms\/giorgio-pacifici\/"},"wordCount":453,"publisher":{"@id":"https:\/\/ugis.it\/cms\/#organization"},"image":{"@id":"https:\/\/ugis.it\/cms\/giorgio-pacifici\/#primaryimage"},"thumbnailUrl":"https:\/\/ugis.it\/cms\/wp-content\/uploads\/2021\/04\/4-Giorgio-Pacifici.jpg","articleSection":["Biografie dei soci"],"inLanguage":"it-IT"},{"@type":"WebPage","@id":"https:\/\/ugis.it\/cms\/giorgio-pacifici\/","url":"https:\/\/ugis.it\/cms\/giorgio-pacifici\/","name":"Giorgio Pacifici - UGIS","isPartOf":{"@id":"https:\/\/ugis.it\/cms\/#website"},"primaryImageOfPage":{"@id":"https:\/\/ugis.it\/cms\/giorgio-pacifici\/#primaryimage"},"image":{"@id":"https:\/\/ugis.it\/cms\/giorgio-pacifici\/#primaryimage"},"thumbnailUrl":"https:\/\/ugis.it\/cms\/wp-content\/uploads\/2021\/04\/4-Giorgio-Pacifici.jpg","datePublished":"2016-03-23T00:30:10+00:00","dateModified":"2025-02-13T15:33:49+00:00","breadcrumb":{"@id":"https:\/\/ugis.it\/cms\/giorgio-pacifici\/#breadcrumb"},"inLanguage":"it-IT","potentialAction":[{"@type":"ReadAction","target":["https:\/\/ugis.it\/cms\/giorgio-pacifici\/"]}]},{"@type":"ImageObject","inLanguage":"it-IT","@id":"https:\/\/ugis.it\/cms\/giorgio-pacifici\/#primaryimage","url":"https:\/\/ugis.it\/cms\/wp-content\/uploads\/2021\/04\/4-Giorgio-Pacifici.jpg","contentUrl":"https:\/\/ugis.it\/cms\/wp-content\/uploads\/2021\/04\/4-Giorgio-Pacifici.jpg","width":518,"height":640,"caption":"Giorgio Pacifici"},{"@type":"BreadcrumbList","@id":"https:\/\/ugis.it\/cms\/giorgio-pacifici\/#breadcrumb","itemListElement":[{"@type":"ListItem","position":1,"name":"Home","item":"https:\/\/ugis.it\/cms\/"},{"@type":"ListItem","position":2,"name":"Giorgio Pacifici"}]},{"@type":"WebSite","@id":"https:\/\/ugis.it\/cms\/#website","url":"https:\/\/ugis.it\/cms\/","name":"UGIS","description":"Unione Giornalisti Italiani Scientifici","publisher":{"@id":"https:\/\/ugis.it\/cms\/#organization"},"potentialAction":[{"@type":"SearchAction","target":{"@type":"EntryPoint","urlTemplate":"https:\/\/ugis.it\/cms\/?s={search_term_string}"},"query-input":{"@type":"PropertyValueSpecification","valueRequired":true,"valueName":"search_term_string"}}],"inLanguage":"it-IT"},{"@type":"Organization","@id":"https:\/\/ugis.it\/cms\/#organization","name":"UGIS","url":"https:\/\/ugis.it\/cms\/","logo":{"@type":"ImageObject","inLanguage":"it-IT","@id":"https:\/\/ugis.it\/cms\/#\/schema\/logo\/image\/","url":"https:\/\/ugis.it\/cms\/wp-content\/uploads\/2015\/04\/logo-UGIS_colori.jpg","contentUrl":"https:\/\/ugis.it\/cms\/wp-content\/uploads\/2015\/04\/logo-UGIS_colori.jpg","width":198,"height":91,"caption":"UGIS"},"image":{"@id":"https:\/\/ugis.it\/cms\/#\/schema\/logo\/image\/"}},{"@type":"Person","@id":"https:\/\/ugis.it\/cms\/#\/schema\/person\/3426a286ac779ab16257bc88d3c3f3ae","name":"admin","image":{"@type":"ImageObject","inLanguage":"it-IT","@id":"https:\/\/secure.gravatar.com\/avatar\/d87740ae48acb65bc6e4a43afb77acf4603686788205398cd1ab799afefc609a?s=96&d=mm&r=g","url":"https:\/\/secure.gravatar.com\/avatar\/d87740ae48acb65bc6e4a43afb77acf4603686788205398cd1ab799afefc609a?s=96&d=mm&r=g","contentUrl":"https:\/\/secure.gravatar.com\/avatar\/d87740ae48acb65bc6e4a43afb77acf4603686788205398cd1ab799afefc609a?s=96&d=mm&r=g","caption":"admin"},"url":"https:\/\/ugis.it\/cms\/author\/admin\/"}]}},"_links":{"self":[{"href":"https:\/\/ugis.it\/cms\/wp-json\/wp\/v2\/posts\/1579035","targetHints":{"allow":["GET"]}}],"collection":[{"href":"https:\/\/ugis.it\/cms\/wp-json\/wp\/v2\/posts"}],"about":[{"href":"https:\/\/ugis.it\/cms\/wp-json\/wp\/v2\/types\/post"}],"author":[{"embeddable":true,"href":"https:\/\/ugis.it\/cms\/wp-json\/wp\/v2\/users\/6"}],"replies":[{"embeddable":true,"href":"https:\/\/ugis.it\/cms\/wp-json\/wp\/v2\/comments?post=1579035"}],"version-history":[{"count":1,"href":"https:\/\/ugis.it\/cms\/wp-json\/wp\/v2\/posts\/1579035\/revisions"}],"predecessor-version":[{"id":1580411,"href":"https:\/\/ugis.it\/cms\/wp-json\/wp\/v2\/posts\/1579035\/revisions\/1580411"}],"wp:featuredmedia":[{"embeddable":true,"href":"https:\/\/ugis.it\/cms\/wp-json\/wp\/v2\/media\/1579002"}],"wp:attachment":[{"href":"https:\/\/ugis.it\/cms\/wp-json\/wp\/v2\/media?parent=1579035"}],"wp:term":[{"taxonomy":"category","embeddable":true,"href":"https:\/\/ugis.it\/cms\/wp-json\/wp\/v2\/categories?post=1579035"},{"taxonomy":"post_tag","embeddable":true,"href":"https:\/\/ugis.it\/cms\/wp-json\/wp\/v2\/tags?post=1579035"}],"curies":[{"name":"wp","href":"https:\/\/api.w.org\/{rel}","templated":true}]}}